{"id":39231,"date":"2025-05-15T06:01:46","date_gmt":"2025-05-15T06:01:46","guid":{"rendered":"https:\/\/calatorinromania.com\/?p=39231"},"modified":"2025-05-15T06:01:47","modified_gmt":"2025-05-15T06:01:47","slug":"sofia-privea-in-ceasca-tacuta","status":"publish","type":"post","link":"https:\/\/calatorinromania.com\/?p=39231","title":{"rendered":"Sofia privea \u00een cea\u0219c\u0103, t\u0103cut\u0103&#8230;."},"content":{"rendered":"\n<p>Sofia privea \u00een cea\u0219c\u0103, t\u0103cut\u0103. Aburii se ridicau \u00een aerul cald al cafenelei, dar g\u00e2ndurile ei r\u0103t\u0103ceau departe. Oferta lui Lukas era ciudat\u0103, nea\u0219teptat\u0103, poate chiar riscant\u0103. Dar \u0219i promisiunea unui refugiu. Nu doar pentru ea. Pentru Oliver.<\/p>\n\n\n\n<p>\u2014 Dou\u0103 luni\u2026 \u2014 repet\u0103 ea \u00een \u0219oapt\u0103. \u2014 F\u0103r\u0103 \u00eentreb\u0103ri, f\u0103r\u0103 alte condi\u021bii?<\/p>\n\n\n\n<p>\u2014 Nicio \u00eentrebare, niciun angajament. Doar o \u00een\u021belegere \u00eentre doi oameni care au nevoie, fiecare \u00een felul s\u0103u, de o pauz\u0103.<\/p>\n\n\n\n<p>Lukas sim\u021bi un fior straniu. Nu se a\u0219teptase ca acea femeie necunoscut\u0103, cu ochi ad\u00e2nci \u0219i ton re\u021binut, s\u0103 \u00eel fac\u0103 s\u0103 se simt\u0103\u2026 \u00een\u021beles. Era ceva autentic \u00een felul ei simplu, re\u021binut, dar ferm. Nu juca un rol. Tr\u0103ia.<\/p>\n\n\n\n<p>S\u00e2mb\u0103t\u0103 diminea\u021b\u0103, Sofia \u0219i Oliver urcar\u0103 \u00een ma\u0219ina lui Lukas. B\u0103iatul, \u00een h\u0103inu\u021be curate dar uzate, privea curios interiorul ma\u0219inii elegante. Sofia \u00ee\u0219i \u021binea paltonul str\u00e2ns, de parc\u0103 ar fi vrut s\u0103 se apere de privirile luxoasei case ce se ivea \u00een fa\u021ba lor.<\/p>\n\n\n\n<p>\u2014 Bine a\u021bi venit acas\u0103, \u2014 spuse Lukas, deschiz\u00e2nd portiera. Cuvintele i se p\u0103rur\u0103 ciudate chiar \u0219i lui. Nu le mai rostise cu adev\u0103rat de ani.<\/p>\n\n\n\n<p>\u00cen zilele ce urmar\u0103, Sofia descoperi o lume pe care o uitase: mirosul de cafea diminea\u021ba, sunetul pa\u0219ilor lui Oliver alerg\u00e2nd pe sc\u0103rile de lemn, r\u00e2sul lui c\u00e2nd descoperea dulapuri pline cu juc\u0103rii uitate de vreme. Lukas, la r\u00e2ndul lui, se surprinse z\u00e2mbind mai des, observ\u00e2nd detalii ne\u00eensemnate alt\u0103dat\u0103: felul \u00een care Sofia \u00ee\u0219i str\u00e2ngea p\u0103rul, cum \u00ee\u0219i mu\u0219ca buza inferioar\u0103 c\u00e2nd citea, cum adormea sprijinit\u0103 de marginea canapelei, cu fiul ei \u00een bra\u021be.<\/p>\n\n\n\n<p>P\u0103rin\u021bii lui sosir\u0103 duminic\u0103 dup\u0103-amiaz\u0103. Hanna \u0219i Georg Meyer, elegan\u021bi, formali, dar cu o c\u0103ldur\u0103 autentic\u0103 \u00een privire.<\/p>\n\n\n\n<p>\u2014 A\u0219a deci, ne-ai \u021binut o surpriz\u0103! \u2014 zise Hanna, privindu-i pe Sofia \u0219i Oliver. \u2014 \u0218i ce b\u0103iat frumos! Cum te cheam\u0103, dragule?<\/p>\n\n\n\n<p>\u2014 Oliver, \u2014 spuse b\u0103iatul serios. \u2014 Eu sunt fiul Sofiei. \u0218i el e\u2026 \u2014 ezit\u0103 \u0219i apoi, f\u0103r\u0103 avertisment, apuc\u0103 m\u00e2na lui Lukas, \u2014 \u2026tati.<\/p>\n\n\n\n<p>O lini\u0219te profund\u0103 c\u0103zu peste \u00eenc\u0103pere. Sofia ro\u0219i puternic, \u00eencerc\u00e2nd s\u0103-l corecteze, dar Lukas str\u00e2nse u\u0219or m\u00e2na copilului.<\/p>\n\n\n\n<p>\u2014 Copiii spun uneori lucruri care vin din inim\u0103, \u2014 zise el simplu, uit\u00e2ndu-se \u00een ochii Sofiei.<\/p>\n\n\n\n<p>Masa decurse ciudat de firesc. P\u0103rin\u021bii lui Lukas p\u0103reau uimi\u021bi, dar \u0219i u\u0219ura\u021bi. Sofia vorbi cu elegan\u021b\u0103, f\u0103r\u0103 exager\u0103ri. Hanna \u00eei oferise o rochie simpl\u0103, dar de calitate. Sofia str\u0103lucea, f\u0103r\u0103 s-o \u0219tie.<\/p>\n\n\n\n<p>\u2014 Ea e diferit\u0103, \u2014 \u00eei \u0219opti Hanna so\u021bului ei mai t\u00e2rziu. \u2014 Nu \u0219tiu ce e \u00eentre ei, dar\u2026 e ceva real.<\/p>\n\n\n\n<p>Timpul trecea. Dou\u0103 luni deveniser\u0103 trei. Lukas nu mai voia s\u0103 vorbeasc\u0103 despre \u201e\u00eencheierea \u00een\u021belegerii\u201d. Sofia nu mai aducea vorba despre plecare. Oliver \u00eencepuse s\u0103-i spun\u0103 \u201etati\u201d tot mai des. Era firesc, natural, ca \u0219i cum \u00eentotdeauna fusese a\u0219a.<\/p>\n\n\n\n<p>\u00centr-o sear\u0103 de prim\u0103var\u0103, c\u00e2nd gr\u0103dina era plin\u0103 de flori \u0219i lumin\u0103 bl\u00e2nd\u0103, Lukas \u0219i Sofia ie\u0219ir\u0103 pe verand\u0103. El \u00eei \u00eentinse o cutie mic\u0103, de catifea.<\/p>\n\n\n\n<p>\u2014 Nu e ceea ce crezi, \u2014 spuse el z\u00e2mbind. \u2014 Nu te cer de so\u021bie. \u00cenc\u0103. Dar vreau s\u0103 \u0219tii c\u0103, dac\u0103 \u00eentr-o zi vei sim\u021bi acela\u0219i lucru\u2026 eu sunt aici.<\/p>\n\n\n\n<p>\u00cen cutie era un inel simplu, cu o piatr\u0103 alb\u0103 ca roua. L\u00e2ng\u0103 el \u2014 o cheie.<\/p>\n\n\n\n<p>\u2014 Asta e cheia inimii tale? \u2014 zise ea, cu o umbr\u0103 de z\u00e2mbet \u00een col\u021bul buzelor.<\/p>\n\n\n\n<p>\u2014 Nu. Asta e cheia casei noastre. Dac\u0103 vrei s\u0103 fie \u0219i a ta.<\/p>\n\n\n\n<p>Sofia nu r\u0103spunse imediat. Dar \u00een acea sear\u0103, c\u00e2nd Oliver adormi \u00eentre ei, \u021bin\u00e2ndu-i de m\u00e2n\u0103, \u0219tia deja r\u0103spunsul.<\/p>\n\n\n\n<p>C\u0103ci uneori, cele mai improbabile pove\u0219ti devin cele mai reale. Iar fericirea, c\u00e2nd o recuno\u0219ti, nu strig\u0103. Doar st\u0103 l\u00e2ng\u0103 tine, lini\u0219tit\u0103, \u0219i te \u021bine de m\u00e2n\u0103.<\/p>\n","protected":false},"excerpt":{"rendered":"<p>Sofia privea \u00een cea\u0219c\u0103, t\u0103cut\u0103. Aburii se ridicau \u00een aerul cald al cafenelei, dar g\u00e2ndurile ei r\u0103t\u0103ceau departe. Oferta lui Lukas era ciudat\u0103, nea\u0219teptat\u0103, poate<\/p>\n","protected":false},"author":1,"featured_media":39187,"comment_status":"closed","ping_status":"closed","sticky":false,"template":"","format":"standard","meta":[],"categories":[1],"tags":[],"_links":{"self":[{"href":"https:\/\/calatorinromania.com\/index.php?rest_route=\/wp\/v2\/posts\/39231"}],"collection":[{"href":"https:\/\/calatorinromania.com\/index.php?rest_route=\/wp\/v2\/posts"}],"about":[{"href":"https:\/\/calatorinromania.com\/index.php?rest_route=\/wp\/v2\/types\/post"}],"author":[{"embeddable":true,"href":"https:\/\/calatorinromania.com\/index.php?rest_route=\/wp\/v2\/users\/1"}],"replies":[{"embeddable":true,"href":"https:\/\/calatorinromania.com\/index.php?rest_route=%2Fwp%2Fv2%2Fcomments&post=39231"}],"version-history":[{"count":1,"href":"https:\/\/calatorinromania.com\/index.php?rest_route=\/wp\/v2\/posts\/39231\/revisions"}],"predecessor-version":[{"id":39232,"href":"https:\/\/calatorinromania.com\/index.php?rest_route=\/wp\/v2\/posts\/39231\/revisions\/39232"}],"wp:featuredmedia":[{"embeddable":true,"href":"https:\/\/calatorinromania.com\/index.php?rest_route=\/wp\/v2\/media\/39187"}],"wp:attachment":[{"href":"https:\/\/calatorinromania.com\/index.php?rest_route=%2Fwp%2Fv2%2Fmedia&parent=39231"}],"wp:term":[{"taxonomy":"category","embeddable":true,"href":"https:\/\/calatorinromania.com\/index.php?rest_route=%2Fwp%2Fv2%2Fcategories&post=39231"},{"taxonomy":"post_tag","embeddable":true,"href":"https:\/\/calatorinromania.com\/index.php?rest_route=%2Fwp%2Fv2%2Ftags&post=39231"}],"curies":[{"name":"wp","href":"https:\/\/api.w.org\/{rel}","templated":true}]}}