{"id":39214,"date":"2025-05-14T08:02:42","date_gmt":"2025-05-14T08:02:42","guid":{"rendered":"https:\/\/calatorinromania.com\/?p=39214"},"modified":"2025-05-14T08:02:43","modified_gmt":"2025-05-14T08:02:43","slug":"continuarea-aici-11","status":"publish","type":"post","link":"https:\/\/calatorinromania.com\/?p=39214","title":{"rendered":"Continuarea aici&#8230;"},"content":{"rendered":"\n<p>Gregor a r\u0103mas stan\u0103 de piatr\u0103. Tigroaica s-a apropiat \u00eencet, cu pa\u0219i aten\u021bi, \u021bin\u00e2nd cu grij\u0103 puiul \u00eentre col\u021bi. C\u00e2nd a fost suficient de aproape, l-a a\u0219ezat la marginea gr\u0103dinii, apoi a f\u0103cut c\u00e2\u021biva pa\u0219i \u00eenapoi, r\u0103m\u00e2n\u00e2nd \u00een a\u0219teptare. Puiul gemea slab, r\u0103nit la una dintre l\u0103bu\u021be \u0219i vizibil sl\u0103bit. Era clar c\u0103 avea nevoie de ajutor.<\/p>\n\n\n\n<p><\/p>\n\n\n\n<p>F\u0103r\u0103 s\u0103 clipeasc\u0103, Gregor s-a apropiat u\u0219or. Tigroaica nu s-a mi\u0219cat, dar \u00eei urm\u0103rea fiecare gest. C\u00e2nd b\u0103rbatul a ridicat puiul \u0219i s-a \u00eentors spre cas\u0103, fiara a scos un m\u00e2r\u00e2it profund, dar nu de amenin\u021bare \u2013 ci mai degrab\u0103 un sunet trist, plin de grij\u0103. Apoi, s-a \u00eentors \u00een p\u0103dure \u0219i a disp\u0103rut \u00een t\u0103cere.<\/p>\n\n\n\n<p><\/p>\n\n\n\n<p>Gregor \u0219i Marta au \u00eengrijit puiul peste noapte: l-au cur\u0103\u021bat, i-au sp\u0103lat rana \u0219i l-au \u00eenc\u0103lzit cu p\u0103turi \u0219i lapte cald. Luca, nepotul de 9 ani, \u00eel privea fascinat, numindu-l \u201eBrum\u201d. Diminea\u021ba a venit cu o surpriz\u0103 uria\u0219\u0103.<\/p>\n\n\n\n<p><\/p>\n\n\n\n<p>Pe c\u00e2nd abia se cr\u0103pa de ziu\u0103, dinspre p\u0103dure s-au auzit pa\u0219i. De data asta, nu era doar tigroaica. Cinci sau \u0219ase animale s\u0103lbatice \u2013 cerbi, o vulpe, dou\u0103 c\u0103prioare \u2013 st\u0103teau la marginea p\u0103durii, t\u0103cute. \u0218i \u00een mijloc, tigroaica, privind spre casa p\u0103durarului.<\/p>\n\n\n\n<p><\/p>\n\n\n\n<p>S\u0103tenii, trezi\u021bi de l\u0103tratul c\u00e2inilor, au ie\u0219it curio\u0219i. C\u00e2nd au v\u0103zut animalele, au \u00eenghe\u021bat. Nimeni nu mai v\u0103zuse vreodat\u0103 a\u0219a ceva. Fiare care, \u00een mod normal, s-ar fi ascuns sau s-ar fi atacat \u00eentre ele, st\u0103teau acum \u00eempreun\u0103, pa\u0219nice, ca \u0219i cum a\u0219teptau ceva. Pe dealuri, b\u0103tr\u00e2nii satului murmurau: \u201eA venit ziua p\u0103durii\u2026 Ziua \u00een care natura \u00ee\u0219i recunoa\u0219te oamenii cu suflet curat.\u201d<\/p>\n\n\n\n<p><\/p>\n\n\n\n<p>\u00cen urm\u0103toarele zile, via\u021ba \u00een sat s-a schimbat. Animalele veneau uneori aproape de gospod\u0103ria lui Gregor, dar nu atacau. P\u0103durarii din satele vecine au venit s\u0103 vad\u0103 cu ochii lor minunea. Iar Brum \u2013 puiul de tigru \u2013 se ref\u0103cea rapid, juc\u00e2ndu-se prin curte cu Luca.<\/p>\n\n\n\n<p><\/p>\n\n\n\n<p>Se spunea c\u0103 p\u0103durarul fusese ales. C\u0103 tigroaica \u00eel recunoscuse ca pe un ocrotitor al p\u0103durii. Iar ceea ce v\u0103zuse satul \u00een acea diminea\u021b\u0103\u2026 nu era doar o \u00eent\u00e2mplare. Era un semn.<\/p>\n\n\n\n<p><\/p>\n\n\n\n<p>Unii spun c\u0103, de atunci, niciun braconier nu a mai avut curaj s\u0103 se apropie de p\u0103durea lui Gregor Pavel. Al\u021bii povestesc c\u0103, \u00een serile senine, se mai z\u0103rea tigroaica st\u00e2nd pe culmea dealului, privind spre casa care i-a salvat puiul.<\/p>\n\n\n\n<p><\/p>\n\n\n\n<p>Dar to\u021bi, absolut to\u021bi, spun acela\u0219i lucru:<\/p>\n\n\n\n<p><br><strong>A fost ziua \u00een care p\u0103durea a vorbit. \u0218i a fost ascultat\u0103.<\/strong><\/p>\n\n\n\n<p><\/p>\n\n\n\n<p><strong>Anii au trecut.<\/strong> Brum a crescut repede. Din ghemotocul fragil, cu l\u0103bu\u021be tremur\u00e2nde \u0219i ochi curio\u0219i, a devenit un tigru impun\u0103tor, dar bl\u00e2nd. Crescuse al\u0103turi de Luca, alerg\u00e2nd prin poieni, juc\u00e2ndu-se prin z\u0103pad\u0103 iarna, st\u00e2nd lipit de veranda casei \u00een serile ploioase. \u00centre ei se legase o prietenie inexplicabil\u0103, de parc\u0103 sufletele lor fuseser\u0103 menite s\u0103 se \u00eent\u00e2lneasc\u0103.<\/p>\n\n\n\n<p><\/p>\n\n\n\n<p><strong>Luca, la r\u00e2ndul s\u0103u, nu era un copil obi\u0219nuit.<\/strong> Nu-i pl\u0103ceau jocurile pe telefon sau zgomotul ora\u0219ului. Vorbea cu arborii, st\u0103tea ore \u00eentregi l\u00e2ng\u0103 un p\u00e2r\u00e2u doar ascult\u00e2nd. B\u0103tr\u00e2na Ilinca, cunoscut\u0103 \u00een sat pentru cuno\u0219tin\u021bele ei str\u0103vechi, spunea c\u0103 \u201eb\u0103iatul simte p\u0103durea \u00een piept, a\u0219a cum al\u021bii simt inima\u201d.<\/p>\n\n\n\n<p><\/p>\n\n\n\n<p>\u00centr-o noapte, Luca a avut un vis ciudat. Se f\u0103cea c\u0103 mergea printr-o p\u0103dure nesf\u00e2r\u0219it\u0103, iar copacii \u00eei \u0219opteau numele. Brum mergea al\u0103turi de el, dar nu ca animal de companie, ci ca un frate. La marginea unei st\u00e2nci, o b\u0103tr\u00e2n\u0103 cu p\u0103r de cea\u021b\u0103 i-a spus:<\/p>\n\n\n\n<p><\/p>\n\n\n\n<p>\u2014 <strong>\u201eC\u00e2nd va veni timpul, p\u0103durea te va chema. \u0218i tu vei \u0219ti ce ai de f\u0103cut.\u201d<\/strong><\/p>\n\n\n\n<p><\/p>\n\n\n\n<p>Diminea\u021ba urm\u0103toare, Luca i-a spus totul bunicului s\u0103u, Gregor. B\u0103tr\u00e2nul a t\u0103cut o vreme, apoi i-a \u00eenm\u00e2nat un carne\u021bel legat cu sfoar\u0103.<\/p>\n\n\n\n<p><\/p>\n\n\n\n<p>\u2014 <strong>\u201eE timpul s\u0103 \u0219tii. Aici sunt noti\u021bele tat\u0103lui t\u0103u. \u0218i ale tat\u0103lui meu. Linia noastr\u0103 a fost legat\u0103 de p\u0103dure de genera\u021bii. Brum nu a ajuns aici \u00eent\u00e2mpl\u0103tor. Tu ai fost ales.\u201d<\/strong><\/p>\n\n\n\n<p><\/p>\n\n\n\n<p><strong>\u00cen acea var\u0103, p\u0103durea a \u00eenceput s\u0103 se schimbe.<\/strong> O companie mare voia s\u0103 defri\u0219eze o parte din ea pentru a construi un drum forestier. Animalele erau agitate, p\u0103durarii din alte zone priveau neputincio\u0219i. Dar Luca, acum adolescent, a \u0219tiut ce are de f\u0103cut.<\/p>\n\n\n\n<p><\/p>\n\n\n\n<p>\u00cempreun\u0103 cu Brum, a str\u0103b\u0103tut zeci de kilometri de p\u0103dure. A str\u00e2ns dovezi, a filmat col\u021burile de natur\u0103 care ar fi fost distruse. A trimis totul c\u0103tre o funda\u021bie de mediu, iar povestea lui \u2013 \u201e<strong>B\u0103iatul \u0219i tigrul crescut de oameni<\/strong>\u201d \u2013 a devenit viral\u0103. S-au str\u00e2ns mii de semn\u0103turi pentru protejarea p\u0103durii, iar proiectul a fost oprit.<\/p>\n\n\n\n<p>\u00cen ultima zi a verii, tigroaica \u2013 acum \u00eemb\u0103tr\u00e2nit\u0103 \u2013 s-a \u00eentors. A venit din ad\u00e2ncul codrilor \u0219i s-a a\u0219ezat al\u0103turi de fiul ei, privind c\u0103tre Luca. Apoi, cu un ultim m\u00e2r\u00e2it lini\u0219tit, s-a \u00eentors \u00een p\u0103dure\u2026 \u0219i nu a mai fost v\u0103zut\u0103 niciodat\u0103.<\/p>\n\n\n\n<p><strong>Luca a crescut.<\/strong> A devenit biolog, protector al naturii, un simbol viu al armoniei dintre om \u0219i s\u0103lb\u0103ticie. Brum l-a urmat peste tot, ca o umbr\u0103 loial\u0103 \u0219i t\u0103cut\u0103. Dar to\u021bi s\u0103tenii \u0219tiau un lucru: <strong>acel copil salvat de p\u0103dure a salvat la r\u00e2ndul s\u0103u p\u0103durea<\/strong>.<\/p>\n\n\n\n<p>\u0218i \u00eenc\u0103 mai sunt seri c\u00e2nd, la lumina lunii, pe dealurile din jur, se aud pa\u0219i mari \u0219i lini\u0219ti\u021bi\u2026 iar un tigru cu ochi bl\u00e2nzi vegheaz\u0103 peste sat.<\/p>\n","protected":false},"excerpt":{"rendered":"<p>Gregor a r\u0103mas stan\u0103 de piatr\u0103. Tigroaica s-a apropiat \u00eencet, cu pa\u0219i aten\u021bi, \u021bin\u00e2nd cu grij\u0103 puiul \u00eentre col\u021bi. C\u00e2nd a fost suficient de aproape,<\/p>\n","protected":false},"author":1,"featured_media":39187,"comment_status":"closed","ping_status":"closed","sticky":false,"template":"","format":"standard","meta":[],"categories":[1],"tags":[],"_links":{"self":[{"href":"https:\/\/calatorinromania.com\/index.php?rest_route=\/wp\/v2\/posts\/39214"}],"collection":[{"href":"https:\/\/calatorinromania.com\/index.php?rest_route=\/wp\/v2\/posts"}],"about":[{"href":"https:\/\/calatorinromania.com\/index.php?rest_route=\/wp\/v2\/types\/post"}],"author":[{"embeddable":true,"href":"https:\/\/calatorinromania.com\/index.php?rest_route=\/wp\/v2\/users\/1"}],"replies":[{"embeddable":true,"href":"https:\/\/calatorinromania.com\/index.php?rest_route=%2Fwp%2Fv2%2Fcomments&post=39214"}],"version-history":[{"count":1,"href":"https:\/\/calatorinromania.com\/index.php?rest_route=\/wp\/v2\/posts\/39214\/revisions"}],"predecessor-version":[{"id":39215,"href":"https:\/\/calatorinromania.com\/index.php?rest_route=\/wp\/v2\/posts\/39214\/revisions\/39215"}],"wp:featuredmedia":[{"embeddable":true,"href":"https:\/\/calatorinromania.com\/index.php?rest_route=\/wp\/v2\/media\/39187"}],"wp:attachment":[{"href":"https:\/\/calatorinromania.com\/index.php?rest_route=%2Fwp%2Fv2%2Fmedia&parent=39214"}],"wp:term":[{"taxonomy":"category","embeddable":true,"href":"https:\/\/calatorinromania.com\/index.php?rest_route=%2Fwp%2Fv2%2Fcategories&post=39214"},{"taxonomy":"post_tag","embeddable":true,"href":"https:\/\/calatorinromania.com\/index.php?rest_route=%2Fwp%2Fv2%2Ftags&post=39214"}],"curies":[{"name":"wp","href":"https:\/\/api.w.org\/{rel}","templated":true}]}}