{"id":39189,"date":"2025-05-13T07:43:32","date_gmt":"2025-05-13T07:43:32","guid":{"rendered":"https:\/\/calatorinromania.com\/?p=39189"},"modified":"2025-05-13T07:43:32","modified_gmt":"2025-05-13T07:43:32","slug":"fiica-mea-a-nascut-un-baietel-bucuria-a-fost-de-nedescris","status":"publish","type":"post","link":"https:\/\/calatorinromania.com\/?p=39189","title":{"rendered":"Fiica mea a n\u0103scut un b\u0103ie\u021bel. Bucuria a fost de nedescris"},"content":{"rendered":"\n<p>Atunci, st\u00e2nd cu m\u0103rul \u00een m\u00e2n\u0103, am \u00een\u021beles brusc ce fel de om am crescut: egoist \u0219i lipsit de inim\u0103. Unde oare am gre\u0219it? Am pus tot sufletul meu \u00een ea, am sus\u021binut-o, am ajutat-o, i-am fost mereu al\u0103turi \u2014 iar \u00een schimb am primit reci indiferen\u021b\u0103 \u0219i nerecuno\u0219tin\u021b\u0103.<\/p>\n\n\n\n<p>A doua zi nu m-am mai dus. I-am dat telefon la ora 8 diminea\u021ba:<\/p>\n\n\n\n<p><strong>Fiica mea mi-a interzis s\u0103 iau ceva din frigiderul lor, de\u0219i aveam grij\u0103 toat\u0103 ziua de nepot: iat\u0103 ce a trebuit s\u0103 fac.<\/strong><\/p>\n\n\n\n<p>\u2014 Draga mea, va trebui s\u0103 \u00ee\u021bi cau\u021bi o bon\u0103. Nu mai pot veni. Sunt prea b\u0103tr\u00e2n\u0103 ca s\u0103 m\u0103 simt str\u0103in\u0103 \u00eentr-o cas\u0103 \u00een care c\u00e2ndva domnea iubirea.<\/p>\n\n\n\n<p><strong>Fiica mea mi-a interzis s\u0103 iau ceva din frigiderul lor, de\u0219i aveam grij\u0103 toat\u0103 ziua de nepot: iat\u0103 ce a trebuit s\u0103 fac.<\/strong><\/p>\n\n\n\n<p>A fost \u0219ocat\u0103. A \u021bipat, m-a acuzat, dar eu nu mai eram dispus\u0103 s\u0103 fiu \u201econfortabil\u0103\u201d. \u00cel iubesc \u00een continuare pe nepotul meu din toat\u0103 inima. Dar nu voi mai permite s\u0103 fiu tratat\u0103 ca o servitoare. Nu sunt bon\u0103. Sunt mam\u0103. Sunt bunic\u0103. \u0218i merit respect.<\/p>\n\n\n\n<p><strong>Dac\u0103 \u021bi-a pl\u0103cut povestea, nu uita s\u0103 o distribui cu prietenii t\u0103i! \u00cempreun\u0103 putem duce mai departe emo\u021bia \u0219i inspira\u021bia.<\/strong> <\/p>\n","protected":false},"excerpt":{"rendered":"<p>Atunci, st\u00e2nd cu m\u0103rul \u00een m\u00e2n\u0103, am \u00een\u021beles brusc ce fel de om am crescut: egoist \u0219i lipsit de inim\u0103. Unde oare am gre\u0219it? Am<\/p>\n","protected":false},"author":1,"featured_media":39099,"comment_status":"closed","ping_status":"closed","sticky":false,"template":"","format":"standard","meta":[],"categories":[1],"tags":[],"_links":{"self":[{"href":"https:\/\/calatorinromania.com\/index.php?rest_route=\/wp\/v2\/posts\/39189"}],"collection":[{"href":"https:\/\/calatorinromania.com\/index.php?rest_route=\/wp\/v2\/posts"}],"about":[{"href":"https:\/\/calatorinromania.com\/index.php?rest_route=\/wp\/v2\/types\/post"}],"author":[{"embeddable":true,"href":"https:\/\/calatorinromania.com\/index.php?rest_route=\/wp\/v2\/users\/1"}],"replies":[{"embeddable":true,"href":"https:\/\/calatorinromania.com\/index.php?rest_route=%2Fwp%2Fv2%2Fcomments&post=39189"}],"version-history":[{"count":1,"href":"https:\/\/calatorinromania.com\/index.php?rest_route=\/wp\/v2\/posts\/39189\/revisions"}],"predecessor-version":[{"id":39190,"href":"https:\/\/calatorinromania.com\/index.php?rest_route=\/wp\/v2\/posts\/39189\/revisions\/39190"}],"wp:featuredmedia":[{"embeddable":true,"href":"https:\/\/calatorinromania.com\/index.php?rest_route=\/wp\/v2\/media\/39099"}],"wp:attachment":[{"href":"https:\/\/calatorinromania.com\/index.php?rest_route=%2Fwp%2Fv2%2Fmedia&parent=39189"}],"wp:term":[{"taxonomy":"category","embeddable":true,"href":"https:\/\/calatorinromania.com\/index.php?rest_route=%2Fwp%2Fv2%2Fcategories&post=39189"},{"taxonomy":"post_tag","embeddable":true,"href":"https:\/\/calatorinromania.com\/index.php?rest_route=%2Fwp%2Fv2%2Ftags&post=39189"}],"curies":[{"name":"wp","href":"https:\/\/api.w.org\/{rel}","templated":true}]}}