{"id":39186,"date":"2025-05-13T07:42:20","date_gmt":"2025-05-13T07:42:20","guid":{"rendered":"https:\/\/calatorinromania.com\/?p=39186"},"modified":"2025-05-13T07:42:21","modified_gmt":"2025-05-13T07:42:21","slug":"in-timpul-ceremoniei-de-nunta-un-ciobanesc-german-s-a-asezat-pe-neasteptate-in-calea-miresei","status":"publish","type":"post","link":"https:\/\/calatorinromania.com\/?p=39186","title":{"rendered":"\u00cen timpul ceremoniei de nunt\u0103, un ciob\u0103nesc german s-a a\u0219ezat pe nea\u0219teptate \u00een calea miresei"},"content":{"rendered":"\n<p>Ana s-a oprit. Oaspe\u021bii s-au privit \u00eentre ei, nedumeri\u021bi. Mirele s-a apropiat \u0219i el. Atunci, Ana a spus cu fermitate:<\/p>\n\n\n\n<p>\u2014 Mergem la clinica veterinar\u0103. Chiar acum.<\/p>\n\n\n\n<p>Nunta a fost anulat\u0103 pe loc. Rochia alb\u0103, muzica, florile \u2013 toate au r\u0103mas \u00een urm\u0103, \u00een timp ce ea, mirele \u0219i p\u0103rin\u021bii lor l-au urcat pe Rex \u00een ma\u0219in\u0103 \u0219i au plecat spre spital.<\/p>\n\n\n\n<p><strong>\u00cen timpul nun\u021bii, ciob\u0103nescul german s-a a\u0219ezat pe nea\u0219teptate \u00een calea miresei: o secund\u0103 mai t\u00e2rziu s-a \u00eent\u00e2mplat ceva nea\u0219teptat.<\/strong><\/p>\n\n\n\n<p>Medicii au pus diagnosticul: Rex suferea de insuficien\u021b\u0103 cardiac\u0103, iar zilele lui erau num\u0103rate \u2013 poate doar c\u00e2teva, cel mult c\u00e2teva s\u0103pt\u0103m\u00e2ni. Ana nu \u0219i-a putut st\u0103p\u00e2ni lacrimile.<\/p>\n\n\n\n<p>\u2014 Nu pot s\u0103 s\u0103rb\u0103toresc nunta \u0219tiind c\u0103 Rex se stinge. El este familia mea, \u2014 i-a spus ea mirelui. \u2014 Te rog, haide s\u0103 am\u00e2n\u0103m totul. Trebuie s\u0103 fiu l\u00e2ng\u0103 el.<\/p>\n\n\n\n<p>Mirele a \u00eembr\u0103\u021bi\u0219at-o str\u00e2ns \u0219i a fost de acord f\u0103r\u0103 ezitare.<\/p>\n\n\n\n<p>\u2014 Desigur, el e mai important. Vom face nunta mai t\u00e2rziu. Ceea ce conteaz\u0103 e s\u0103 fim al\u0103turi de cei pe care \u00eei iubim.<\/p>\n\n\n\n<p>\u0218i, dintr-odat\u0103, dup\u0103 c\u00e2teva ore, \u00een salonul veterinar au intrat p\u0103rin\u021bii Anei, p\u0103rin\u021bii mirelui\u2026 \u0219i un preot. Au adus verighetele, flori.<\/p>\n\n\n\n<p>\u2014 Ne-am g\u00e2ndit, \u2014 a spus tat\u0103l Anei, \u2014 c\u0103 dac\u0103 nunta trebuie s\u0103 fie \u00een prezen\u021ba tuturor celor dragi, atunci de ce s\u0103 nu o \u021binem aici? S\u0103 fie \u0219i Rex cu voi \u00een acel moment.<\/p>\n\n\n\n<p><strong>\u00cen timpul nun\u021bii, ciob\u0103nescul german s-a a\u0219ezat pe nea\u0219teptate \u00een calea miresei: o secund\u0103 mai t\u00e2rziu s-a \u00eent\u00e2mplat ceva nea\u0219teptat.<\/strong><\/p>\n\n\n\n<p>A\u0219a, chiar \u00een clinic\u0103, a avut loc o adev\u0103rat\u0103 \u0219i profund sincer\u0103 ceremonie. Ana, \u00eembr\u0103cat\u0103 \u00eentr-un simplu halat alb, mirele, \u00eentr-o c\u0103ma\u0219\u0103 cu m\u00e2necile suflecate, iar \u00eentre ei \u2014 Rex, care dormita lini\u0219tit, sim\u021bind dragostea ce-l \u00eenconjura din toate p\u0103r\u021bile.<\/p>\n\n\n\n<p><strong>Dac\u0103 \u021bi-a pl\u0103cut povestea, nu uita s\u0103 o distribui cu prietenii t\u0103i! \u00cempreun\u0103 putem duce mai departe emo\u021bia \u0219i inspira\u021bia.<\/strong><\/p>\n","protected":false},"excerpt":{"rendered":"<p>Ana s-a oprit. Oaspe\u021bii s-au privit \u00eentre ei, nedumeri\u021bi. Mirele s-a apropiat \u0219i el. Atunci, Ana a spus cu fermitate: \u2014 Mergem la clinica veterinar\u0103.<\/p>\n","protected":false},"author":1,"featured_media":39187,"comment_status":"closed","ping_status":"closed","sticky":false,"template":"","format":"standard","meta":[],"categories":[1],"tags":[],"_links":{"self":[{"href":"https:\/\/calatorinromania.com\/index.php?rest_route=\/wp\/v2\/posts\/39186"}],"collection":[{"href":"https:\/\/calatorinromania.com\/index.php?rest_route=\/wp\/v2\/posts"}],"about":[{"href":"https:\/\/calatorinromania.com\/index.php?rest_route=\/wp\/v2\/types\/post"}],"author":[{"embeddable":true,"href":"https:\/\/calatorinromania.com\/index.php?rest_route=\/wp\/v2\/users\/1"}],"replies":[{"embeddable":true,"href":"https:\/\/calatorinromania.com\/index.php?rest_route=%2Fwp%2Fv2%2Fcomments&post=39186"}],"version-history":[{"count":1,"href":"https:\/\/calatorinromania.com\/index.php?rest_route=\/wp\/v2\/posts\/39186\/revisions"}],"predecessor-version":[{"id":39188,"href":"https:\/\/calatorinromania.com\/index.php?rest_route=\/wp\/v2\/posts\/39186\/revisions\/39188"}],"wp:featuredmedia":[{"embeddable":true,"href":"https:\/\/calatorinromania.com\/index.php?rest_route=\/wp\/v2\/media\/39187"}],"wp:attachment":[{"href":"https:\/\/calatorinromania.com\/index.php?rest_route=%2Fwp%2Fv2%2Fmedia&parent=39186"}],"wp:term":[{"taxonomy":"category","embeddable":true,"href":"https:\/\/calatorinromania.com\/index.php?rest_route=%2Fwp%2Fv2%2Fcategories&post=39186"},{"taxonomy":"post_tag","embeddable":true,"href":"https:\/\/calatorinromania.com\/index.php?rest_route=%2Fwp%2Fv2%2Ftags&post=39186"}],"curies":[{"name":"wp","href":"https:\/\/api.w.org\/{rel}","templated":true}]}}