{"id":39172,"date":"2025-05-13T06:09:36","date_gmt":"2025-05-13T06:09:36","guid":{"rendered":"https:\/\/calatorinromania.com\/?p=39172"},"modified":"2025-05-13T06:09:36","modified_gmt":"2025-05-13T06:09:36","slug":"gasindu-le-pe-cele-doua-fetite-gemene-in-mijlocul-pustietatii-ivan-le-a-luat-cu-el-si-le-a-lasat-acasa-cu-sotia-lui-care-era-paralizata-iar-el-a-plecat-mai-departe","status":"publish","type":"post","link":"https:\/\/calatorinromania.com\/?p=39172","title":{"rendered":"G\u0103sindu-le pe cele dou\u0103 feti\u021be gemene \u00een mijlocul pustiet\u0103\u021bii, Ivan le-a luat cu el \u0219i le-a l\u0103sat acas\u0103 cu so\u021bia lui, care era paralizat\u0103, iar el a plecat mai departe."},"content":{"rendered":"\n<p>G\u0103sindu-le pe cele dou\u0103 feti\u021be gemene \u00een mijlocul pustiet\u0103\u021bii, Ivan le-a luat cu el \u0219i le-a l\u0103sat acas\u0103 cu so\u021bia lui, care era paralizat\u0103, iar el a plecat mai departe. Dar c\u00e2nd s-a \u00eentors diminea\u021ba devreme\u2026 A R\u0102MAS F\u0102R\u0102 CUVINTE&#8230;&nbsp;<img decoding=\"async\" loading=\"lazy\" src=\"https:\/\/static.xx.fbcdn.net\/images\/emoji.php\/v9\/tad\/1\/16\/1f632.png\" alt=\"\ud83d\ude32\" width=\"16\" height=\"16\"><img decoding=\"async\" loading=\"lazy\" src=\"https:\/\/static.xx.fbcdn.net\/images\/emoji.php\/v9\/tad\/1\/16\/1f632.png\" alt=\"\ud83d\ude32\" width=\"16\" height=\"16\"><img decoding=\"async\" loading=\"lazy\" src=\"https:\/\/static.xx.fbcdn.net\/images\/emoji.php\/v9\/tad\/1\/16\/1f632.png\" alt=\"\ud83d\ude32\" width=\"16\" height=\"16\"><\/p>\n\n\n\n<p>Ivan iubea tare mult natura. Nu putea trece nep\u0103s\u0103tor pe l\u00e2ng\u0103 mizerie f\u0103r\u0103 s\u0103 o str\u00e2ng\u0103. Era deja august, \u00eencepea s\u0103 se \u00eentunece devreme, iar nop\u021bile erau tot mai reci. De cum soarele se ascundea dup\u0103 v\u00e2rful copacilor, aerul devenea rece \u0219i umed.<\/p>\n\n\n\n<p>Se uit\u0103 Ivan \u2014 iar\u0103\u0219i plin de ambalaje, sticle de plastic \u0219i alte resturi l\u00e2ng\u0103 gard.<\/p>\n\n\n\n<p>&#8222;Dar ce oameni sunt \u0103\u0219tia? Le e greu s\u0103 le duc\u0103 p\u00e2n\u0103 la tomberon? De ce le las\u0103 aici?&#8221;<\/p>\n\n\n\n<p>Se apropie Ivan, se uit\u0103 mai bine \u2014 probabil c\u0103 ziua trecuser\u0103 ni\u0219te c\u00e2ini \u0219i-au \u00eempr\u0103\u0219tiat toate ambalajele dulci prin zon\u0103. Scoase o pung\u0103 din buzunar, avea mereu una la el, pentru orice eventualitate.<\/p>\n\n\n\n<p>Se apuc\u0103 s\u0103 str\u00e2ng\u0103. A adunat gr\u0103m\u0103joarele de gunoaie \u0219i a \u00eenceput s\u0103 caute \u0219i prin jur. Dar parc\u0103 tot p\u0103durea era plin\u0103.<\/p>\n\n\n\n<p>Nici nu \u0219i-a dat seama cum a ajuns tot mai ad\u00e2nc printre tufi\u0219uri. Deja se \u00eensera. \u0218i dintr-odat\u0103 aude\u2026 cineva pl\u00e2ngea.<\/p>\n\n\n\n<p>Un copil, poate?<\/p>\n\n\n\n<p>Se uit\u0103 \u00een jur \u2014 \u0219i surpriz\u0103: pe un trunchi de copac c\u0103zut st\u0103teau dou\u0103 feti\u021be, str\u00e2nse una-ntr-alta, tremur\u00e2nd de frig.<\/p>\n\n\n\n<p>Erau doar \u00een ni\u0219te rochi\u021be sub\u021biri, cu bretele. Pl\u00e2ngeau.<\/p>\n\n\n\n<p>Ivan s-a apropiat, s-a uitat mai atent \u2014 gemene. Ca dou\u0103 pic\u0103turi de ap\u0103.<\/p>\n\n\n\n<p>&#8222;Poate c\u0103 s-au dus dup\u0103 zmeur\u0103 pe furi\u0219 \u0219i s-au r\u0103t\u0103cit&#8221;, g\u00e2ndi el.<\/p>\n\n\n\n<p>\u0218i-a dat jos pelerina \u0219i le-a \u00eenvelit pe feti\u021be.<\/p>\n\n\n\n<p>\u2014 V-a\u021bi pierdut, a\u0219a-i? \u00eentreab\u0103 Ivan. Ele dau din cap c\u0103 da.<\/p>\n\n\n\n<p>\u2014 Eu sunt mo\u0219 Ivan, nu v\u0103 fie fric\u0103. Am fost p\u0103durar pe aici mai demult.<\/p>\n\n\n\n<p>\u2014 Haide\u021bi la mine, stau aproape, dup\u0103 moar\u0103, le zise el.<\/p>\n\n\n\n<p>Feti\u021bele au cobor\u00e2t de pe trunchi, \u0219i-au \u0219ters lacrimile cu pumni\u0219orii \u0219i au dat din cap c\u0103 vin.<\/p>\n\n\n\n<p>Au ie\u0219it la drum, au ocolit moara \u0219i iat\u0103 casa lui Ivan, ultima din sat. Au intrat \u00een\u0103untru. Ivan le-a pus la mas\u0103 \u0219i le-a turnat ceai fierbinte.<\/p>\n\n\n\n<p>Se g\u00e2ndi: &#8222;Le las la mine p\u00e2n\u0103 una-alta, m\u0103 duc s\u0103 mai termin ni\u0219te treburi&#8230;&#8221;<\/p>\n\n\n\n<p>\u2014 Hai s\u0103 ne uit\u0103m la m\u0103tu\u0219a, zise una dintre surori.<\/p>\n\n\n\n<p>\u2014 Dar n-a zis nenea Ivan c\u0103 nu e voie? r\u0103spunse cealalt\u0103.<\/p>\n\n\n\n<p>\u2014 Doar ne uit\u0103m cu un ochi, nu atingem nimic, promitem, spuse prima.<\/p>\n\n\n\n<p>\u2014 Bine, doar un pic, zise cealalt\u0103. A\u0219a fac gemenii de obicei.<\/p>\n\n\n\n<p>Una propune, cealalt\u0103 accept\u0103. A\u0219a era \u0219i cu Arina \u0219i Marina. Marina era lini\u0219tit\u0103, cuminte.<\/p>\n\n\n\n<p>Dar Arina\u2026 Arina mereu c\u0103uta aventuri \u0219i nu doar pentru ea.<\/p>\n\n\n\n<p>Feti\u021bele au deschis u\u0219a \u00eenceti\u0219or, \u0219i-au strecurat capul \u00een camer\u0103. Pe pat z\u0103cea o femeie&#8230;<\/p>\n\n\n\n<p>C\u00e2nd s-a \u00eentors diminea\u021ba, Ivan A \u00ceNGHE\u021aAT DE SPERIETUR\u0102&#8230;&nbsp;<img decoding=\"async\" loading=\"lazy\" src=\"https:\/\/static.xx.fbcdn.net\/images\/emoji.php\/v9\/tad\/1\/16\/1f632.png\" alt=\"\ud83d\ude32\" width=\"16\" height=\"16\"><img decoding=\"async\" loading=\"lazy\" src=\"https:\/\/static.xx.fbcdn.net\/images\/emoji.php\/v9\/tad\/1\/16\/1f632.png\" alt=\"\ud83d\ude32\" width=\"16\" height=\"16\"><img decoding=\"async\" loading=\"lazy\" src=\"https:\/\/static.xx.fbcdn.net\/images\/emoji.php\/v9\/tad\/1\/16\/1f632.png\" alt=\"\ud83d\ude32\" width=\"16\" height=\"16\"><\/p>\n\n\n\n<p>Continuarea o g\u0103se\u0219ti \u00een primul comentariu sub poz\u0103&nbsp;<img decoding=\"async\" loading=\"lazy\" src=\"https:\/\/static.xx.fbcdn.net\/images\/emoji.php\/v9\/t4f\/1\/16\/1f447.png\" alt=\"\ud83d\udc47\" width=\"16\" height=\"16\"><img decoding=\"async\" loading=\"lazy\" src=\"https:\/\/static.xx.fbcdn.net\/images\/emoji.php\/v9\/t4f\/1\/16\/1f447.png\" alt=\"\ud83d\udc47\" width=\"16\" height=\"16\"><img decoding=\"async\" loading=\"lazy\" src=\"https:\/\/static.xx.fbcdn.net\/images\/emoji.php\/v9\/t4f\/1\/16\/1f447.png\" alt=\"\ud83d\udc47\" width=\"16\" height=\"16\"><\/p>\n","protected":false},"excerpt":{"rendered":"<p>G\u0103sindu-le pe cele dou\u0103 feti\u021be gemene \u00een mijlocul pustiet\u0103\u021bii, Ivan le-a luat cu el \u0219i le-a l\u0103sat acas\u0103 cu so\u021bia lui, care era paralizat\u0103, iar<\/p>\n","protected":false},"author":1,"featured_media":39099,"comment_status":"closed","ping_status":"closed","sticky":false,"template":"","format":"standard","meta":[],"categories":[1],"tags":[],"_links":{"self":[{"href":"https:\/\/calatorinromania.com\/index.php?rest_route=\/wp\/v2\/posts\/39172"}],"collection":[{"href":"https:\/\/calatorinromania.com\/index.php?rest_route=\/wp\/v2\/posts"}],"about":[{"href":"https:\/\/calatorinromania.com\/index.php?rest_route=\/wp\/v2\/types\/post"}],"author":[{"embeddable":true,"href":"https:\/\/calatorinromania.com\/index.php?rest_route=\/wp\/v2\/users\/1"}],"replies":[{"embeddable":true,"href":"https:\/\/calatorinromania.com\/index.php?rest_route=%2Fwp%2Fv2%2Fcomments&post=39172"}],"version-history":[{"count":1,"href":"https:\/\/calatorinromania.com\/index.php?rest_route=\/wp\/v2\/posts\/39172\/revisions"}],"predecessor-version":[{"id":39173,"href":"https:\/\/calatorinromania.com\/index.php?rest_route=\/wp\/v2\/posts\/39172\/revisions\/39173"}],"wp:featuredmedia":[{"embeddable":true,"href":"https:\/\/calatorinromania.com\/index.php?rest_route=\/wp\/v2\/media\/39099"}],"wp:attachment":[{"href":"https:\/\/calatorinromania.com\/index.php?rest_route=%2Fwp%2Fv2%2Fmedia&parent=39172"}],"wp:term":[{"taxonomy":"category","embeddable":true,"href":"https:\/\/calatorinromania.com\/index.php?rest_route=%2Fwp%2Fv2%2Fcategories&post=39172"},{"taxonomy":"post_tag","embeddable":true,"href":"https:\/\/calatorinromania.com\/index.php?rest_route=%2Fwp%2Fv2%2Ftags&post=39172"}],"curies":[{"name":"wp","href":"https:\/\/api.w.org\/{rel}","templated":true}]}}