{"id":39159,"date":"2025-05-12T07:00:07","date_gmt":"2025-05-12T07:00:07","guid":{"rendered":"https:\/\/calatorinromania.com\/?p=39159"},"modified":"2025-05-12T07:00:08","modified_gmt":"2025-05-12T07:00:08","slug":"marina-a-auzit-din-greseala-o-conversatie-a-sotului-ei-cu-o-fata-careia-ii-spunea-pisicuta-si-puiut","status":"publish","type":"post","link":"https:\/\/calatorinromania.com\/?p=39159","title":{"rendered":"Marina a auzit din gre\u0219eal\u0103 o conversa\u021bie a so\u021bului ei cu o fat\u0103 c\u0103reia \u00eei spunea \u201episicu\u021b\u0103\u201d \u0219i \u201epuiu\u021b\u201d."},"content":{"rendered":"\n<p>\u2014 Ce naiba face\u021bi aici?! \u2014 a izbucnit Marinka, cu ochii aprin\u0219i de furie.<br>Vitali a s\u0103rit din pat, \u00eencerc\u00e2nd s\u0103-\u0219i acopere ru\u0219inea cu un cear\u0219af. Lilia, palid\u0103 ca varul, r\u0103mase \u00eencremenit\u0103, tr\u0103g\u00e2ndu-\u0219i repede tricoul peste cap.<br>\u2014 Marinka\u2026 nu e ce crezi tu\u2026 \u2014 b\u00e2igui Vitali.<br>\u2014 Ah, nu? P\u0103i zi-mi tu ce cred eu! C\u0103 a\u021bi \u00eenchiriat circ \u0219i repeta\u021bi numere cu pisicu\u021be? C\u0103 asta aud eu la tine de o s\u0103pt\u0103m\u00e2n\u0103!<\/p>\n\n\n\n<p>Iar Ionu\u021b, so\u021bul Lilei, f\u0103cu doi pa\u0219i \u00eenainte \u0219i se uit\u0103 la ea de parc\u0103 n-o v\u0103zuse niciodat\u0103:<br>\u2014 Lilia\u2026 te ui\u021bi \u00een ochii mei \u0219i-mi spui c\u0103 nu e\u0219ti o mincinoas\u0103 \u0219i o tr\u0103d\u0103toare?<\/p>\n\n\n\n<p>Lilia se foi jenat\u0103, \u00eencerc\u00e2nd o voce bl\u00e2nd\u0103:<br>\u2014 Ionu\u021b, eu\u2026 nu voiam s\u0103 afli a\u0219a\u2026 a fost\u2026 o gre\u0219eal\u0103\u2026<br>\u2014 A fost? \u2014 i-a t\u0103iat-o el scurt. \u2014 De c\u00e2te ori? Hai, dac\u0103 tot suntem aici \u0219i ne-am adunat to\u021bi, spune!<\/p>\n\n\n\n<p>Vitali \u00eencerca s\u0103-\u0219i p\u0103streze calmul, dar glasul lui tremura:<br>\u2014 Hai, gata, c\u0103 nu e nevoie s\u0103 facem spectacol! A fost\u2026 da, ne-am v\u0103zut de c\u00e2teva ori. Dar poate ar trebui \u0219i voi s\u0103 v\u0103 \u00eentreba\u021bi ce lipse\u0219te din rela\u021biile voastre!<\/p>\n\n\n\n<p>\u2014 Nu! \u2014 a zis Marinka tare, ridic\u00e2nd m\u00e2na. \u2014 Nu \u00eencerca s\u0103 arunci vina pe mine. C\u00e2nd ceva nu merge, oamenii maturi vorbesc, nu se bag\u0103 \u00een pat cu altcineva! \u0218i oricum, dac\u0103 tot \u00ee\u021bi lipsea ceva, de ce te-ai c\u0103s\u0103torit cu mine?<\/p>\n\n\n\n<p>Vitali a t\u0103cut. Era clar c\u0103 nu avea r\u0103spuns.<\/p>\n\n\n\n<p>Ionu\u021b a f\u0103cut un pas \u00een spate \u0219i a dat din cap:<br>\u2014 Eu zic a\u0219a: fiecare pleac\u0103 pe drumul lui. Lilia, te descurci singur\u0103 de-acum. \u0218i tu, Marinka\u2026 \u00eemi pare sincer r\u0103u c\u0103 ai aflat a\u0219a, dar ai fost tare.<\/p>\n\n\n\n<p>Marinka se uita la el. Parc\u0103 i se luase un v\u0103l de pe ochi.<br>\u2014 Mul\u021bumesc, Ionu\u021b. Ai dreptate. Gata cu teatrul. Vitali, ia-\u021bi hainele \u0219i du-te. Nu mai avem ce discuta.<br>\u2014 Marinka\u2026 te rog\u2026<br>\u2014 Nu. Ai avut \u0219ansa ta. Mai multe, de fapt. \u0218i le-ai pierdut. Ie\u0219i.<\/p>\n\n\n\n<p>Vitali s-a \u00eembr\u0103cat \u00een grab\u0103, ro\u0219u la fa\u021b\u0103, \u0219i a ie\u0219it din apartament f\u0103r\u0103 s\u0103 mai spun\u0103 nimic. Lilia a \u00eencercat \u0219i ea s\u0103 se strecoare afar\u0103, dar Marinka a oprit-o:<br>\u2014 Stai. S\u0103-\u021bi zic ceva. Data viitoare c\u00e2nd pui ochii pe un b\u0103rbat \u00eensurat, g\u00e2nde\u0219te-te dac\u0103 merit\u0103 s\u0103 fii a doua op\u021biune.<br>\u2014 N-o s\u0103 se mai \u00eent\u00e2mple, crede-m\u0103\u2026<br>\u2014 Nu m\u0103 intereseaz\u0103 ce faci, sincer. S\u0103 nu te mai v\u0103d nici \u00een blocul \u0103sta.<\/p>\n\n\n\n<p>C\u00e2nd u\u0219a s-a \u00eenchis, Marinka a sim\u021bit cum i se \u00eenmoaie picioarele. A c\u0103zut pe canapea \u0219i a oftat ad\u00e2nc. Ionu\u021b s-a apropiat, i-a pus o m\u00e2n\u0103 pe um\u0103r.<br>\u2014 Vrei s\u0103 r\u0103m\u00e2n un pic? S\u0103 nu fii singur\u0103?<br>\u2014 Nu\u2026 dar mul\u021bumesc. Cred c\u0103 vreau s\u0103 fiu singur\u0103, dar pe bune, \u00ee\u021bi mul\u021bumesc c\u0103 ai venit. A fost nevoie de curaj.<\/p>\n\n\n\n<p>\u2014 \u0218i tu ai avut. Ai fost puternic\u0103. Dac\u0103 ai nevoie vreodat\u0103 s\u0103 vorbe\u0219ti cu cineva\u2026 \u0219tii unde m\u0103 g\u0103se\u0219ti.<\/p>\n\n\n\n<p>El i-a l\u0103sat o carte de vizit\u0103 \u0219i a plecat.<\/p>\n\n\n\n<p>Marinka a r\u0103mas privind \u00een gol c\u00e2teva minute. Apoi s-a ridicat, a tras a\u0219ternuturile din dormitor \u0219i le-a aruncat \u00een ma\u0219ina de sp\u0103lat.<br>\u2014 S\u0103 \u00eencep cu cur\u0103\u021benia. \u0218i \u00een cas\u0103\u2026 \u0219i \u00een via\u021b\u0103, \u2014 \u0219i-a zis ea cu voce tare.<\/p>\n\n\n\n<p>S-a uitat \u00een oglind\u0103. Ochii \u00eei erau obosi\u021bi, dar parc\u0103 altfel. Parc\u0103 avea \u00een ei o lumin\u0103 nou\u0103 \u2014 a uneia care tocmai a ie\u0219it dintr-o minciun\u0103 \u0219i vede \u00een sf\u00e2r\u0219it clar.<\/p>\n\n\n\n<p>\u2014 Asta-i via\u021ba, Marinka, \u2014 \u0219i-a spus. \u2014 Mai bine singur\u0103 dec\u00e2t cu un \u201emot\u0103nel\u201d mincinos.<\/p>\n\n\n\n<p>\u0218i a z\u00e2mbit pentru prima dat\u0103 \u00een seara aia.<\/p>\n","protected":false},"excerpt":{"rendered":"<p>\u2014 Ce naiba face\u021bi aici?! \u2014 a izbucnit Marinka, cu ochii aprin\u0219i de furie.Vitali a s\u0103rit din pat, \u00eencerc\u00e2nd s\u0103-\u0219i acopere ru\u0219inea cu un cear\u0219af.<\/p>\n","protected":false},"author":1,"featured_media":39099,"comment_status":"closed","ping_status":"closed","sticky":false,"template":"","format":"standard","meta":[],"categories":[1],"tags":[],"_links":{"self":[{"href":"https:\/\/calatorinromania.com\/index.php?rest_route=\/wp\/v2\/posts\/39159"}],"collection":[{"href":"https:\/\/calatorinromania.com\/index.php?rest_route=\/wp\/v2\/posts"}],"about":[{"href":"https:\/\/calatorinromania.com\/index.php?rest_route=\/wp\/v2\/types\/post"}],"author":[{"embeddable":true,"href":"https:\/\/calatorinromania.com\/index.php?rest_route=\/wp\/v2\/users\/1"}],"replies":[{"embeddable":true,"href":"https:\/\/calatorinromania.com\/index.php?rest_route=%2Fwp%2Fv2%2Fcomments&post=39159"}],"version-history":[{"count":1,"href":"https:\/\/calatorinromania.com\/index.php?rest_route=\/wp\/v2\/posts\/39159\/revisions"}],"predecessor-version":[{"id":39160,"href":"https:\/\/calatorinromania.com\/index.php?rest_route=\/wp\/v2\/posts\/39159\/revisions\/39160"}],"wp:featuredmedia":[{"embeddable":true,"href":"https:\/\/calatorinromania.com\/index.php?rest_route=\/wp\/v2\/media\/39099"}],"wp:attachment":[{"href":"https:\/\/calatorinromania.com\/index.php?rest_route=%2Fwp%2Fv2%2Fmedia&parent=39159"}],"wp:term":[{"taxonomy":"category","embeddable":true,"href":"https:\/\/calatorinromania.com\/index.php?rest_route=%2Fwp%2Fv2%2Fcategories&post=39159"},{"taxonomy":"post_tag","embeddable":true,"href":"https:\/\/calatorinromania.com\/index.php?rest_route=%2Fwp%2Fv2%2Ftags&post=39159"}],"curies":[{"name":"wp","href":"https:\/\/api.w.org\/{rel}","templated":true}]}}