{"id":39155,"date":"2025-05-10T20:00:47","date_gmt":"2025-05-10T20:00:47","guid":{"rendered":"https:\/\/calatorinromania.com\/?p=39155"},"modified":"2025-05-10T20:00:48","modified_gmt":"2025-05-10T20:00:48","slug":"colegul-de-clasa-a-abuzat-o-si-ea-a-ramas-insarcinata-de-la-el-dar-s-a-maritat-cu-tatal-lui-si-atunci","status":"publish","type":"post","link":"https:\/\/calatorinromania.com\/?p=39155","title":{"rendered":"\u201eColegul de clas\u0103 a abuzat-o, \u0219i ea a r\u0103mas \u00eens\u0103rcinat\u0103 de la el. Dar s-a m\u0103ritat cu tat\u0103l lui, \u0219i atunci&#8230;\u201d"},"content":{"rendered":"\n<p>\u2014 Stai, Yulia\u2026 doar o clip\u0103, te rog, \u2014 spuse Vadim Sergheevici, tat\u0103l lui Nikita, cu voce joas\u0103.<\/p>\n\n\n\n<p>\u2014 Nu am nimic de vorbit cu tine! \u2014 i-a r\u0103spuns fata, f\u0103r\u0103 s\u0103-l priveasc\u0103.<\/p>\n\n\n\n<p>\u2014 \u0218tiu\u2026 \u0219i ai tot dreptul s\u0103 m\u0103 ur\u0103\u0219ti. Nu pentru ce a f\u0103cut el, ci pentru c\u0103 am fost orb. Pentru c\u0103 am fost prost \u0219i l-am ap\u0103rat prea mult, to\u021bi anii \u0103\u0219tia\u2026<\/p>\n\n\n\n<p>Yulia s-a oprit. A oftat ad\u00e2nc, dar n-a spus nimic.<\/p>\n\n\n\n<p>\u2014 Nu vreau s\u0103 te opresc din ce ai hot\u0103r\u00e2t. E alegerea ta. Vreau doar s\u0103-\u021bi spun c\u0103, dac\u0103 ai nevoie de sprijin\u2026 orice fel de sprijin, eu sunt aici. Nu pentru c\u0103 vreau s\u0103 repar ceva. Asta nu se mai poate. Dar poate pot ajuta, c\u00e2t de pu\u021bin.<\/p>\n\n\n\n<p>\u2014 De ce? De ce abia acum? Unde ai fost c\u00e2nd m\u0103 amenin\u021ba? C\u00e2nd \u00eemi r\u00e2deau \u00een fa\u021b\u0103 to\u021bi golanii \u0103ia? \u2014 l-a \u00eentrebat, cu lacrimi \u00een ochi.<\/p>\n\n\n\n<p>\u2014 Eram ocupat s\u0103 m\u0103 mint. C\u0103 nu poate fi a\u0219a r\u0103u. C\u0103-i doar un b\u0103iat\u2026 C\u0103 o s\u0103 se cumin\u021beasc\u0103. Dar m-am trezit prea t\u00e2rziu. Nu mai cer iertare. Nu merit.<\/p>\n\n\n\n<p>\u2014 Nu. Nu meri\u021bi, \u2014 a zis Yulia \u0219i a trecut mai departe.<\/p>\n\n\n\n<hr class=\"wp-block-separator has-alpha-channel-opacity\"\/>\n\n\n\n<p>A doua zi, \u00eempreun\u0103 cu mama ei, a intrat \u00een cabinet. Doctori\u021ba a fost calm\u0103, cald\u0103. A ascultat-o. I-a f\u0103cut toate testele \u0219i apoi i-a spus:<\/p>\n\n\n\n<p>\u2014 Yulia, e\u0219ti \u00eens\u0103rcinat\u0103 \u00een cinci s\u0103pt\u0103m\u00e2ni. E devreme. Dac\u0103 dore\u0219ti \u00eentreruperea, putem programa \u00een c\u00e2teva zile.<\/p>\n\n\n\n<p>Yulia a dat din cap. Mama ei i-a str\u00e2ns m\u00e2na.<\/p>\n\n\n\n<p>\u2014 Vreau\u2026 dar a\u0219 vrea \u0219i o consiliere. Nu vreau s\u0103 decid din fric\u0103.<\/p>\n\n\n\n<p>\u2014 A\u0219a e bine. A\u0219a trebuie, \u2014 a spus doctori\u021ba.<\/p>\n\n\n\n<hr class=\"wp-block-separator has-alpha-channel-opacity\"\/>\n\n\n\n<p>Timpul a trecut. \u00centre timp, procesul lui Nikita a ajuns \u0219i la \u0219tiri locale. Comunitatea era \u00eemp\u0103r\u021bit\u0103. Unii \u00eel acuzau, al\u021bii credeau c\u0103 fata a exagerat. Dar dovezile erau clare. Analizele, martorii, totul.<\/p>\n\n\n\n<p>Judec\u0103torul a fost sever:<\/p>\n\n\n\n<p>\u2014 Comportamentul inculpatului dovede\u0219te premeditare \u0219i lips\u0103 total\u0103 de empatie. Se condamn\u0103 la 9 ani de \u00eenchisoare cu executare.<\/p>\n\n\n\n<p>\u00cen sal\u0103, Vadim Sergheevici nu a schi\u021bat niciun gest. Doar a oftat. Yulia a sim\u021bit un fel de gol. Nu bucurie. Nu u\u0219urare. Doar t\u0103cere.<\/p>\n\n\n\n<hr class=\"wp-block-separator has-alpha-channel-opacity\"\/>\n\n\n\n<p>C\u00e2teva luni mai t\u00e2rziu, Yulia a decis s\u0103 p\u0103streze copilul.<\/p>\n\n\n\n<p>\u2014 Nu pot tr\u0103i cu ideea c\u0103 omor ceva nevinovat. Ce a fost cu Nikita\u2026 e groaznic. Dar copilul n-are vin\u0103. \u0218i nu sunt singur\u0103. Am pe mama, pe tata, pe voi to\u021bi, \u2014 le-a spus ea prietenelor ei.<\/p>\n\n\n\n<p>S-a mutat la bunici, unde era lini\u0219te. A continuat \u0219coala online. \u00cenv\u0103\u021ba pentru examene \u0219i mergea la control lunar. Bebelu\u015ful cre\u015ftea. Cu timpul, a sim\u021bit c\u0103 nu mai e doar o victim\u0103. Era mam\u0103. \u0218i sim\u021bea ceva ce nu mai sim\u021bise de luni \u00eentregi \u2014 un rost.<\/p>\n\n\n\n<hr class=\"wp-block-separator has-alpha-channel-opacity\"\/>\n\n\n\n<p>A venit \u0219i ziua na\u0219terii. A fost greu, dar c\u00e2nd l-a \u021binut \u00een bra\u021be pe micu\u021bul ei, a pl\u00e2ns altfel.<\/p>\n\n\n\n<p>\u2014 S\u0103 fii altfel dec\u00e2t tat\u0103l t\u0103u. S\u0103 fii bun, micu\u021bule. S\u0103 fii liber.<\/p>\n\n\n\n<p>L-a numit Ilie, dup\u0103 bunicul ei.<\/p>\n\n\n\n<hr class=\"wp-block-separator has-alpha-channel-opacity\"\/>\n\n\n\n<p>Trei ani mai t\u00e2rziu, Yulia era student\u0103 la psihologie. \u00cei pl\u0103cea s\u0103 \u00een\u021beleag\u0103 oamenii. S\u0103-i ajute. Ilie mergea la gr\u0103dini\u021b\u0103. Era vesel, cuminte \u0219i curios. Sem\u0103na cu ea.<\/p>\n\n\n\n<p>\u00centr-o zi, \u00een fa\u021ba blocului, l-a v\u0103zut pe Vadim Sergheevici. \u00cemb\u0103tr\u00e2nise. St\u0103tea cu o cutie mic\u0103 \u00een m\u00e2n\u0103.<\/p>\n\n\n\n<p>\u2014 Pot? \u2014 a \u00eentrebat el, ar\u0103t\u00e2nd spre banc\u0103.<\/p>\n\n\n\n<p>\u2014 Nu-l voi l\u0103sa niciodat\u0103 s\u0103 te cunoasc\u0103, dac\u0103 asta vrei.<\/p>\n\n\n\n<p>\u2014 \u0218tiu. Nu e pentru asta. Doar\u2026 voiam s\u0103-i las ceva. Dac\u0103, vreodat\u0103, vrei s\u0103-i spui. Dac\u0103 nu\u2026 arunc-o.<\/p>\n\n\n\n<p>I-a dat cutia. \u00cen\u0103untru era un ursule\u021b de plu\u0219 \u0219i o scrisoare:<\/p>\n\n\n\n<blockquote class=\"wp-block-quote\">\n<p><em>Drag\u0103 Ilie,<br>N-ai nicio vin\u0103 pentru trecutul nostru. Tat\u0103l t\u0103u a gre\u0219it. Eu am gre\u0219it \u0219i mai mult. Dar tu e\u0219ti \u00eenceputul. E\u0219ti ce a r\u0103s\u0103rit din cenu\u0219\u0103. Fii bun. Fii drept. \u0218i iube\u0219te-\u021bi mama. E cel mai curajos om pe care-l cunosc.<br>Un om care a gre\u0219it, dar vrea s\u0103 cread\u0103 \u00een ceva bun,<br>V.S.<\/em><\/p>\n<\/blockquote>\n\n\n\n<p>Yulia a citit \u0219i a oftat.<\/p>\n\n\n\n<p>\u2014 Poate, \u00eentr-o zi, o s-o citeasc\u0103. Nu azi. Nu m\u00e2ine. Dar poate\u2026 \u2014 a zis ea, pun\u00e2nd cutia \u00een geanta ei.<\/p>\n\n\n\n<p>Vadim a plecat f\u0103r\u0103 un cuv\u00e2nt.<\/p>\n\n\n\n<p>Ilie a alergat spre ea.<\/p>\n\n\n\n<p>\u2014 Mami! Mami, uite ce frunz\u0103 mare!<\/p>\n\n\n\n<p>Yulia l-a luat \u00een bra\u021be.<\/p>\n\n\n\n<p>\u2014 Hai acas\u0103, iubirea mea. Ne a\u0219teapt\u0103 lumea. <\/p>\n","protected":false},"excerpt":{"rendered":"<p>\u2014 Stai, Yulia\u2026 doar o clip\u0103, te rog, \u2014 spuse Vadim Sergheevici, tat\u0103l lui Nikita, cu voce joas\u0103. \u2014 Nu am nimic de vorbit cu<\/p>\n","protected":false},"author":1,"featured_media":39086,"comment_status":"closed","ping_status":"closed","sticky":false,"template":"","format":"standard","meta":[],"categories":[1],"tags":[],"_links":{"self":[{"href":"https:\/\/calatorinromania.com\/index.php?rest_route=\/wp\/v2\/posts\/39155"}],"collection":[{"href":"https:\/\/calatorinromania.com\/index.php?rest_route=\/wp\/v2\/posts"}],"about":[{"href":"https:\/\/calatorinromania.com\/index.php?rest_route=\/wp\/v2\/types\/post"}],"author":[{"embeddable":true,"href":"https:\/\/calatorinromania.com\/index.php?rest_route=\/wp\/v2\/users\/1"}],"replies":[{"embeddable":true,"href":"https:\/\/calatorinromania.com\/index.php?rest_route=%2Fwp%2Fv2%2Fcomments&post=39155"}],"version-history":[{"count":1,"href":"https:\/\/calatorinromania.com\/index.php?rest_route=\/wp\/v2\/posts\/39155\/revisions"}],"predecessor-version":[{"id":39156,"href":"https:\/\/calatorinromania.com\/index.php?rest_route=\/wp\/v2\/posts\/39155\/revisions\/39156"}],"wp:featuredmedia":[{"embeddable":true,"href":"https:\/\/calatorinromania.com\/index.php?rest_route=\/wp\/v2\/media\/39086"}],"wp:attachment":[{"href":"https:\/\/calatorinromania.com\/index.php?rest_route=%2Fwp%2Fv2%2Fmedia&parent=39155"}],"wp:term":[{"taxonomy":"category","embeddable":true,"href":"https:\/\/calatorinromania.com\/index.php?rest_route=%2Fwp%2Fv2%2Fcategories&post=39155"},{"taxonomy":"post_tag","embeddable":true,"href":"https:\/\/calatorinromania.com\/index.php?rest_route=%2Fwp%2Fv2%2Ftags&post=39155"}],"curies":[{"name":"wp","href":"https:\/\/api.w.org\/{rel}","templated":true}]}}