{"id":39153,"date":"2025-05-10T19:51:55","date_gmt":"2025-05-10T19:51:55","guid":{"rendered":"https:\/\/calatorinromania.com\/?p=39153"},"modified":"2025-05-10T19:51:55","modified_gmt":"2025-05-10T19:51:55","slug":"tarziu-in-acea-zi-oskar-s-a-intors","status":"publish","type":"post","link":"https:\/\/calatorinromania.com\/?p=39153","title":{"rendered":"T\u00e2rziu \u00een acea zi, Oskar s-a \u00eentors"},"content":{"rendered":"\n<h3>DISCLAIMER: Acest site este neutru din punct de vedere politic \u0219i nu sus\u021bine niciun partid sau ideologie politic\u0103.<\/h3>\n\n\n\n<p>T\u00e2rziu \u00een acea zi, Oskar s-a \u00eentors. Obosit, ciufulit, cu ochii umfla\u021bi, c\u0103ma\u0219a bo\u021bit\u0103. A intrat f\u0103r\u0103 s\u0103 spun\u0103 nimic \u0219i s-a uitat la mine.<br>\u2014 Nu \u0219tiu de unde s\u0103 \u00eencep.<\/p>\n\n\n\n<p>\u2014 De la \u00eenceput, \u2014 i-am spus calm \u0219i i-am pus o cea\u0219c\u0103 de ceai \u00een fa\u021b\u0103. \u2014 Poate cu \u201eso\u021bia ta cealalt\u0103\u201d?<\/p>\n\n\n\n<p>S-a a\u0219ezat ca un c\u00e2ine b\u0103tut.<\/p>\n\n\n\n<p>\u2014 Am gre\u0219it. Tu ai fost mereu l\u00e2ng\u0103 mine, iar eu\u2026<\/p>\n\n\n\n<p>\u2014 \u2026ai crezut c\u0103 totul \u00ee\u021bi va fi iertat. Dar \u0219tii ceva? \u00cei mul\u021bumesc acelei \u201eso\u021bii\u201d. Mi-a economisit ani din via\u021b\u0103. Acum totul e clar.<\/p>\n\n\n\n<p>\u2014 Nu \u00een\u021belegi, am pierdut tot\u2026<\/p>\n\n\n\n<p>\u2014 Nu, Oskar. Pe mine m-ai pierdut. Restul sunt doar consecin\u021be.<\/p>\n\n\n\n<p>\u0218i-a ridicat capul.<br>\u2014 Vrei divor\u021b?<\/p>\n\n\n\n<p>Am dat din cap.<br>\u2014 \u0218i voi cere partaj. Avocatul meu deja preg\u0103te\u0219te actele. Nu-\u021bi face griji, nu ascund nimic. Spre deosebire de tine.<\/p>\n\n\n\n<p>Trei s\u0103pt\u0103m\u00e2ni mai t\u00e2rziu totul era semnat. Apartamentul mi-a r\u0103mas mie. Jum\u0103tate din conturile bancare \u2014 la fel. Ac\u021biunile lui au fost blocate, iar toat\u0103 povestea \u2014 de la infidelit\u0103\u021bi la fraude \u2014 era deja \u00een instan\u021b\u0103.<\/p>\n\n\n\n<p>\u0218i eu? M-am mutat \u00eentr-un or\u0103\u0219el lini\u0219tit de la malul m\u0103rii. Am deschis o cafenea cochet\u0103 \u2014 \u201eCea\u0219ca Alb\u0103\u201d. Nu mi-am schimbat numele \u2014 nu pentru c\u0103 voiam s\u0103-l p\u0103strez, ci pentru ca numele \u201edoamna Martin\u201d s\u0103 fie asociat cu o nou\u0103 via\u021b\u0103.<\/p>\n\n\n\n<p>\u0218i \u0219tii cine a intrat \u00eentr-o zi \u00een cafenea?<\/p>\n\n\n\n<p>Chiar acel manager de la recep\u021bie. Pu\u021bin jenat, dar cu un z\u00e2mbet sincer.<\/p>\n\n\n\n<p>\u2014 \u00cemi pare r\u0103u pentru ce s-a \u00eent\u00e2mplat atunci\u2026 N-am \u0219tiut\u2026<\/p>\n\n\n\n<p>\u2014 Avea\u021bi dreptate, \u2014 i-am spus. \u2014 Nu eram \u201eso\u021bia adev\u0103rat\u0103\u201d. Dar acum sunt singura femeie din via\u021ba mea pe care m\u0103 pot baza.<\/p>\n\n\n\n<p>A l\u0103sat un bac\u0219i\u0219 generos \u0219i, \u00eenainte s\u0103 plece, a spus:<\/p>\n\n\n\n<p>\u2014 Dac\u0103 vreodat\u0103 cau\u021bi un partener de afaceri sau doar companie \u2014 sunt pe aproape. Mereu am crezut c\u0103 ai o for\u021b\u0103 aparte.<\/p>\n\n\n\n<p>A\u0219a c\u0103, da, karma a venit nu doar pentru el, ci \u0219i pentru mine \u2014 sub forma libert\u0103\u021bii, demnit\u0103\u021bii \u0219i unei vie\u021bi de la zero.<\/p>\n\n\n\n<p>Despre Oskar\u2026 n-am mai auzit nimic.<\/p>\n\n\n\n<p>\u0218i, sincer? Nici nu-mi pas\u0103. <\/p>\n","protected":false},"excerpt":{"rendered":"<p>DISCLAIMER: Acest site este neutru din punct de vedere politic \u0219i nu sus\u021bine niciun partid sau ideologie politic\u0103. T\u00e2rziu \u00een acea zi, Oskar s-a \u00eentors.<\/p>\n","protected":false},"author":1,"featured_media":39086,"comment_status":"closed","ping_status":"closed","sticky":false,"template":"","format":"standard","meta":[],"categories":[1],"tags":[],"_links":{"self":[{"href":"https:\/\/calatorinromania.com\/index.php?rest_route=\/wp\/v2\/posts\/39153"}],"collection":[{"href":"https:\/\/calatorinromania.com\/index.php?rest_route=\/wp\/v2\/posts"}],"about":[{"href":"https:\/\/calatorinromania.com\/index.php?rest_route=\/wp\/v2\/types\/post"}],"author":[{"embeddable":true,"href":"https:\/\/calatorinromania.com\/index.php?rest_route=\/wp\/v2\/users\/1"}],"replies":[{"embeddable":true,"href":"https:\/\/calatorinromania.com\/index.php?rest_route=%2Fwp%2Fv2%2Fcomments&post=39153"}],"version-history":[{"count":1,"href":"https:\/\/calatorinromania.com\/index.php?rest_route=\/wp\/v2\/posts\/39153\/revisions"}],"predecessor-version":[{"id":39154,"href":"https:\/\/calatorinromania.com\/index.php?rest_route=\/wp\/v2\/posts\/39153\/revisions\/39154"}],"wp:featuredmedia":[{"embeddable":true,"href":"https:\/\/calatorinromania.com\/index.php?rest_route=\/wp\/v2\/media\/39086"}],"wp:attachment":[{"href":"https:\/\/calatorinromania.com\/index.php?rest_route=%2Fwp%2Fv2%2Fmedia&parent=39153"}],"wp:term":[{"taxonomy":"category","embeddable":true,"href":"https:\/\/calatorinromania.com\/index.php?rest_route=%2Fwp%2Fv2%2Fcategories&post=39153"},{"taxonomy":"post_tag","embeddable":true,"href":"https:\/\/calatorinromania.com\/index.php?rest_route=%2Fwp%2Fv2%2Ftags&post=39153"}],"curies":[{"name":"wp","href":"https:\/\/api.w.org\/{rel}","templated":true}]}}