{"id":39149,"date":"2025-05-10T19:49:36","date_gmt":"2025-05-10T19:49:36","guid":{"rendered":"https:\/\/calatorinromania.com\/?p=39149"},"modified":"2025-05-10T19:49:36","modified_gmt":"2025-05-10T19:49:36","slug":"am-implinit-58-de-ani-si-acum-am-ramas-fara-casa-mea-2","status":"publish","type":"post","link":"https:\/\/calatorinromania.com\/?p=39149","title":{"rendered":"Am \u00eemplinit 58 de ani, \u0219i acum am r\u0103mas f\u0103r\u0103 casa mea"},"content":{"rendered":"\n<p>Toat\u0103 via\u021ba mea am muncit din greu, str\u00e2ng\u00e2nd bani pentru un apartament pe care s\u0103-l las copiilor mei. So\u021bul m-a p\u0103r\u0103sit c\u00e2nd Mihai \u0219i Ana erau \u00eenc\u0103 mici, l\u0103s\u00e2ndu-m\u0103 s\u0103 m\u0103 descurc singur\u0103. Nu a fost u\u0219or, dar am reu\u0219it s\u0103-i cresc, s\u0103-i educ \u0219i s\u0103 le ofer un acoperi\u0219 deasupra capului.<\/p>\n\n\n\n<p>C\u00e2nd Mihai, fiul meu cel mare, a \u00eemplinit 25 de ani \u0219i a anun\u021bat c\u0103 vrea s\u0103 se c\u0103s\u0103toreasc\u0103 cu Irina, m-am bucurat nespus. Era timpul ca familia noastr\u0103 s\u0103 creasc\u0103, s\u0103 primim noi membri. Mi-a pl\u0103cut Irina de la \u00eenceput \u2013 p\u0103rea o fat\u0103 serioas\u0103, educat\u0103, venit\u0103 dintr-o familie bun\u0103. Am crezut c\u0103 vor fi ferici\u021bi \u00eempreun\u0103.<\/p>\n\n\n\n<p>La scurt timp dup\u0103 nunt\u0103, Mihai mi-a propus ceva ce p\u0103rea logic atunci: s\u0103 trec apartamentul pe numele lui, pentru a putea ob\u021bine un credit ipotecar mai avantajos. \u201eMam\u0103, e doar o formalitate. Tot tu vei locui aici, dar a\u0219a putem cump\u0103ra \u0219i noi ceva mai bun pentru viitoarea noastr\u0103 familie,\u201d mi-a explicat el. Ana, fiica mea care locuia deja cu iubitul ei \u00een alt ora\u0219, a fost de acord. \u201eE mai bine a\u0219a, mam\u0103. Oricum, apartamentul va fi al lor \u00eentr-o zi,\u201d mi-a spus ea la telefon.<\/p>\n\n\n\n<p>Am acceptat. La urma urmei, erau copiii mei. Ce mam\u0103 nu \u0219i-ar ajuta copiii?<\/p>\n\n\n\n<p>Primele luni totul a decurs normal. Mihai \u0219i Irina veneau \u00een vizit\u0103, \u00eemi aduceau cadouri mici, m\u0103 ajutau cu treburile mai grele. Apoi, Irina a r\u0103mas \u00eens\u0103rcinat\u0103, \u0219i lucrurile au \u00eenceput s\u0103 se schimbe. Au anun\u021bat c\u0103 vor s\u0103 se mute cu mine, temporar, p\u00e2n\u0103 \u00ee\u0219i termin\u0103 renovarea la apartamentul lor. \u201eE doar pentru c\u00e2teva luni, mam\u0103,\u201d m-a asigurat Mihai.<\/p>\n\n\n\n<p>C\u00e2teva luni s-au transformat \u00een un an. Apoi \u00een doi. Nepo\u021bica mea, Sorina, cre\u0219tea sub ochii mei, iar eu m\u0103 bucuram s\u0103 o pot ajuta, chiar dac\u0103 spa\u021biul devenise str\u00e2mt pentru noi to\u021bi. Dar cu timpul, am \u00eenceput s\u0103 simt cum rolul meu \u00een propria cas\u0103 se schimba. Nu mai eram st\u0103p\u00e2na casei, ci bona, buc\u0103t\u0103reasa, femeia de serviciu.<\/p>\n\n\n\n<p>\u201eElena, te-ai putea ocupa de rufe azi? Noi avem o \u00eent\u00e2lnire important\u0103,\u201d \u00eemi spunea Irina, folosindu-mi prenumele, nu \u201emam\u0103\u201d sau \u201esoacr\u0103\u201d cum f\u0103cuse la \u00eenceput. \u201eMam\u0103, ai putea s\u0103 stai cu Sorina weekendul \u0103sta? Vrem s\u0103 mergem la munte cu ni\u0219te prieteni,\u201d ad\u0103uga Mihai, f\u0103r\u0103 s\u0103 \u00eentrebe dac\u0103 aveam \u0219i eu planuri.<\/p>\n\n\n\n<p>\u00cencet, \u00eencet, mi-am pierdut dormitorul, mut\u00e2ndu-m\u0103 \u00een camera mic\u0103 ce fusese c\u00e2ndva a Anei. Lucrurile mele personale au fost \u00eempachetate, mutate, unele chiar aruncate pentru a face loc juc\u0103riilor Sorinei sau hainelor Irinei. Buc\u0103t\u0103ria, pe care o considerasem \u00eentotdeauna regatul meu, era acum dominat\u0103 de aparate moderne pe care abia \u0219tiam s\u0103 le folosesc, \u0219i de lista de alimente \u201es\u0103n\u0103toase\u201d pe care Irina insista s\u0103 le m\u00e2nc\u0103m cu to\u021bii.<\/p>\n\n\n\n<p>Situa\u021bia a atins punctul culminant luna trecut\u0103, c\u00e2nd Mihai \u0219i Irina au anun\u021bat c\u0103 a\u0219teapt\u0103 al doilea copil. \u201eMam\u0103, am decis c\u0103 ar fi mai bine pentru tine s\u0103 te mu\u021bi la Ana pentru o vreme. Avem nevoie de mai mult spa\u021biu, \u0219i la v\u00e2rsta ta, ar fi mai u\u0219or s\u0103 stai cu sora mea dec\u00e2t s\u0103 ai grij\u0103 de doi copii mici,\u201d mi-a spus Mihai \u00eentr-o sear\u0103.<\/p>\n\n\n\n<p>Am sim\u021bit cum mi se pr\u0103bu\u0219e\u0219te p\u0103m\u00e2ntul sub picioare. Apartamentul meu, casa pentru care muncisem at\u00e2t de mult, mi-era luat\u0103 acum complet. \u0218i ce era mai r\u0103u \u2013 ei nici m\u0103car nu vedeau ce f\u0103ceau. Pentru ei, era o decizie logic\u0103, practic\u0103. Pentru mine, era exilul.<\/p>\n\n\n\n<p>Am sunat-o pe Ana, cu lacrimi \u00een ochi. R\u0103spunsul ei m-a \u0219ocat \u0219i mai mult: \u201eMam\u0103, nu pot s\u0103 te primesc acum. Carlos \u0219i cu mine ne descurc\u0103m greu, locuim \u00eentr-o garsonier\u0103 mic\u0103, iar eu sunt \u00eens\u0103rcinat\u0103 \u00een patru luni. Poate po\u021bi sta la vreo prieten\u0103 p\u00e2n\u0103 g\u0103se\u0219ti ceva?\u201d<\/p>\n\n\n\n<p>A\u0219a am ajuns aici, la 58 de ani, pe pragul casei unei vechi prietene care m-a primit temporar. Am propriul apartament, dar nu mai e al meu. Am doi copii, dar parc\u0103 nu mai sunt ai mei. Am o familie, dar m\u0103 simt mai singur\u0103 ca niciodat\u0103.<\/p>\n\n\n\n<p>M\u0103 \u00eentreb ce am gre\u0219it. Unde am dat-o \u00een bar\u0103 ca mam\u0103? Am fost prea darnic\u0103, prea sacrificat\u0103? Sau poate prea slab\u0103, prea u\u0219or de manipulat? Asear\u0103, prietena mea Maria mi-a sugerat s\u0103 consult un avocat, s\u0103 v\u0103d dac\u0103 mai am vreun drept asupra apartamentului. Dar cum a\u0219 putea s\u0103-mi dau propriul fiu \u00een judecat\u0103?<\/p>\n\n\n\n<p>Acum stau \u0219i m\u0103 g\u00e2ndesc la urm\u0103torul pas. La 58 de ani, ar trebui s\u0103 m\u0103 bucur de via\u021b\u0103, poate s\u0103 c\u0103l\u0103toresc pu\u021bin, s\u0103 petrec timp cu nepo\u021bii. \u00cen schimb, m\u0103 \u00eentreb unde voi dormi luna viitoare \u0219i cum voi supravie\u021bui cu pensia mea mic\u0103.<\/p>\n\n\n\n<p>Poate unii ar spune c\u0103 ar trebui s\u0103 lupt, s\u0103-mi revendic drepturile. Al\u021bii, c\u0103 ar trebui s\u0103 accept situa\u021bia \u0219i s\u0103 merg mai departe. Sincer, nu \u0219tiu ce s\u0103 fac. Simt c\u0103 am pierdut nu doar un apartament, ci \u0219i respectul copiilor mei, \u0219i, cel mai important, respectul fa\u021b\u0103 de mine \u00eens\u0103mi.<\/p>\n\n\n\n<p>Ce a\u021bi face voi \u00een locul meu? Cum a\u021bi aborda aceast\u0103 situa\u021bie f\u0103r\u0103 s\u0103 distruge\u021bi complet rela\u021bia cu copiii? Exist\u0103 vreo cale de a-mi rec\u0103p\u0103ta demnitatea \u0219i poate, \u00eentr-o zi, chiar casa?<\/p>\n\n\n\n<p>Ieri, \u00een timp ce \u00eemi \u00eempachetam ultimele lucruri din fosta mea cas\u0103, Sorina, nepo\u021bica mea de patru ani, m-a \u00eentrebat: \u201eBunica, de ce pleci? Nu te iubim destul?\u201d \u0218i \u00een acel moment, cu inima fr\u00e2nt\u0103, mi-am dat seama c\u0103 nu vreau ca ea s\u0103 creasc\u0103 v\u0103z\u00e2nd cum b\u0103tr\u00e2ne\u021bea \u0219i sacrificiul sunt r\u0103spl\u0103tite cu ingratitudine. Nu vreau ca ea s\u0103 \u00eenve\u021be c\u0103 e \u00een regul\u0103 s\u0103 tratezi oamenii care te-au iubit ca pe ni\u0219te obiecte de care te po\u021bi dispensa c\u00e2nd nu mai sunt utile.<\/p>\n\n\n\n<p>Poate aceasta este ultima lec\u021bie pe care o pot preda \u00een aceast\u0103 cas\u0103 \u2013 lec\u021bia demnit\u0103\u021bii \u00een fa\u021ba adversit\u0103\u021bii, a respectului de sine chiar \u0219i atunci c\u00e2nd al\u021bii nu te mai respect\u0103. Poate c\u0103, la 58 de ani, este timpul s\u0103 \u00eenv\u0103\u021b \u0219i eu aceast\u0103 lec\u021bie.<\/p>\n\n\n\n<p>Orice sfat mi-ar fi de mare ajutor. Simt c\u0103 m\u0103 aflu \u00eentr-un labirint f\u0103r\u0103 ie\u0219ire, iar fiecare cale pare s\u0103 duc\u0103 spre mai mult\u0103 durere. Exist\u0103 oare o cale de a-mi rec\u00e2\u0219tiga nu doar casa, ci \u0219i familia?<\/p>\n\n\n\n<p>Dac\u0103 \u021bi-a pl\u0103cut povestea, nu uita s\u0103 o distribui cu prietenii t\u0103i! \u00cempreun\u0103 putem duce mai departe emo\u021bia \u0219i inspira\u021bia.<\/p>\n","protected":false},"excerpt":{"rendered":"<p>Toat\u0103 via\u021ba mea am muncit din greu, str\u00e2ng\u00e2nd bani pentru un apartament pe care s\u0103-l las copiilor mei. So\u021bul m-a p\u0103r\u0103sit c\u00e2nd Mihai \u0219i Ana<\/p>\n","protected":false},"author":1,"featured_media":39099,"comment_status":"closed","ping_status":"closed","sticky":false,"template":"","format":"standard","meta":[],"categories":[1],"tags":[],"_links":{"self":[{"href":"https:\/\/calatorinromania.com\/index.php?rest_route=\/wp\/v2\/posts\/39149"}],"collection":[{"href":"https:\/\/calatorinromania.com\/index.php?rest_route=\/wp\/v2\/posts"}],"about":[{"href":"https:\/\/calatorinromania.com\/index.php?rest_route=\/wp\/v2\/types\/post"}],"author":[{"embeddable":true,"href":"https:\/\/calatorinromania.com\/index.php?rest_route=\/wp\/v2\/users\/1"}],"replies":[{"embeddable":true,"href":"https:\/\/calatorinromania.com\/index.php?rest_route=%2Fwp%2Fv2%2Fcomments&post=39149"}],"version-history":[{"count":1,"href":"https:\/\/calatorinromania.com\/index.php?rest_route=\/wp\/v2\/posts\/39149\/revisions"}],"predecessor-version":[{"id":39150,"href":"https:\/\/calatorinromania.com\/index.php?rest_route=\/wp\/v2\/posts\/39149\/revisions\/39150"}],"wp:featuredmedia":[{"embeddable":true,"href":"https:\/\/calatorinromania.com\/index.php?rest_route=\/wp\/v2\/media\/39099"}],"wp:attachment":[{"href":"https:\/\/calatorinromania.com\/index.php?rest_route=%2Fwp%2Fv2%2Fmedia&parent=39149"}],"wp:term":[{"taxonomy":"category","embeddable":true,"href":"https:\/\/calatorinromania.com\/index.php?rest_route=%2Fwp%2Fv2%2Fcategories&post=39149"},{"taxonomy":"post_tag","embeddable":true,"href":"https:\/\/calatorinromania.com\/index.php?rest_route=%2Fwp%2Fv2%2Ftags&post=39149"}],"curies":[{"name":"wp","href":"https:\/\/api.w.org\/{rel}","templated":true}]}}