{"id":39138,"date":"2025-05-10T19:31:53","date_gmt":"2025-05-10T19:31:53","guid":{"rendered":"https:\/\/calatorinromania.com\/?p=39138"},"modified":"2025-05-10T19:32:21","modified_gmt":"2025-05-10T19:32:21","slug":"prajitura-cu-crema-de-visine-si-frisca","status":"publish","type":"post","link":"https:\/\/calatorinromania.com\/?p=39138","title":{"rendered":"Pr\u0103jitur\u0103 cu crem\u0103 de vi\u0219ine \u0219i fri\u0219c\u0103"},"content":{"rendered":"\n<p><\/p>\n\n\n\n<p>Aceast\u0103 pr\u0103jitur\u0103 combin\u0103 un blat pufos, crem\u0103 cu vi\u0219ine aromate \u0219i un strat generos de fri\u0219c\u0103, fiind desertul ideal pentru orice ocazie!<\/p>\n\n\n\n<p><\/p>\n\n\n\n<h3><strong>Ingrediente<\/strong><\/h3>\n\n\n\n<p><\/p>\n\n\n\n<h4><strong>Pentru blat:<\/strong><\/h4>\n\n\n\n<ul>\n<li>6 g\u0103lbenu\u0219uri<\/li>\n\n\n\n<li>200 g zah\u0103r<\/li>\n\n\n\n<li>50 ml ap\u0103 cald\u0103<\/li>\n\n\n\n<li>50 ml ulei<\/li>\n\n\n\n<li>1 plic praf de copt<\/li>\n\n\n\n<li>200 g f\u0103in\u0103<\/li>\n\n\n\n<li>50 ml lapte<\/li>\n\n\n\n<li>6 albu\u0219uri b\u0103tute spum\u0103 tare<\/li>\n\n\n\n<li>2 linguri cacao pudr\u0103<\/li>\n<\/ul>\n\n\n\n<p><\/p>\n\n\n\n<h4><strong>Pentru crem\u0103:<\/strong><\/h4>\n\n\n\n<ul>\n<li>600 ml zeam\u0103 de vi\u0219ine (din compot)<\/li>\n\n\n\n<li>2 plicuri de budinc\u0103 de vanilie<\/li>\n\n\n\n<li>5 linguri zah\u0103r<\/li>\n\n\n\n<li>150 g unt<\/li>\n\n\n\n<li>1 borcan vi\u0219ine f\u0103r\u0103 s\u00e2mburi<\/li>\n<\/ul>\n\n\n\n<p><\/p>\n\n\n\n<h4><strong>Pentru decor:<\/strong><\/h4>\n\n\n\n<ul>\n<li>500 ml sm\u00e2nt\u00e2n\u0103 pentru fri\u0219c\u0103<\/li>\n\n\n\n<li>2 plicuri \u00eent\u0103ritor pentru fri\u0219c\u0103<\/li>\n<\/ul>\n\n\n\n<p><\/p>\n\n\n\n<h3><strong>Mod de preparare<\/strong><\/h3>\n\n\n\n<p><\/p>\n\n\n\n<h4><strong>Blatul:<\/strong><\/h4>\n\n\n\n<ol>\n<li><strong>Bate g\u0103lbenu\u0219urile<\/strong>&nbsp;cu zah\u0103rul \u0219i cacao p\u00e2n\u0103 devin o spum\u0103 deschis\u0103 la culoare.<\/li>\n\n\n\n<li>Adaug\u0103 treptat&nbsp;<strong>apa cald\u0103<\/strong>,&nbsp;<strong>uleiul<\/strong>, apoi&nbsp;<strong>f\u0103ina amestecat\u0103 cu praful de copt<\/strong>.<\/li>\n\n\n\n<li>\u00cencorporeaz\u0103&nbsp;<strong>laptele<\/strong>&nbsp;\u0219i, la final,&nbsp;<strong>albu\u0219urile b\u0103tute spum\u0103 tare<\/strong>, amestec\u00e2nd u\u0219or cu mi\u0219c\u0103ri de jos \u00een sus.<\/li>\n\n\n\n<li>Toarn\u0103 compozi\u021bia \u00eentr-o tav\u0103 (22\u00d738 cm) tapetat\u0103 cu h\u00e2rtie de copt.<\/li>\n\n\n\n<li><strong>Coace blatul<\/strong>&nbsp;\u00een cuptorul pre\u00eenc\u0103lzit la&nbsp;<strong>180\u00b0C<\/strong>&nbsp;timp de 25-30 de minute sau p\u00e2n\u0103 trece testul scobitorii.<\/li>\n<\/ol>\n\n\n\n<p><\/p>\n\n\n\n<h4><strong>Crema de vi\u0219ine:<\/strong><\/h4>\n\n\n\n<ol>\n<li>\u00centr-o crati\u021b\u0103, amestec\u0103&nbsp;<strong>praful de budinc\u0103<\/strong>,&nbsp;<strong>zah\u0103rul<\/strong>&nbsp;\u0219i&nbsp;<strong>zeama de vi\u0219ine<\/strong>. Fierbe compozi\u021bia p\u00e2n\u0103 devine groas\u0103 \u0219i omogen\u0103.<\/li>\n\n\n\n<li>Adaug\u0103 vi\u0219inele din compot \u0219i mai fierbe \u00eenc\u0103 2-3 minute.<\/li>\n\n\n\n<li>Las\u0103 crema s\u0103 se r\u0103ceasc\u0103 pu\u021bin, apoi \u00eencorporeaz\u0103&nbsp;<strong>untul<\/strong>, amestec\u00e2nd p\u00e2n\u0103 se tope\u0219te complet.<\/li>\n<\/ol>\n\n\n\n<p><\/p>\n\n\n\n<h4><strong>Asamblarea:<\/strong><\/h4>\n\n\n\n<ol>\n<li>Pune blatul r\u0103cit pe un platou.<\/li>\n\n\n\n<li>Toarn\u0103&nbsp;<strong>crema c\u0103ldu\u021b\u0103<\/strong>&nbsp;peste blat \u0219i \u00eentinde-o uniform.<\/li>\n\n\n\n<li><strong>Bate fri\u0219ca<\/strong>&nbsp;cu \u00eent\u0103ritorul \u0219i \u00eentinde un strat generos peste crema de vi\u0219ine.<\/li>\n<\/ol>\n\n\n\n<p><\/p>\n\n\n\n<h4><strong>Decorare \u0219i servire:<\/strong><\/h4>\n\n\n\n<ul>\n<li>Las\u0103 pr\u0103jitura s\u0103 stea la frigider cel pu\u021bin&nbsp;<strong>4 ore<\/strong>&nbsp;sau peste noapte, pentru a permite straturilor s\u0103 se \u00eentrep\u0103trund\u0103.<\/li>\n\n\n\n<li>Taie pr\u0103jitura \u00een por\u021bii generoase \u0219i savureaz-o al\u0103turi de familie sau prieteni.<\/li>\n<\/ul>\n\n\n\n<p><\/p>\n\n\n\n<p><strong>Tips:<\/strong><br>Pentru un decor special, po\u021bi pres\u0103ra ciocolat\u0103 ras\u0103 sau fulgi de migdale peste fri\u0219c\u0103.<br>Dac\u0103 vrei un contrast interesant, adaug\u0103 c\u00e2teva vi\u0219ine \u00eentregi deasupra.<\/p>\n\n\n\n<p><strong>Poft\u0103 bun\u0103!<\/strong>&nbsp;<\/p>\n","protected":false},"excerpt":{"rendered":"<p>Aceast\u0103 pr\u0103jitur\u0103 combin\u0103 un blat pufos, crem\u0103 cu vi\u0219ine aromate \u0219i un strat generos de fri\u0219c\u0103, fiind desertul ideal pentru orice ocazie! Ingrediente Pentru blat:<\/p>\n","protected":false},"author":1,"featured_media":39142,"comment_status":"closed","ping_status":"closed","sticky":false,"template":"","format":"standard","meta":[],"categories":[1],"tags":[],"_links":{"self":[{"href":"https:\/\/calatorinromania.com\/index.php?rest_route=\/wp\/v2\/posts\/39138"}],"collection":[{"href":"https:\/\/calatorinromania.com\/index.php?rest_route=\/wp\/v2\/posts"}],"about":[{"href":"https:\/\/calatorinromania.com\/index.php?rest_route=\/wp\/v2\/types\/post"}],"author":[{"embeddable":true,"href":"https:\/\/calatorinromania.com\/index.php?rest_route=\/wp\/v2\/users\/1"}],"replies":[{"embeddable":true,"href":"https:\/\/calatorinromania.com\/index.php?rest_route=%2Fwp%2Fv2%2Fcomments&post=39138"}],"version-history":[{"count":2,"href":"https:\/\/calatorinromania.com\/index.php?rest_route=\/wp\/v2\/posts\/39138\/revisions"}],"predecessor-version":[{"id":39143,"href":"https:\/\/calatorinromania.com\/index.php?rest_route=\/wp\/v2\/posts\/39138\/revisions\/39143"}],"wp:featuredmedia":[{"embeddable":true,"href":"https:\/\/calatorinromania.com\/index.php?rest_route=\/wp\/v2\/media\/39142"}],"wp:attachment":[{"href":"https:\/\/calatorinromania.com\/index.php?rest_route=%2Fwp%2Fv2%2Fmedia&parent=39138"}],"wp:term":[{"taxonomy":"category","embeddable":true,"href":"https:\/\/calatorinromania.com\/index.php?rest_route=%2Fwp%2Fv2%2Fcategories&post=39138"},{"taxonomy":"post_tag","embeddable":true,"href":"https:\/\/calatorinromania.com\/index.php?rest_route=%2Fwp%2Fv2%2Ftags&post=39138"}],"curies":[{"name":"wp","href":"https:\/\/api.w.org\/{rel}","templated":true}]}}