{"id":39128,"date":"2025-05-10T19:09:13","date_gmt":"2025-05-10T19:09:13","guid":{"rendered":"https:\/\/calatorinromania.com\/?p=39128"},"modified":"2025-05-10T19:09:14","modified_gmt":"2025-05-10T19:09:14","slug":"%f0%9f%a5%a3-supa-de-naut-si-broccoli-slabesti-gustos-si-sanatos","status":"publish","type":"post","link":"https:\/\/calatorinromania.com\/?p=39128","title":{"rendered":"\ud83e\udd63 Sup\u0103 de n\u0103ut \u0219i broccoli \u2013 <em>sl\u0103be\u0219ti gustos \u0219i s\u0103n\u0103tos!<\/em>"},"content":{"rendered":"\n<p>\ud83d\udcc5 <em>Am m\u00e2ncat aceast\u0103 sup\u0103 zilnic timp de o lun\u0103 \u0219i am sl\u0103bit 25 kg, \u00een special \u00een zona abdominal\u0103!<\/em><br>O alegere perfect\u0103 pentru cin\u0103 \u2013 s\u0103n\u0103toas\u0103, s\u0103\u021bioas\u0103 \u0219i cu pu\u021bine calorii.<\/p>\n\n\n\n<p><\/p>\n\n\n\n<h2>\u2705 De ce e at\u00e2t de eficient\u0103?<\/h2>\n\n\n\n<p><\/p>\n\n\n\n<p>\ud83e\udd6c <strong>Broccoli<\/strong> \u2013 plin de fibre, antioxidan\u021bi \u0219i vitamine (C \u0219i K).<br>\ud83c\udf31 <strong>N\u0103utul<\/strong> \u2013 bogat \u00een proteine vegetale \u0219i fibre care ofer\u0103 sa\u021bietate \u0219i ajut\u0103 digestia.<br>\ud83d\udca7 <strong>Con\u021binut ridicat de ap\u0103<\/strong> \u2013 hidrateaz\u0103, umple stomacul \u0219i reduce pofta de m\u00e2ncare.<br>\ud83d\udd25 <strong>Accelereaz\u0103 metabolismul<\/strong> \u0219i ajut\u0103 la arderea gr\u0103simii, mai ales \u00een zona bur\u021bii.<\/p>\n\n\n\n<p><\/p>\n\n\n\n<h2>\ud83c\udf72 Ingrediente pentru 4-6 por\u021bii:<\/h2>\n\n\n\n<p><\/p>\n\n\n\n<ul>\n<li>\ud83e\uddc5 1 ceap\u0103<\/li>\n\n\n\n<li>\ud83e\udd55 1 morcov<\/li>\n\n\n\n<li>\ud83c\udf3f 4 tulpini de \u021belin\u0103<\/li>\n\n\n\n<li>\ud83e\uddc4 1 c\u0103\u021bel de usturoi<\/li>\n\n\n\n<li>\ud83c\udf36\ufe0f 1 ardei gras ro\u0219u<\/li>\n\n\n\n<li>\ud83c\udf36\ufe0f + 2 ardei op\u021bionali, pentru un gust mai intens<\/li>\n\n\n\n<li>\ud83e\udd6b 200 g n\u0103ut fiert (din conserv\u0103 sau g\u0103tit acas\u0103)<\/li>\n\n\n\n<li>\ud83e\udd66 1 cap de broccoli<\/li>\n\n\n\n<li>\ud83e\uded2 2 linguri ulei de m\u0103sline<\/li>\n\n\n\n<li>\ud83e\udd44 1 linguri\u021b\u0103 condimente italiene<\/li>\n\n\n\n<li>\ud83e\uddc2 Sare \u0219i piper dup\u0103 gust<\/li>\n\n\n\n<li>\ud83e\udd5b 100 ml sm\u00e2nt\u00e2n\u0103 de g\u0103tit<\/li>\n\n\n\n<li>\ud83e\udd63 1 litru sup\u0103 de legume sau ap\u0103<\/li>\n\n\n\n<li>\ud83c\udf3f P\u0103trunjel proasp\u0103t pentru decor<\/li>\n<\/ul>\n\n\n\n<p><\/p>\n\n\n\n<h2>\ud83d\udc69\u200d\ud83c\udf73 Mod de preparare:<\/h2>\n\n\n\n<p><\/p>\n\n\n\n<ol>\n<li><strong>C\u0103le\u0219te legumele<\/strong><br>\u00centr-o crati\u021b\u0103 ad\u00e2nc\u0103, adaug\u0103 1 lingur\u0103 ulei de m\u0103sline. Pune ceapa \u0219i morcovul \u0219i c\u0103le\u0219te 3 minute.<br>Adaug\u0103 \u021belina, usturoiul, ardeiul gras \u0219i condimentele. Mai c\u0103le\u0219te 2-3 minute.<\/li>\n\n\n\n<li><strong>Adaug\u0103 n\u0103utul \u0219i lichidul<\/strong><br>Toarn\u0103 supa de legume sau apa, apoi adaug\u0103 n\u0103utul. Acoper\u0103 \u0219i las\u0103 s\u0103 fiarb\u0103.<\/li>\n\n\n\n<li><strong>Broccoli la final<\/strong><br>Dup\u0103 ce supa d\u0103 \u00een clocot, adaug\u0103 buche\u021belele de broccoli. Fierbe \u00eenc\u0103 5\u20137 minute, p\u00e2n\u0103 e fraged, dar nu moale.<\/li>\n\n\n\n<li><strong>Blend &amp; cremozitate<\/strong><br>Folose\u0219te un blender vertical pentru a pasa supa p\u00e2n\u0103 devine cremoas\u0103. Adaug\u0103 sm\u00e2nt\u00e2na \u0219i amestec\u0103.<\/li>\n\n\n\n<li><strong>Topping crocant<\/strong><br>\u00centr-o tigaie mic\u0103, pr\u0103je\u0219te 2 linguri de n\u0103ut \u00een pu\u021bin ulei p\u00e2n\u0103 devin aurii. Presar\u0103-i deasupra la servire.<\/li>\n\n\n\n<li><strong>Presar\u0103 p\u0103trunjel proasp\u0103t \ud83c\udf3f<\/strong> \u0219i serve\u0219te fierbinte!<\/li>\n<\/ol>\n\n\n\n<p><\/p>\n\n\n\n<h2>\ud83d\udcdd Sfaturi pentru rezultate maxime:<\/h2>\n\n\n\n<p><\/p>\n\n\n\n<p>\u2714\ufe0f \u00cenlocuie\u0219te cina cu aceast\u0103 sup\u0103 \u2013 este s\u0103\u021bioas\u0103 \u0219i slab caloric\u0103.<br>\u2714\ufe0f Combin\u0103 cu mi\u0219care u\u0219oar\u0103 zilnic\u0103 (plimb\u0103ri, exerci\u021bii bl\u00e2nde).<br>\u2714\ufe0f Bea ap\u0103 suficient\u0103 \u0219i evit\u0103 p\u00e2inea sau dulciurile \u00een exces.<\/p>\n\n\n\n<p><\/p>\n\n\n\n<p><\/p>\n\n\n\n<p>\ud83d\udca1 <strong>Este delicioas\u0103, s\u0103n\u0103toas\u0103 \u0219i u\u0219or de preg\u0103tit pentru toat\u0103 familia!<\/strong><br>\ud83c\udfaf Ideal\u0103 pentru detoxifiere, digestie \u0219i pierdere \u00een greutate f\u0103r\u0103 stres.<\/p>\n\n\n\n<p><\/p>\n\n\n\n<p><strong>Este important s\u0103 incluzi o varietate de legume \u00een dieta ta pentru a asigura un aport diversificat de nutrien\u021bi. Dac\u0103 ai anumite condi\u021bii de s\u0103n\u0103tate sau preocup\u0103ri alimentare, este \u00eentotdeauna recomandat s\u0103 consul\u021bi un profesionist \u00een domeniul s\u0103n\u0103t\u0103\u021bii pentru sfaturi personalizate.<\/strong><\/p>\n\n\n\n<p>I<strong>nforma\u021biile prezentate \u00een acest website au caracter informativ \u0219i nu \u00eenlocuiesc diagnosticul medical sau prospectul produselor. Orice decizie privind s\u0103n\u0103tatea dumneavoastr\u0103 trebuie luat\u0103 doar \u00een urma consult\u0103rii medicului.<\/strong><\/p>\n\n\n\n<p>DISCLAIMER: Acest site este neutru din punct de vedere politic \u0219i nu sus\u021bine niciun partid sau ideologie politic\u0103.<\/p>\n","protected":false},"excerpt":{"rendered":"<p>\ud83d\udcc5 Am m\u00e2ncat aceast\u0103 sup\u0103 zilnic timp de o lun\u0103 \u0219i am sl\u0103bit 25 kg, \u00een special \u00een zona abdominal\u0103!O alegere perfect\u0103 pentru cin\u0103 \u2013<\/p>\n","protected":false},"author":1,"featured_media":39029,"comment_status":"closed","ping_status":"closed","sticky":false,"template":"","format":"standard","meta":[],"categories":[1],"tags":[],"_links":{"self":[{"href":"https:\/\/calatorinromania.com\/index.php?rest_route=\/wp\/v2\/posts\/39128"}],"collection":[{"href":"https:\/\/calatorinromania.com\/index.php?rest_route=\/wp\/v2\/posts"}],"about":[{"href":"https:\/\/calatorinromania.com\/index.php?rest_route=\/wp\/v2\/types\/post"}],"author":[{"embeddable":true,"href":"https:\/\/calatorinromania.com\/index.php?rest_route=\/wp\/v2\/users\/1"}],"replies":[{"embeddable":true,"href":"https:\/\/calatorinromania.com\/index.php?rest_route=%2Fwp%2Fv2%2Fcomments&post=39128"}],"version-history":[{"count":1,"href":"https:\/\/calatorinromania.com\/index.php?rest_route=\/wp\/v2\/posts\/39128\/revisions"}],"predecessor-version":[{"id":39130,"href":"https:\/\/calatorinromania.com\/index.php?rest_route=\/wp\/v2\/posts\/39128\/revisions\/39130"}],"wp:featuredmedia":[{"embeddable":true,"href":"https:\/\/calatorinromania.com\/index.php?rest_route=\/wp\/v2\/media\/39029"}],"wp:attachment":[{"href":"https:\/\/calatorinromania.com\/index.php?rest_route=%2Fwp%2Fv2%2Fmedia&parent=39128"}],"wp:term":[{"taxonomy":"category","embeddable":true,"href":"https:\/\/calatorinromania.com\/index.php?rest_route=%2Fwp%2Fv2%2Fcategories&post=39128"},{"taxonomy":"post_tag","embeddable":true,"href":"https:\/\/calatorinromania.com\/index.php?rest_route=%2Fwp%2Fv2%2Ftags&post=39128"}],"curies":[{"name":"wp","href":"https:\/\/api.w.org\/{rel}","templated":true}]}}