{"id":39122,"date":"2025-05-10T06:58:12","date_gmt":"2025-05-10T06:58:12","guid":{"rendered":"https:\/\/calatorinromania.com\/?p=39122"},"modified":"2025-05-10T06:58:12","modified_gmt":"2025-05-10T06:58:12","slug":"am-vrut-sa-trec-locuinta-pe-numele-fiului-meu-dar-notarul-m-a-convins-sa-nu-o-fac-ascultati-ce-mi-a-povestit-2","status":"publish","type":"post","link":"https:\/\/calatorinromania.com\/?p=39122","title":{"rendered":"Am vrut s\u0103 trec locuin\u021ba pe numele fiului meu, dar notarul m-a convins s\u0103 nu o fac. Asculta\u021bi ce mi-a povestit"},"content":{"rendered":"\n<p>M\u0103 numesc Oleksandr, am 55 de ani \u0219i \u00een prezent tr\u0103iesc singur. Am un fiu, dar este deja adult \u0219i locuie\u0219te separat, iar so\u021bia mea \u2013 Marta \u2013 a murit acum c\u00e2\u021biva ani. A fost o femeie minunat\u0103, dar cancerul nu a \u021binut cont de asta.<\/p>\n\n\n\n<p><\/p>\n\n\n\n<p>Vara trecut\u0103, fiul meu a \u00eenceput o rela\u021bie cu o fat\u0103. O cheam\u0103 Irina \u0219i \u00eemi place. Iar de cur\u00e2nd, fiul meu mi-a spus c\u0103 inten\u021bioneaz\u0103 s\u0103-i cear\u0103 m\u00e2na. De\u0219i m\u0103 bucur pentru fericirea lui, nu am deloc posibilitatea s\u0103-l ajut financiar sau m\u0103car s\u0103-i ofer un cadou potrivit pentru nunt\u0103.<\/p>\n\n\n\n<p><\/p>\n\n\n\n<p>M-am g\u00e2ndit mult \u0219i, \u00een cele din urm\u0103, am decis s\u0103 trec casa pe numele fiului meu \u0219i s\u0103 fie acesta cadoul lui. Ei vor putea locui acolo, s\u0103-\u0219i organizeze via\u021ba, s\u0103 renoveze, iar dup\u0103 moartea mea s\u0103 r\u0103m\u00e2n\u0103 \u00een acea cas\u0103 \u0219i s\u0103 aib\u0103 un c\u0103min decent.<\/p>\n\n\n\n<p><\/p>\n\n\n\n<p>Am decis s\u0103 m\u0103 sf\u0103tuiesc cu vecinii, dar ei s-au opus categoric. M-au convins c\u0103 fiul meu oricum \u0219tie c\u0103 locuin\u021ba \u00eei va r\u0103m\u00e2ne, a\u0219a c\u0103 nu are rost s\u0103 i-o dau mai devreme dec\u00e2t e necesar. Un prieten chiar s-a oferit s\u0103-mi \u00eemprumute ni\u0219te bani pentru un alt cadou, iar eu s\u0103-i \u00eenapoiez c\u00e2nd voi avea ocazia. Am hot\u0103r\u00e2t s\u0103 nu-mi schimb p\u0103rerea. Este fiul meu \u0219i vreau tot ce e mai bun pentru el, a\u0219a c\u0103 am str\u00e2ns actele \u0219i am mers la notar.<\/p>\n\n\n\n<p><\/p>\n\n\n\n<p>Mi-a fost repartizat un b\u0103iat t\u00e2n\u0103r, care m-a ascultat \u0219i m-a \u00eentrebat imediat dac\u0103 am pe cineva la care s\u0103 locuiesc sau m\u0103car un garaj ori un \u0219opron \u00een curte. Nu am \u00een\u021beles de ce \u00eentreab\u0103, dar apoi am auzit mai multe pove\u0219ti \u00eenfior\u0103toare despre copii care \u0219i-au l\u0103sat p\u0103rin\u021bii f\u0103r\u0103 acoperi\u0219 deasupra capului, iar ace\u0219tia nu au putut face nimic, pentru c\u0103 legal casa nu le mai apar\u021binea.<\/p>\n\n\n\n<p><\/p>\n\n\n\n<p>A\u0219a c\u0103 m-am \u00eentors trist acas\u0103 \u0219i am mers la vecinul care-mi oferise anterior ajutorul, ca s\u0103 accept propunerea lui \u0219i s\u0103 \u00eemprumut bani. Vecinul s-a mirat c\u0103 am fost convins p\u00e2n\u0103 la urm\u0103.<\/p>\n\n\n\n<p><\/p>\n\n\n\n<p>Am \u00eencredere \u00een fiul meu \u0219i cred c\u0103 nu mi-ar face a\u0219a ceva, dar oamenii au dreptate \u2013 mai bine s\u0103 fii prev\u0103z\u0103tor, ca s\u0103 nu ajungi pe drumuri la b\u0103tr\u00e2ne\u021be. Acum locuim to\u021bi \u00eempreun\u0103 \u0219i se pare c\u0103 ne \u00een\u021belegem. Iar casa, oricum, tot fiului meu \u00eei va r\u0103m\u00e2ne.<\/p>\n\n\n\n<p><\/p>\n\n\n\n<p><strong>Dac\u0103 \u021bi-a pl\u0103cut povestea, nu uita s\u0103 o distribui cu prietenii t\u0103i! \u00cempreun\u0103 putem duce mai departe emo\u021bia \u0219i inspira\u021bia.<\/strong><\/p>\n","protected":false},"excerpt":{"rendered":"<p>M\u0103 numesc Oleksandr, am 55 de ani \u0219i \u00een prezent tr\u0103iesc singur. Am un fiu, dar este deja adult \u0219i locuie\u0219te separat, iar so\u021bia mea<\/p>\n","protected":false},"author":1,"featured_media":39099,"comment_status":"closed","ping_status":"closed","sticky":false,"template":"","format":"standard","meta":[],"categories":[1],"tags":[],"_links":{"self":[{"href":"https:\/\/calatorinromania.com\/index.php?rest_route=\/wp\/v2\/posts\/39122"}],"collection":[{"href":"https:\/\/calatorinromania.com\/index.php?rest_route=\/wp\/v2\/posts"}],"about":[{"href":"https:\/\/calatorinromania.com\/index.php?rest_route=\/wp\/v2\/types\/post"}],"author":[{"embeddable":true,"href":"https:\/\/calatorinromania.com\/index.php?rest_route=\/wp\/v2\/users\/1"}],"replies":[{"embeddable":true,"href":"https:\/\/calatorinromania.com\/index.php?rest_route=%2Fwp%2Fv2%2Fcomments&post=39122"}],"version-history":[{"count":1,"href":"https:\/\/calatorinromania.com\/index.php?rest_route=\/wp\/v2\/posts\/39122\/revisions"}],"predecessor-version":[{"id":39123,"href":"https:\/\/calatorinromania.com\/index.php?rest_route=\/wp\/v2\/posts\/39122\/revisions\/39123"}],"wp:featuredmedia":[{"embeddable":true,"href":"https:\/\/calatorinromania.com\/index.php?rest_route=\/wp\/v2\/media\/39099"}],"wp:attachment":[{"href":"https:\/\/calatorinromania.com\/index.php?rest_route=%2Fwp%2Fv2%2Fmedia&parent=39122"}],"wp:term":[{"taxonomy":"category","embeddable":true,"href":"https:\/\/calatorinromania.com\/index.php?rest_route=%2Fwp%2Fv2%2Fcategories&post=39122"},{"taxonomy":"post_tag","embeddable":true,"href":"https:\/\/calatorinromania.com\/index.php?rest_route=%2Fwp%2Fv2%2Ftags&post=39122"}],"curies":[{"name":"wp","href":"https:\/\/api.w.org\/{rel}","templated":true}]}}