{"id":39105,"date":"2025-05-10T05:42:24","date_gmt":"2025-05-10T05:42:24","guid":{"rendered":"https:\/\/calatorinromania.com\/?p=39105"},"modified":"2025-05-10T05:42:24","modified_gmt":"2025-05-10T05:42:24","slug":"scandalul-care-se-leaga-de-numele-papei-leon","status":"publish","type":"post","link":"https:\/\/calatorinromania.com\/?p=39105","title":{"rendered":"Scandalul care se leag\u0103 de numele Papei Leon"},"content":{"rendered":"\n<p>A\u0219adar, afl\u0103m c\u0103 \u00eentreaga carier\u0103 a lui Prevost nu este lipsit\u0103 de controverse. \u00cen 2000, \u00een timp ce conducea Augustinienii din Midwest, cardinalul de atunci a aprobat g\u0103zduirea unui preot acuzat de abuz sexual asupra minorilor dintr-o parohie din Chicago, l\u00e2ng\u0103 o \u0219coal\u0103 catolic\u0103, o decizie criticat\u0103 pentru lipsa de transparen\u021b\u0103.<\/p>\n\n\n\n<h2>Scandalul sexual care se leag\u0103 de numele Papei Leon al XIV-lea<\/h2>\n\n\n\n<p>\u00cen 2022, Papa Leon al XIV-lea a fost acuzat c\u0103 a \u00eencercat s\u0103 mu\u0219amalizeze mai multe investiga\u021bii privind acuza\u021biile de abuz \u00eempotriva a doi preo\u021bi din Chiclayo, de\u0219i dieceza a dat vina pe Vatican, care ar fi \u00eenchis ancheta. Aceste scandaluri, raportate la nivel interna\u021bional \u00een 2024, au st\u00e2rnit \u00eengrijor\u0103ri \u00een r\u00e2ndul cardinalilor care caut\u0103 un pap\u0103 nep\u0103tat de scandaluri.<\/p>\n\n\n\n<p>S-a speculat o perioad\u0103 c\u0103 Prevost nu ar avea \u0219anse s\u0103 ajung\u0103 pap\u0103 tocmai din cauza acestor scandaluri, pentru c\u0103 opozan\u021bii Papei Francisc \u00eel v\u0103d drept urma\u0219ul acestuia \u0219i ar fi dorit s\u0103-i blocheze ascensiunea drept Vicarul lui Dumnezeu. Ca episcop de Chiclayo, Prevost&nbsp;s-a opus ideologiei de gen din \u0219coli \u0219i s-a ar\u0103tat deseori \u00eengrijorat fa\u021b\u0103 de \u201dstilul de via\u021b\u0103 homosexual\u201d.<\/p>\n\n\n\n<p>Conform, infobae.com, cardinalul Robert Prevost,&nbsp;consilier al Papei Francisc pe atunci, ar fi mu\u0219amalizat mai multe abuzuri sexual<\/p>\n\n\n\n<p>Dou\u0103 dintre victime au vorbit cu aceast\u0103 publica\u021bie sub protec\u021bia anonimatului. Ana Mar\u00eda Quispe, membr\u0103 a grupului de copii misionari, a declarat pentru Sunday Times c\u0103 a fost atacat\u0103 la v\u00e2rsta de 9 ani \u00eentr-o cas\u0103 parohial\u0103.&nbsp;<em><strong>\u201dEra ziua de na\u0219tere a p\u0103rintelui Eleuterio (V\u00e1squez Gonzales).<\/strong><\/em><\/p>\n\n\n\n<h2>Mai mul\u021bi copii sus\u021bin c\u0103 au fost viola\u021bi de preo\u021bi catolici \u00een Peru<\/h2>\n\n\n\n<p><em><strong>Mama i-a f\u0103cut un tort \u0219i i-a spus: Du-te, du-l acolo. Preotul nu era acolo, a\u0219a c\u0103 Ricardo Yesquen (un alt preot) a deschis u\u0219a. M-a a\u0219ezat \u00een poala lui \u0219i a \u00eenceput s\u0103 m\u0103 s\u0103rute<\/strong><\/em>\u201d, a povestit copila.&nbsp;<em><strong>\u201dS-a \u00eentins \u0219i m-a \u00eembr\u0103\u021bi\u0219at, \u021bin\u00e2ndu-m\u0103 cu bra\u021bele \u0219i picioarele. Am \u00eenlemnit, nu am dormit deloc. Dup\u0103 c\u00e2teva ore, m-am trezit \u0219i am vomitat\u201d<\/strong><\/em>, a povestit t\u00e2n\u0103ra,&nbsp;<a href=\"https:\/\/www.infobae.com\/peru\/2024\/09\/09\/cardenal-robert-prevost-consejero-del-papa-francisco-encubrio-abusos-sexuales-en-peru-tres-sobrevivientes-ignoradas-por-la-iglesia\/\" target=\"_blank\" rel=\"noreferrer noopener\">conform sursei citate.<\/a><\/p>\n\n\n\n<p>Abuzul a fost raportat episcopului de Chiclayo de atunci, Robert Prevost, care \u00een acel moment de\u021binea una dintre cele mai influente func\u021bii din Sf\u00e2ntul Scaun. O alt\u0103 supravie\u021buitoare a declarat c\u0103 a fost abuzat\u0103 la v\u00e2rsta de 11 ani, \u00eentr-o misiune similar\u0103 \u00een Cueva Blanca.&nbsp;<em><strong>\u201dMi-a spus ia ceva cald. Am f\u0103cut patul \u0219i l-am sim\u021bit cum \u00eencepe s\u0103 m\u0103 \u00eembr\u0103\u021bi\u0219eze sub c\u0103ma\u0219\u0103, ating\u00e2ndu-mi spatele\u201d<\/strong><\/em>, a spus ea. Tiparul a continuat p\u00e2n\u0103 diminea\u021ba devreme.<\/p>\n\n\n\n<h2>Papa Leon al XIV-lea va avea mari b\u0103t\u0103i de cap din cauza trecutului s\u0103u<\/h2>\n\n\n\n<p>De\u0219i a recunoscut raportat fa\u021b\u0103 de Prevost, agresorul a fost doar transferat \u00eentr-o alt\u0103 loca\u021bie. De\u0219i acuza\u021biile nu au termen de prescrip\u021bie, ele impun Bisericii s\u0103 numeasc\u0103 un avocat canonic, lucru pe care cele trei supravie\u021buitoare l-au refuzat p\u00e2n\u0103 acum. Eparhia de Chiclayo a informat ziarul c\u0103 ancheta preliminar\u0103 a fost trimis\u0103 Sf\u00e2ntului Scaun.<\/p>\n\n\n\n<p><em><strong>\u201dCele trei victime au mers s\u0103 vorbeasc\u0103 cu profesioni\u0219ti care \u00ee\u0219i ofer\u0103 serviciile pentru a asculta \u0219i a ajuta victimele abuzurilor. Dup\u0103 c\u00e2teva s\u0103pt\u0103m\u00e2ni, au decis s\u0103 depun\u0103 pl\u00e2ngerile la parchet, \u00een instan\u021ba civil\u0103. \u00cen acela\u0219i an, parchetul a decis s\u0103 \u00eenchid\u0103 cazul din cauza prescrip\u021biei \u0219i a lipsei de probe\u201d<\/strong><\/em>, este precizat \u00een comunicat.<\/p>\n\n\n\n<p>\u00cen iulie 2023, o misiune special\u0103 a Sf\u00e2ntului Scaun a sosit \u00een Peru pentru a investiga \u0219i a prezenta un raport despre Sodalicio de Vida Cristiana (SVC), un grup aflat \u00een centrul celui mai mare scandal de abuzuri sexuale din Biserica Peruan\u0103. Cazul a fost dezv\u0103luit \u00een 2015 de jurnali\u0219tii Pedro Salinas \u0219i Paola Ugaz \u00een cartea lor&nbsp;<em><strong>\u201dJum\u0103tate c\u0103lug\u0103ri, jum\u0103tate solda\u021bi\u201d<\/strong><\/em>. \u00cen ianuarie 2018, Vaticanul \u0219i-a anun\u021bat interven\u021bia \u00een Peru, iar Parchetul a solicitat arestarea preventiv\u0103 pentru mai mul\u021bi membri, inclusiv pentru fondatorul s\u0103u, Luis Fernando Figari.<\/p>\n\n\n\n<p><strong>Dac\u0103 \u021bi-a pl\u0103cut povestea, nu uita s\u0103 o distribui cu prietenii t\u0103i! \u00cempreun\u0103 putem duce mai departe emo\u021bia \u0219i inspira\u021bia.<\/strong><\/p>\n","protected":false},"excerpt":{"rendered":"<p>A\u0219adar, afl\u0103m c\u0103 \u00eentreaga carier\u0103 a lui Prevost nu este lipsit\u0103 de controverse. \u00cen 2000, \u00een timp ce conducea Augustinienii din Midwest, cardinalul de atunci<\/p>\n","protected":false},"author":1,"featured_media":39086,"comment_status":"closed","ping_status":"closed","sticky":false,"template":"","format":"standard","meta":[],"categories":[1],"tags":[],"_links":{"self":[{"href":"https:\/\/calatorinromania.com\/index.php?rest_route=\/wp\/v2\/posts\/39105"}],"collection":[{"href":"https:\/\/calatorinromania.com\/index.php?rest_route=\/wp\/v2\/posts"}],"about":[{"href":"https:\/\/calatorinromania.com\/index.php?rest_route=\/wp\/v2\/types\/post"}],"author":[{"embeddable":true,"href":"https:\/\/calatorinromania.com\/index.php?rest_route=\/wp\/v2\/users\/1"}],"replies":[{"embeddable":true,"href":"https:\/\/calatorinromania.com\/index.php?rest_route=%2Fwp%2Fv2%2Fcomments&post=39105"}],"version-history":[{"count":1,"href":"https:\/\/calatorinromania.com\/index.php?rest_route=\/wp\/v2\/posts\/39105\/revisions"}],"predecessor-version":[{"id":39106,"href":"https:\/\/calatorinromania.com\/index.php?rest_route=\/wp\/v2\/posts\/39105\/revisions\/39106"}],"wp:featuredmedia":[{"embeddable":true,"href":"https:\/\/calatorinromania.com\/index.php?rest_route=\/wp\/v2\/media\/39086"}],"wp:attachment":[{"href":"https:\/\/calatorinromania.com\/index.php?rest_route=%2Fwp%2Fv2%2Fmedia&parent=39105"}],"wp:term":[{"taxonomy":"category","embeddable":true,"href":"https:\/\/calatorinromania.com\/index.php?rest_route=%2Fwp%2Fv2%2Fcategories&post=39105"},{"taxonomy":"post_tag","embeddable":true,"href":"https:\/\/calatorinromania.com\/index.php?rest_route=%2Fwp%2Fv2%2Ftags&post=39105"}],"curies":[{"name":"wp","href":"https:\/\/api.w.org\/{rel}","templated":true}]}}