{"id":39101,"date":"2025-05-10T05:36:07","date_gmt":"2025-05-10T05:36:07","guid":{"rendered":"https:\/\/calatorinromania.com\/?p=39101"},"modified":"2025-05-10T05:36:07","modified_gmt":"2025-05-10T05:36:07","slug":"val-de-aer-polar-in-romania-ninsori-bruma-si-vant-puternic-ce-zone-vor-fi-cele-mai-afectate","status":"publish","type":"post","link":"https:\/\/calatorinromania.com\/?p=39101","title":{"rendered":"Val de aer polar \u00een Rom\u00e2nia: ninsori, brum\u0103 \u0219i v\u00e2nt puternic. Ce zone vor fi cele mai afectate"},"content":{"rendered":"\n<p><strong>Un val de aer polar<\/strong>\u00a0love\u0219te Rom\u00e2nia \u00eencep\u00e2nd de s\u00e2mb\u0103t\u0103, 10 mai, aduc\u00e2nd cu el\u00a0<strong>temperaturi sc\u0103zute, precipita\u021bii sub form\u0103 de ninsoare \u0219i brum\u0103<\/strong>, dar \u0219i\u00a0<strong>v\u00e2nt puternic<\/strong>\u00a0care va accentua senza\u021bia de frig. Potrivit\u00a0<strong>Administra\u021biei Na\u021bionale de Meteorologie (ANM)<\/strong>, vremea rece se va instala \u00een aproape toate regiunile \u0219i va persista p\u00e2n\u0103 joi, 15 mai.<\/p>\n\n\n\n<p><\/p>\n\n\n\n<h2>Prognoza meteo: frig, ninsori \u0219i temperaturi negative<\/h2>\n\n\n\n<p><\/p>\n\n\n\n<p>Meteorologii anun\u021b\u0103 c\u0103 \u00eentreaga \u021bar\u0103 va fi sub influen\u021ba unei\u00a0<strong>mase de aer polar<\/strong>, cu\u00a0<strong>temperaturi maxime cuprinse \u00eentre 11 \u0219i 19 grade Celsius<\/strong>, considerabil mai mici dec\u00e2t media perioadei.\u00a0<strong>Minimele nocturne<\/strong>\u00a0vor varia \u00eentre\u00a0<strong>2 \u0219i 10 grade<\/strong>, dar \u00een\u00a0<strong>zonele montane \u0219i depresionare<\/strong>\u00a0vor cobor\u00ee sub pragul de \u00eenghe\u021b.<\/p>\n\n\n\n<p><\/p>\n\n\n\n<p>\u00cen regiunile depresionare din\u00a0<strong>Maramure\u0219, nordul Moldovei, sud-estul \u0219i estul Transilvaniei<\/strong>\u00a0\u0219i \u00een\u00a0<strong>Dealurile de Vest<\/strong>, se va forma\u00a0<strong>brum\u0103<\/strong>, mai ales \u00een condi\u021biile unui cer senin \u0219i v\u00e2nt slab. La munte, vor fi\u00a0<strong>precipita\u021bii sub form\u0103 de lapovi\u021b\u0103 \u0219i ninsoare<\/strong>, \u00een special la altitudini mai mari de 1.500 m, unde se va depune un strat consistent de\u00a0<strong>z\u0103pad\u0103<\/strong>.<\/p>\n\n\n\n<p><\/p>\n\n\n\n<h2>Cod galben de v\u00e2nt puternic emis de ANM<\/h2>\n\n\n\n<p><\/p>\n\n\n\n<p>Pe l\u00e2ng\u0103 temperaturile sc\u0103zute,\u00a0<strong>v\u00e2ntul puternic<\/strong>\u00a0va contribui semnificativ la senza\u021bia de frig.\u00a0<strong>ANM a emis o aten\u021bionare cod galben pentru ziua de vineri, 9 mai<\/strong>, valabil\u0103 \u00eentre orele 10:00 \u0219i 20:00. Afectate vor fi \u00een special\u00a0<strong>centrul \u0219i sudul Moldovei<\/strong>, unde rafalele vor atinge\u00a0<strong>50\u201360 km\/h<\/strong>.<\/p>\n\n\n\n<p><\/p>\n\n\n\n<p>\u00cen celelalte regiuni extracarpatice, v\u00e2ntul va sufla cu\u00a0<strong>35\u201345 km\/h<\/strong>, iar pe\u00a0<strong>crestele Carpa\u021bilor Meridionali \u0219i de Curbur\u0103<\/strong>, rafalele vor dep\u0103\u0219i\u00a0<strong>60\u201380 km\/h<\/strong>. \u00cen zonele montane, v\u00e2ntul va favoriza apari\u021bia\u00a0<strong>viscolului<\/strong>, reduc\u00e2nd vizibilitatea \u0219i cresc\u00e2nd disconfortul termic.<\/p>\n\n\n\n<p><\/p>\n\n\n\n<h2>Zonele cele mai afectate<\/h2>\n\n\n\n<p>Cele mai afectate regiuni vor fi:<\/p>\n\n\n\n<ul>\n<li><strong>Carpa\u021bii Meridionali \u0219i Orientali<\/strong>&nbsp;\u2013 ninsoare \u0219i strat de z\u0103pad\u0103 consistent<\/li>\n\n\n\n<li><strong>Zonele depresionare<\/strong>&nbsp;\u2013 temperaturi negative \u0219i brum\u0103<\/li>\n\n\n\n<li><strong>Moldova \u0219i sud-estul \u021b\u0103rii<\/strong>&nbsp;\u2013 v\u00e2nt puternic \u0219i frig resim\u021bit accentuat<\/li>\n\n\n\n<li><strong>Regiunile de munte<\/strong>\u00a0\u2013 risc de viscol \u0219i condi\u021bii de iarn\u0103 la altitudini mari<\/li>\n<\/ul>\n\n\n\n<p><\/p>\n\n\n\n<h2>Recomand\u0103ri pentru popula\u021bie<\/h2>\n\n\n\n<p>Autorit\u0103\u021bile avertizeaz\u0103 popula\u021bia s\u0103 fie preg\u0103tit\u0103 pentru condi\u021bii meteorologice severe:<\/p>\n\n\n\n<ul>\n<li><strong>Evita\u021bi deplas\u0103rile<\/strong>&nbsp;\u00een zonele montane \u0219i afectate de v\u00e2nt puternic<\/li>\n\n\n\n<li><strong>Proteja\u021bi locuin\u021bele<\/strong>&nbsp;\u00eempotriva v\u00e2ntului \u0219i a temperaturilor sc\u0103zute<\/li>\n\n\n\n<li><strong>Fi\u021bi aten\u021bi la posibile \u00eentreruperi de curent<\/strong>&nbsp;din cauza copacilor dobor\u00e2\u021bi<\/li>\n\n\n\n<li><strong>Adapta\u021bi vestimenta\u021bia \u0219i programul zilnic<\/strong>&nbsp;\u00een func\u021bie de vreme<\/li>\n<\/ul>\n\n\n\n<p>\u00cen zonele montane, exist\u0103 \u0219i un\u00a0<strong>risc crescut de avalan\u0219e<\/strong>\u00a0din cauza ninsorilor abundente \u0219i a intensific\u0103rilor de v\u00e2nt.<\/p>\n\n\n\n<p><\/p>\n\n\n\n<p><\/p>\n\n\n\n<h2>Concluzie<\/h2>\n\n\n\n<p>Vremea se schimb\u0103 radical \u00een Rom\u00e2nia odat\u0103 cu venirea aerului polar. Temperaturile sc\u0103zute, ninsorile \u0219i v\u00e2ntul vor domina \u00eenceputul lunii mai, afect\u00e2nd \u00eentreaga \u021bar\u0103. Cet\u0103\u021benii sunt sf\u0103tui\u021bi s\u0103 se informeze constant din surse oficiale \u0219i s\u0103 ia m\u0103surile necesare pentru a face fa\u021b\u0103 acestei perioade de vreme sever\u0103, neobi\u0219nuit\u0103 pentru aceast\u0103 perioad\u0103 a anului.<\/p>\n","protected":false},"excerpt":{"rendered":"<p>Un val de aer polar\u00a0love\u0219te Rom\u00e2nia \u00eencep\u00e2nd de s\u00e2mb\u0103t\u0103, 10 mai, aduc\u00e2nd cu el\u00a0temperaturi sc\u0103zute, precipita\u021bii sub form\u0103 de ninsoare \u0219i brum\u0103, dar \u0219i\u00a0v\u00e2nt puternic\u00a0care<\/p>\n","protected":false},"author":1,"featured_media":39086,"comment_status":"closed","ping_status":"closed","sticky":false,"template":"","format":"standard","meta":[],"categories":[1],"tags":[],"_links":{"self":[{"href":"https:\/\/calatorinromania.com\/index.php?rest_route=\/wp\/v2\/posts\/39101"}],"collection":[{"href":"https:\/\/calatorinromania.com\/index.php?rest_route=\/wp\/v2\/posts"}],"about":[{"href":"https:\/\/calatorinromania.com\/index.php?rest_route=\/wp\/v2\/types\/post"}],"author":[{"embeddable":true,"href":"https:\/\/calatorinromania.com\/index.php?rest_route=\/wp\/v2\/users\/1"}],"replies":[{"embeddable":true,"href":"https:\/\/calatorinromania.com\/index.php?rest_route=%2Fwp%2Fv2%2Fcomments&post=39101"}],"version-history":[{"count":1,"href":"https:\/\/calatorinromania.com\/index.php?rest_route=\/wp\/v2\/posts\/39101\/revisions"}],"predecessor-version":[{"id":39102,"href":"https:\/\/calatorinromania.com\/index.php?rest_route=\/wp\/v2\/posts\/39101\/revisions\/39102"}],"wp:featuredmedia":[{"embeddable":true,"href":"https:\/\/calatorinromania.com\/index.php?rest_route=\/wp\/v2\/media\/39086"}],"wp:attachment":[{"href":"https:\/\/calatorinromania.com\/index.php?rest_route=%2Fwp%2Fv2%2Fmedia&parent=39101"}],"wp:term":[{"taxonomy":"category","embeddable":true,"href":"https:\/\/calatorinromania.com\/index.php?rest_route=%2Fwp%2Fv2%2Fcategories&post=39101"},{"taxonomy":"post_tag","embeddable":true,"href":"https:\/\/calatorinromania.com\/index.php?rest_route=%2Fwp%2Fv2%2Ftags&post=39101"}],"curies":[{"name":"wp","href":"https:\/\/api.w.org\/{rel}","templated":true}]}}