{"id":39094,"date":"2025-05-09T09:51:36","date_gmt":"2025-05-09T09:51:36","guid":{"rendered":"https:\/\/calatorinromania.com\/?p=39094"},"modified":"2025-05-09T09:51:36","modified_gmt":"2025-05-09T09:51:36","slug":"tanti-pot-sa-iau-o-bomboana-mi-e-foarte-foame-a-intrebat-incetisor-un-baietel","status":"publish","type":"post","link":"https:\/\/calatorinromania.com\/?p=39094","title":{"rendered":"\u2013 Tanti, pot s\u0103 iau o bomboan\u0103? Mi-e foarte foame, a \u00eentrebat \u00eenceti\u0219or un b\u0103ie\u021bel."},"content":{"rendered":"\n<p>\u2014 Tanti, pot s\u0103 iau o bomboan\u0103? Mi-e foarte foame, a \u00eentrebat \u00eenceti\u0219or un b\u0103ie\u021bel.<\/p>\n\n\n\n<p>Ea i-a dat una, apoi l-a \u00eentrebat:<\/p>\n\n\n\n<p>\u2014 Al cui copil e\u0219ti, puiule? Nu te-am mai v\u0103zut niciodat\u0103 pe aici.<\/p>\n\n\n\n<p>B\u0103ie\u021belul s-a oprit din mestecat, s-a apropiat de banc\u0103 \u0219i aproape c\u0103 i-a \u0219optit:<\/p>\n\n\n\n<p>\u2014 N-am p\u0103rin\u021bi&#8230; tr\u0103iesc singur, \u00eentr-o cas\u0103 d\u0103r\u0103p\u0103nat\u0103, l\u00e2ng\u0103 p\u0103dure.<\/p>\n\n\n\n<p>Elena a r\u0103mas blocat\u0103. O clip\u0103, n-a \u0219tiut ce s\u0103 zic\u0103. Sim\u021bea cum inima i se str\u00e2nge. Se uita la copilul \u0103la am\u0103r\u00e2t, cu ochii mari \u0219i tri\u0219ti, \u0219i ceva \u00een ea s-a rupt.<\/p>\n\n\n\n<p>\u2014 Cum adic\u0103 tr\u0103ie\u0219ti singur? Cine are grij\u0103 de tine?<\/p>\n\n\n\n<p>\u2014 Nimeni. A plecat mama cu unul \u0219i n-a mai venit. Tata a murit acum doi ani. Am r\u0103mas singur.<\/p>\n\n\n\n<p>Elena sim\u021bea c\u0103 i se umeze\u0219te privirea. Nu mai era doar o \u00eent\u00e2mplare neobi\u0219nuit\u0103, era ceva serios.<\/p>\n\n\n\n<p>\u2014 \u0218i&#8230; de unde m\u0103n\u00e2nci?<\/p>\n\n\n\n<p>\u2014 Ce g\u0103sesc prin p\u0103dure sau ce mai dau oamenii. Mai iau de prin tomberoane.<\/p>\n\n\n\n<p>Femeia \u0219i-a dus m\u00e2na la gur\u0103. Nu-i venea s\u0103 cread\u0103 ce auzea. Era 2025, cum s\u0103 existe a\u0219a ceva, la doi pa\u0219i de ora\u0219?<\/p>\n\n\n\n<p>\u2014 Hai cu mine, \u00eei zise ea dintr-o dat\u0103. M\u0103car s\u0103-\u021bi dau ceva cald.<\/p>\n\n\n\n<p>Copilul o privi speriat, dar \u00een ochii Elenei nu era nici urm\u0103 de r\u0103utate. A ezitat o clip\u0103, apoi a dat din cap, \u00eencet.<\/p>\n\n\n\n<p>Au mers \u00eempreun\u0103 vreo 10 minute p\u00e2n\u0103 la c\u0103su\u021ba de pe teren. So\u021bul Elenei nu era acas\u0103, era plecat dup\u0103 ni\u0219te scule. \u00cen buc\u0103t\u0103rie mirosea a sup\u0103 de legume.<\/p>\n\n\n\n<p>\u2014 Stai aici, zise ea, a\u0219az\u0103-te. \u00ce\u021bi pun o farfurie.<\/p>\n\n\n\n<p>Copilul n-a spus nimic. Se uita mirat, de parc\u0103 nu mai v\u0103zuse niciodat\u0103 o mas\u0103 pus\u0103.<\/p>\n\n\n\n<p>Dup\u0103 ce a m\u00e2ncat dou\u0103 por\u021bii de sup\u0103, Elena a sunat discret la prim\u0103rie. Nu \u0219tia exact ce pa\u0219i trebuia s\u0103 urmeze, dar \u0219tia c\u0103 nu-l putea l\u0103sa iar \u00een drum. I-au promis c\u0103 trimit pe cineva a doua zi, s\u0103 verifice.<\/p>\n\n\n\n<p>\u2014 Po\u021bi s\u0103 dormi aici \u00een seara asta, i-a spus. Avem o camer\u0103 liber\u0103. Dar m\u00e2ine vin ni\u0219te oameni s\u0103 te ajute. Nu te speria, bine?<\/p>\n\n\n\n<p>B\u0103iatul a dat din cap, dar ochii i se umpluser\u0103 de lacrimi.<\/p>\n\n\n\n<p>\u2014 Promi\u021bi c\u0103 nu m\u0103 trimi\u021bi la un orfelinat?<\/p>\n\n\n\n<p>Elena a oftat ad\u00e2nc.<\/p>\n\n\n\n<p>\u2014 Nu \u0219tiu ce-o s\u0103 fie, puiule. Dar promit c\u0103 nu te las singur.<\/p>\n\n\n\n<hr class=\"wp-block-separator has-alpha-channel-opacity\"\/>\n\n\n\n<p>A doua zi diminea\u021b\u0103, asisten\u021bii sociali au venit. Au vorbit cu b\u0103iatul, au verificat povestea \u0219i au confirmat: copilul chiar tr\u0103ia singur de luni bune. Locuin\u021ba \u00een care st\u0103tea era pe punctul de a se pr\u0103bu\u0219i.<\/p>\n\n\n\n<p>Dup\u0103 dou\u0103 s\u0103pt\u0103m\u00e2ni, Elena \u0219i so\u021bul ei au decis s\u0103-l ia \u00een plasament. Nu le-a fost u\u0219or, dar sufletul copilului le cucerise inimile. \u00cencet-\u00eencet, b\u0103iatul a \u00eenceput s\u0103 z\u00e2mbeasc\u0103 din nou.<\/p>\n\n\n\n<p>\u0218i totul a \u00eenceput cu o singur\u0103 \u00eentrebare:<\/p>\n\n\n\n<p>\u2014 Tanti, pot s\u0103 iau o bomboan\u0103?<\/p>\n","protected":false},"excerpt":{"rendered":"<p>\u2014 Tanti, pot s\u0103 iau o bomboan\u0103? Mi-e foarte foame, a \u00eentrebat \u00eenceti\u0219or un b\u0103ie\u021bel. Ea i-a dat una, apoi l-a \u00eentrebat: \u2014 Al cui<\/p>\n","protected":false},"author":1,"featured_media":39015,"comment_status":"closed","ping_status":"closed","sticky":false,"template":"","format":"standard","meta":[],"categories":[1],"tags":[],"_links":{"self":[{"href":"https:\/\/calatorinromania.com\/index.php?rest_route=\/wp\/v2\/posts\/39094"}],"collection":[{"href":"https:\/\/calatorinromania.com\/index.php?rest_route=\/wp\/v2\/posts"}],"about":[{"href":"https:\/\/calatorinromania.com\/index.php?rest_route=\/wp\/v2\/types\/post"}],"author":[{"embeddable":true,"href":"https:\/\/calatorinromania.com\/index.php?rest_route=\/wp\/v2\/users\/1"}],"replies":[{"embeddable":true,"href":"https:\/\/calatorinromania.com\/index.php?rest_route=%2Fwp%2Fv2%2Fcomments&post=39094"}],"version-history":[{"count":1,"href":"https:\/\/calatorinromania.com\/index.php?rest_route=\/wp\/v2\/posts\/39094\/revisions"}],"predecessor-version":[{"id":39095,"href":"https:\/\/calatorinromania.com\/index.php?rest_route=\/wp\/v2\/posts\/39094\/revisions\/39095"}],"wp:featuredmedia":[{"embeddable":true,"href":"https:\/\/calatorinromania.com\/index.php?rest_route=\/wp\/v2\/media\/39015"}],"wp:attachment":[{"href":"https:\/\/calatorinromania.com\/index.php?rest_route=%2Fwp%2Fv2%2Fmedia&parent=39094"}],"wp:term":[{"taxonomy":"category","embeddable":true,"href":"https:\/\/calatorinromania.com\/index.php?rest_route=%2Fwp%2Fv2%2Fcategories&post=39094"},{"taxonomy":"post_tag","embeddable":true,"href":"https:\/\/calatorinromania.com\/index.php?rest_route=%2Fwp%2Fv2%2Ftags&post=39094"}],"curies":[{"name":"wp","href":"https:\/\/api.w.org\/{rel}","templated":true}]}}