{"id":39074,"date":"2025-05-09T06:07:58","date_gmt":"2025-05-09T06:07:58","guid":{"rendered":"https:\/\/calatorinromania.com\/?p=39074"},"modified":"2025-05-09T06:07:59","modified_gmt":"2025-05-09T06:07:59","slug":"%f0%9f%8d%9e-biscuiti-umpluti-cu-branza-si-susan-fara-ulei","status":"publish","type":"post","link":"https:\/\/calatorinromania.com\/?p=39074","title":{"rendered":"\ud83c\udf5e <strong>Biscui\u021bi Umplu\u021bi cu Br\u00e2nz\u0103 \u0219i Susan (f\u0103r\u0103 ulei)<\/strong>"},"content":{"rendered":"\n<h2><\/h2>\n\n\n\n<p><em>C\u0103uta\u021bi o re\u021bet\u0103 de biscui\u021bi f\u0103r\u0103 ulei, cu m\u0103suri simple? A\u021bi g\u0103sit-o! Ace\u0219ti biscui\u021bi sunt fragedi, gusto\u0219i \u0219i pot fi servi\u021bi la orice mas\u0103.<\/em><\/p>\n\n\n\n<p><\/p>\n\n\n\n<h3><strong>Ingrediente pentru aluat (cu m\u0103suri de can\u0103 \u2013 1 can\u0103 = 200 ml):<\/strong><\/h3>\n\n\n\n<p><\/p>\n\n\n\n<ul>\n<li>7 c\u0103ni de f\u0103in\u0103<\/li>\n\n\n\n<li>1 can\u0103 de lapte<\/li>\n\n\n\n<li>1 can\u0103 de ap\u0103<\/li>\n\n\n\n<li>2 ou\u0103<\/li>\n\n\n\n<li>10 g drojdie uscat\u0103 (sau 25 g drojdie proasp\u0103t\u0103)<\/li>\n\n\n\n<li>1 linguri\u021b\u0103 de sare<\/li>\n\n\n\n<li>1 can\u0103 de iaurt gros (tip grecesc)<\/li>\n<\/ul>\n\n\n\n<p><\/p>\n\n\n\n<h3><strong>Pentru umplutur\u0103 \u0219i finisare:<\/strong><\/h3>\n\n\n\n<ul>\n<li>200 g br\u00e2nz\u0103 tare (ca\u0219caval, telemea, cheddar)<\/li>\n\n\n\n<li>100 g unt (pentru uns aluatul)<\/li>\n\n\n\n<li>200 g susan<\/li>\n\n\n\n<li>50 g miere<\/li>\n\n\n\n<li>150 ml ap\u0103<\/li>\n<\/ul>\n\n\n\n<p><\/p>\n\n\n\n<h3><strong>Instruc\u021biuni pas cu pas:<\/strong><\/h3>\n\n\n\n<p><\/p>\n\n\n\n<h4>1. <strong>Preg\u0103tirea aluatului:<\/strong><\/h4>\n\n\n\n<ul>\n<li>\u00centr-un bol mare, amestec\u0103 laptele, apa, drojdia \u0219i sarea.<\/li>\n\n\n\n<li>Adaug\u0103 ou\u0103le \u0219i amestec\u0103 bine cu un tel.<\/li>\n\n\n\n<li>\u00cencorporeaz\u0103 iaurtul.<\/li>\n\n\n\n<li>\u00cencepe s\u0103 adaugi f\u0103ina treptat \u0219i fr\u0103m\u00e2nt\u0103 aluatul cu m\u00e2na p\u00e2n\u0103 ob\u021bii o compozi\u021bie moale \u0219i u\u0219or elastic\u0103.<\/li>\n\n\n\n<li>Transfer\u0103 aluatul pe o suprafa\u021b\u0103 pres\u0103rat\u0103 cu f\u0103in\u0103 \u0219i mai fr\u0103m\u00e2nt\u0103-l c\u00e2teva minute.<\/li>\n\n\n\n<li>Pune-l \u00eenapoi \u00een bol, acoper\u0103-l cu un prosop \u0219i las\u0103-l la dospit 2 ore sau p\u00e2n\u0103 \u00ee\u0219i dubleaz\u0103 volumul.<\/li>\n<\/ul>\n\n\n\n<p><\/p>\n\n\n\n<h4>2. <strong>Modelarea biscui\u021bilor:<\/strong><\/h4>\n\n\n\n<ul>\n<li>\u00cemparte aluatul dospit \u00een dou\u0103 buc\u0103\u021bi mari.<\/li>\n\n\n\n<li>Ruleaz\u0103 fiecare bucat\u0103 \u00eentr-un sul gros \u0219i taie fiecare sul \u00een 5 p\u0103r\u021bi egale (\u00een total: 10 buc\u0103\u021bi).<\/li>\n\n\n\n<li>Ia fiecare bucat\u0103, \u00eentinde-o \u00eentr-un cerc \u0219i apoi aplatizeaz\u0103 cu un sucitor.<\/li>\n\n\n\n<li>\u00cen mijlocul fiec\u0103rui cerc pune o linguri\u021b\u0103 de unt moale \u0219i o feliu\u021b\u0103 de br\u00e2nz\u0103.<\/li>\n\n\n\n<li>\u00cemp\u0103ture\u0219te marginile peste umplutur\u0103, form\u00e2nd un dreptunghi bine sigilat.<\/li>\n<\/ul>\n\n\n\n<p><\/p>\n\n\n\n<h4>3. <strong>Acoperirea cu susan:<\/strong><\/h4>\n\n\n\n<ul>\n<li>Amestec\u0103 \u00eentr-un bol mierea cu apa.<\/li>\n\n\n\n<li>Preg\u0103te\u0219te \u00eentr-un alt bol susanul.<\/li>\n\n\n\n<li>Treci fiecare bucat\u0103 de aluat prin amestecul cu miere, apoi prin susan, astfel \u00eenc\u00e2t s\u0103 fie acoperit\u0103 uniform.<\/li>\n<\/ul>\n\n\n\n<p><\/p>\n\n\n\n<h4>4. <strong>Coacerea:<\/strong><\/h4>\n\n\n\n<ul>\n<li>A\u0219az\u0103 biscui\u021bii pe o tav\u0103 tapetat\u0103 cu h\u00e2rtie de copt.<\/li>\n\n\n\n<li>Coace \u00een cuptor pre\u00eenc\u0103lzit la <strong>180\u00b0C<\/strong> timp de <strong>25 de minute<\/strong>, sau p\u00e2n\u0103 devin aurii \u0219i apetisan\u021bi.<\/li>\n<\/ul>\n\n\n\n<p><\/p>\n\n\n\n<h3><strong>Servire:<\/strong><\/h3>\n\n\n\n<p>Se servesc calzi sau u\u0219or c\u0103ldu\u021bi. Sunt excelen\u021bi la micul dejun, gustare sau chiar ca \u00eenlocuitor de p\u00e2ine la mas\u0103.<\/p>\n\n\n\n<p><\/p>\n\n\n\n<p><\/p>\n\n\n\n<h3><strong>Sfaturi utile:<\/strong><\/h3>\n\n\n\n<p><\/p>\n\n\n\n<ul>\n<li>Dac\u0103 prefera\u021bi o variant\u0103 mai s\u0103rat\u0103, folosi\u021bi telemea \u00een loc de ca\u0219caval.<\/li>\n\n\n\n<li>Pentru un plus de arom\u0103, pute\u021bi ad\u0103uga ierburi uscate \u00een aluat (ex: oregano sau cimbru).<\/li>\n\n\n\n<li>Se pot congela \u00eenainte de coacere \u0219i coace direct din congelator.<\/li>\n<\/ul>\n","protected":false},"excerpt":{"rendered":"<p>C\u0103uta\u021bi o re\u021bet\u0103 de biscui\u021bi f\u0103r\u0103 ulei, cu m\u0103suri simple? A\u021bi g\u0103sit-o! Ace\u0219ti biscui\u021bi sunt fragedi, gusto\u0219i \u0219i pot fi servi\u021bi la orice mas\u0103. Ingrediente<\/p>\n","protected":false},"author":1,"featured_media":39075,"comment_status":"closed","ping_status":"closed","sticky":false,"template":"","format":"standard","meta":[],"categories":[1],"tags":[],"_links":{"self":[{"href":"https:\/\/calatorinromania.com\/index.php?rest_route=\/wp\/v2\/posts\/39074"}],"collection":[{"href":"https:\/\/calatorinromania.com\/index.php?rest_route=\/wp\/v2\/posts"}],"about":[{"href":"https:\/\/calatorinromania.com\/index.php?rest_route=\/wp\/v2\/types\/post"}],"author":[{"embeddable":true,"href":"https:\/\/calatorinromania.com\/index.php?rest_route=\/wp\/v2\/users\/1"}],"replies":[{"embeddable":true,"href":"https:\/\/calatorinromania.com\/index.php?rest_route=%2Fwp%2Fv2%2Fcomments&post=39074"}],"version-history":[{"count":1,"href":"https:\/\/calatorinromania.com\/index.php?rest_route=\/wp\/v2\/posts\/39074\/revisions"}],"predecessor-version":[{"id":39076,"href":"https:\/\/calatorinromania.com\/index.php?rest_route=\/wp\/v2\/posts\/39074\/revisions\/39076"}],"wp:featuredmedia":[{"embeddable":true,"href":"https:\/\/calatorinromania.com\/index.php?rest_route=\/wp\/v2\/media\/39075"}],"wp:attachment":[{"href":"https:\/\/calatorinromania.com\/index.php?rest_route=%2Fwp%2Fv2%2Fmedia&parent=39074"}],"wp:term":[{"taxonomy":"category","embeddable":true,"href":"https:\/\/calatorinromania.com\/index.php?rest_route=%2Fwp%2Fv2%2Fcategories&post=39074"},{"taxonomy":"post_tag","embeddable":true,"href":"https:\/\/calatorinromania.com\/index.php?rest_route=%2Fwp%2Fv2%2Ftags&post=39074"}],"curies":[{"name":"wp","href":"https:\/\/api.w.org\/{rel}","templated":true}]}}