{"id":39072,"date":"2025-05-09T05:56:37","date_gmt":"2025-05-09T05:56:37","guid":{"rendered":"https:\/\/calatorinromania.com\/?p=39072"},"modified":"2025-05-09T05:56:37","modified_gmt":"2025-05-09T05:56:37","slug":"noaptea-era-rece-desi-calendarul-arata-inceputul-lui-mai","status":"publish","type":"post","link":"https:\/\/calatorinromania.com\/?p=39072","title":{"rendered":"Noaptea era rece, de\u0219i calendarul ar\u0103ta \u00eenceputul lui mai."},"content":{"rendered":"\n<p>Noaptea era rece, de\u0219i calendarul ar\u0103ta \u00eenceputul lui mai. Clara st\u0103tea pe marginea patului \u00een apartamentul lor mic din ora\u0219, cu ochii ro\u0219ii de pl\u00e2ns \u0219i cu mintea r\u0103t\u0103cit\u0103 \u00eentre amintiri \u0219i planuri. Telefonul vibra din c\u00e2nd \u00een c\u00e2nd \u2014 un mesaj de la prietena ei, un apel ratat de la Mariana, soacra. Dar niciun semn de la Tomas.<\/p>\n\n\n\n<p>A doua zi diminea\u021b\u0103, Clara se trezi devreme, de\u0219i nu dormise mai deloc. \u00ce\u0219i f\u0103cu o cafea amar\u0103 \u0219i privi pe geam ora\u0219ul \u00eenc\u0103 adormit. G\u00e2ndurile \u00eei fugeau spre fiul ei. Oare dormise bine? Oare Tomas \u00eel adusese acas\u0103 cu grij\u0103? Inima i se str\u00e2ngea. Nu putea continua a\u0219a.<\/p>\n\n\n\n<p>La pr\u00e2nz, sun\u0103 interfonul. Era Tomas, cu Luca de m\u00e2n\u0103. B\u0103iatul z\u00e2mbea obosit, dar sincer, \u0219i s\u0103ri \u00een bra\u021bele mamei. Tomas nu spuse nimic. Nici Clara. Doar c\u0103 schimbul de priviri \u00eentre ei era \u00eenc\u0103rcat de tot ce n-au avut curajul s\u0103 spun\u0103 cu voce tare \u00een ultimii ani.<\/p>\n\n\n\n<p>\u2014 Clara&#8230; \u2014 \u00eencepu el, dar ea \u00eel \u00eentrerupse:<\/p>\n\n\n\n<p>\u2014 Am nevoie de timp. Nu vreau s\u0103 vorbim acum. Las\u0103-l pe Luca aici \u0219i pleac\u0103.<\/p>\n\n\n\n<p>Tomas d\u0103du din cap \u00eencet, apoi ie\u0219i din apartament f\u0103r\u0103 un cuv\u00e2nt.<\/p>\n\n\n\n<p>Timpul pe care Clara \u0219i-l ceruse nu era o fug\u0103, ci o strategie. \u00cen urm\u0103toarele zile, \u00eencepu s\u0103-\u0219i fac\u0103 ordine \u00een g\u00e2nduri \u0219i&#8230; \u00een acte. Scoase copii dup\u0103 certificatul de c\u0103s\u0103torie, c\u0103ut\u0103 numerele unor avoca\u021bi \u0219i, cel mai important, \u00eencepu s\u0103 vorbeasc\u0103 cu o terapeut\u0103.<\/p>\n\n\n\n<p>\u00cen paralel, Tomas \u00eencepu s\u0103-i trimit\u0103 mesaje lungi, pline de regrete, flori l\u0103sate la u\u0219\u0103, dar niciodat\u0103 scuze adev\u0103rate. El nu \u00een\u021belegea ce pierduse cu adev\u0103rat \u2014 o femeie care ani la r\u00e2nd \u0219i-a neglijat propria durere pentru a \u021bine familia \u00eempreun\u0103.<\/p>\n\n\n\n<p>Clara, \u00eens\u0103, se schimba. Cu fiecare \u0219edin\u021b\u0103 de terapie, cu fiecare sear\u0103 petrecut\u0103 cu Luca \u00een lini\u0219te, cu fiecare respira\u021bie ad\u00e2nc\u0103 f\u0103r\u0103 fric\u0103 de scandal \u2014 prindea putere. \u00centr-o zi, c\u00e2nd Tomas insist\u0103 s\u0103 vin\u0103 s\u0103 \u201evorbeasc\u0103 civilizat\u201d, Clara accept\u0103. \u00cel a\u0219tepta calm\u0103, cu o list\u0103 \u00een m\u00e2n\u0103.<\/p>\n\n\n\n<p>\u2014 Ascult\u0103-m\u0103 o dat\u0103 p\u00e2n\u0103 la cap\u0103t, f\u0103r\u0103 \u00eentreruperi, \u00eei spuse ea.<\/p>\n\n\n\n<p>Tomas \u00eencerc\u0103 s\u0103 r\u0103spund\u0103, dar se opri c\u00e2nd v\u0103zu \u00een ochii ei o hot\u0103r\u00e2re pe care nu o cunoscuse p\u00e2n\u0103 atunci.<\/p>\n\n\n\n<p>\u2014 Timp de zece ani \u021bi-am iertat ie\u0219irile, umilin\u021bele, promisiunile \u00eenc\u0103lcate. Am sperat c\u0103 te vei schimba, c\u0103 m\u0103 vei vedea cu adev\u0103rat. Nu pentru c\u0103 sunt perfect\u0103, ci pentru c\u0103 merit respect. Acum a venit r\u00e2ndul meu s\u0103 aleg. Nu vreau s\u0103 mai tr\u0103iesc a\u0219a. Am depus actele de divor\u021b. Po\u021bi avea custodie comun\u0103, dac\u0103 demonstrezi c\u0103 e\u0219ti capabil s\u0103 fii un tat\u0103 bun.<\/p>\n\n\n\n<p>Tomas r\u0103mase mut. Nu era prima dat\u0103 c\u00e2nd Clara amenin\u021ba cu desp\u0103r\u021birea, dar de data asta era real. Vocea ei era calm\u0103, dar hot\u0103r\u00e2t\u0103. Nu era furie \u2014 era eliberare.<\/p>\n\n\n\n<p>\u2014 Dar Clara, eu&#8230; te iubesc.<\/p>\n\n\n\n<p>\u2014 Poate c\u0103 da, dar dragostea f\u0103r\u0103 respect \u0219i echilibru doare. \u0218i mie mi-a ajuns.<\/p>\n\n\n\n<p>**<\/p>\n\n\n\n<p>Lunile care au urmat au fost complicate, dar pline de sens. Clara s-a mutat \u00eentr-un apartament mai mic, aproape de \u0219coala lui Luca. A \u00eenceput s\u0103 lucreze ca freelancer \u00een design grafic \u2014 o pasiune pe care o abandonase c\u00e2ndva pentru \u201ebinele familiei\u201d. Terapia a continuat, la fel \u0219i sprijinul prietenelor. Nu to\u021bi au \u00een\u021beles decizia ei, dar nu mai conta. \u00cen fiecare zi, Clara sim\u021bea c\u0103 \u00ee\u0219i reconstruie\u0219te via\u021ba.<\/p>\n\n\n\n<p>Tomas, \u00een schimb, a oscilat \u00eentre furie \u0219i implor\u0103ri. A urmat c\u00e2teva \u0219edin\u021be de consiliere, mai mult ca s\u0103 bifeze, nu din convingere. Abia c\u00e2nd instan\u021ba a stabilit un program de vizite strict \u0219i plata pensiei alimentare, a \u00eenceput s\u0103 \u00een\u021beleag\u0103 gravitatea pierderii.<\/p>\n\n\n\n<p>\u00centr-o duminic\u0103, Luca a venit acas\u0103 de la tat\u0103l lui \u0219i i-a spus mamei:<\/p>\n\n\n\n<p>\u2014 Tata mi-a zis c\u0103 a gre\u0219it \u0219i c\u0103 vrea s\u0103 devin\u0103 mai bun. Dar mi-a spus \u0219i c\u0103 tu e\u0219ti cea mai curajoas\u0103 persoan\u0103 pe care o cunoa\u0219te.<\/p>\n\n\n\n<p>Clara l-a privit pe fiul ei \u0219i l-a str\u00e2ns \u00een bra\u021be.<\/p>\n\n\n\n<p>\u2014 Dac\u0103 am f\u0103cut m\u0103car asta bine \u2014 s\u0103-\u021bi ar\u0103t c\u0103 e \u00een regul\u0103 s\u0103 alegi ceea ce e corect, chiar dac\u0103 e greu \u2014 atunci am reu\u0219it.<\/p>\n\n\n\n<p>**<\/p>\n\n\n\n<p>Ani mai t\u00e2rziu, Clara nu mai era doar \u201efosta lui Tomas\u201d. Era o femeie complet\u0103, liber\u0103, cu o carier\u0103 pe cont propriu \u0219i o inim\u0103 care nu mai b\u0103tea de team\u0103. Iar \u00eentr-o sear\u0103 de mai, cu miros de liliac \u0219i v\u00e2nt bl\u00e2nd, s-a \u00eent\u00e2lnit \u00eent\u00e2mpl\u0103tor cu Tomas, \u00eentr-un parc unde Luca se juca cu colegii.<\/p>\n\n\n\n<p>\u2014 E\u0219ti bine, Clara? \u2014 \u00eentreb\u0103 el cu sinceritate.<\/p>\n\n\n\n<p>\u2014 Sunt bine, Tomas. \u0218i tu?<\/p>\n\n\n\n<p>\u2014 M\u0103 str\u0103duiesc. \u00ce\u021bi mul\u021bumesc. Pentru c\u0103 ai avut curajul s\u0103 pleci.<\/p>\n\n\n\n<p>Ea z\u00e2mbi. Nu mai era nevoie de repro\u0219uri, nici de explica\u021bii. Fiecare dintre ei \u00ee\u0219i \u00eenv\u0103\u021base lec\u021bia. \u0218i uneori, cea mai mare form\u0103 de dragoste e s\u0103 \u0219tii c\u00e2nd s\u0103 spui \u201eajunge\u201d.<\/p>\n","protected":false},"excerpt":{"rendered":"<p>Noaptea era rece, de\u0219i calendarul ar\u0103ta \u00eenceputul lui mai. Clara st\u0103tea pe marginea patului \u00een apartamentul lor mic din ora\u0219, cu ochii ro\u0219ii de pl\u00e2ns<\/p>\n","protected":false},"author":1,"featured_media":39029,"comment_status":"closed","ping_status":"closed","sticky":false,"template":"","format":"standard","meta":[],"categories":[1],"tags":[],"_links":{"self":[{"href":"https:\/\/calatorinromania.com\/index.php?rest_route=\/wp\/v2\/posts\/39072"}],"collection":[{"href":"https:\/\/calatorinromania.com\/index.php?rest_route=\/wp\/v2\/posts"}],"about":[{"href":"https:\/\/calatorinromania.com\/index.php?rest_route=\/wp\/v2\/types\/post"}],"author":[{"embeddable":true,"href":"https:\/\/calatorinromania.com\/index.php?rest_route=\/wp\/v2\/users\/1"}],"replies":[{"embeddable":true,"href":"https:\/\/calatorinromania.com\/index.php?rest_route=%2Fwp%2Fv2%2Fcomments&post=39072"}],"version-history":[{"count":1,"href":"https:\/\/calatorinromania.com\/index.php?rest_route=\/wp\/v2\/posts\/39072\/revisions"}],"predecessor-version":[{"id":39073,"href":"https:\/\/calatorinromania.com\/index.php?rest_route=\/wp\/v2\/posts\/39072\/revisions\/39073"}],"wp:featuredmedia":[{"embeddable":true,"href":"https:\/\/calatorinromania.com\/index.php?rest_route=\/wp\/v2\/media\/39029"}],"wp:attachment":[{"href":"https:\/\/calatorinromania.com\/index.php?rest_route=%2Fwp%2Fv2%2Fmedia&parent=39072"}],"wp:term":[{"taxonomy":"category","embeddable":true,"href":"https:\/\/calatorinromania.com\/index.php?rest_route=%2Fwp%2Fv2%2Fcategories&post=39072"},{"taxonomy":"post_tag","embeddable":true,"href":"https:\/\/calatorinromania.com\/index.php?rest_route=%2Fwp%2Fv2%2Ftags&post=39072"}],"curies":[{"name":"wp","href":"https:\/\/api.w.org\/{rel}","templated":true}]}}