{"id":39063,"date":"2025-05-08T08:06:45","date_gmt":"2025-05-08T08:06:45","guid":{"rendered":"https:\/\/calatorinromania.com\/?p=39063"},"modified":"2025-05-08T08:06:45","modified_gmt":"2025-05-08T08:06:45","slug":"taie-o-lamaie-in-patru-parti-egale-presara-sare-pe-fiecare-si-lasa-le-intr-un-bol-in-camera-pentru-prospetime-si-energie-pozitiva","status":"publish","type":"post","link":"https:\/\/calatorinromania.com\/?p=39063","title":{"rendered":"Taie o l\u0103m\u00e2ie \u00een patru p\u0103r\u021bi egale, presar\u0103 sare pe fiecare \u0219i las\u0103-le \u00eentr-un bol \u00een camer\u0103 pentru prospe\u021bime \u0219i energie pozitiv\u0103."},"content":{"rendered":"\n<h2>L\u0103m\u00e2ia \u2013 un fruct simplu cu beneficii extraordinare pentru s\u0103n\u0103tate \u0219i bun\u0103stare<\/h2>\n\n\n\n<p><\/p>\n\n\n\n<p>L\u0103m\u00e2ia este recunoscut\u0103 de secole pentru propriet\u0103\u021bile sale terapeutice, fiind folosit\u0103 at\u00e2t \u00een scopuri medicinale, c\u00e2t \u0219i culinare. Este nelipsit\u0103 din ceaiuri, ape aromatizate sau deserturi datorit\u0103 gustului s\u0103u revigorant. \u00cens\u0103, dincolo de aceste utiliz\u0103ri clasice, exist\u0103 \u0219i un\u00a0<strong>mod surprinz\u0103tor de a folosi l\u0103m\u00e2ia<\/strong>, care poate avea un impact pozitiv asupra calit\u0103\u021bii somnului \u0219i st\u0103rii generale de bine.<\/p>\n\n\n\n<p><\/p>\n\n\n\n<h3>Truc simplu pentru un somn mai odihnitor<\/h3>\n\n\n\n<p><\/p>\n\n\n\n<p>Un obicei u\u0219or de aplicat este s\u0103 tai o l\u0103m\u00e2ie \u00een patru \u0219i s\u0103 o a\u0219ezi pe noptier\u0103 \u00eenainte de culcare. \u00cen timpul nop\u021bii, l\u0103m\u00e2ia elibereaz\u0103 uleiuri esen\u021biale naturale cu efecte benefice asupra organismului \u0219i mediului din camer\u0103.<\/p>\n\n\n\n<p><\/p>\n\n\n\n<h3>Beneficiile acestui gest aparent banal:<\/h3>\n\n\n\n<p><\/p>\n\n\n\n<ul>\n<li><strong>Purific\u0103 aerul<\/strong>&nbsp;\u2013 datorit\u0103 propriet\u0103\u021bilor antibacteriene \u0219i antiseptice, l\u0103m\u00e2ia \u00eemprosp\u0103teaz\u0103 atmosfera \u0219i reduce germenii din \u00eenc\u0103pere.<\/li>\n\n\n\n<li><strong>Amelioreaz\u0103 respira\u021bia<\/strong>&nbsp;\u2013 aroma proasp\u0103t\u0103 de citrice ajut\u0103 la eliberarea c\u0103ilor respiratorii, fiind de folos \u00een caz de r\u0103ceal\u0103, alergii sau astm.<\/li>\n\n\n\n<li><strong>Alung\u0103 oboseala \u0219i st\u0103rile de epuizare<\/strong>&nbsp;\u2013 parfumul s\u0103u energizant stimuleaz\u0103 sistemul nervos \u0219i combate st\u0103rile de letargie.<\/li>\n\n\n\n<li><strong>\u021aine \u021b\u00e2n\u021barii la distan\u021b\u0103<\/strong>&nbsp;\u2013 mirosul de l\u0103m\u00e2ie este nepl\u0103cut pentru insecte, ceea ce \u00ee\u021bi asigur\u0103 o noapte mai lini\u0219tit\u0103.<\/li>\n\n\n\n<li><strong>\u00cembun\u0103t\u0103\u021be\u0219te starea de spirit<\/strong>\u00a0\u2013 ac\u021bioneaz\u0103 ca un calmant natural, reduc\u00e2nd anxietatea \u0219i favoriz\u00e2nd relaxarea mental\u0103.<\/li>\n<\/ul>\n\n\n\n<p><\/p>\n\n\n\n<h3>Alte utiliz\u0103ri interesante ale l\u0103m\u00e2ii \u00een via\u021ba de zi cu zi:<\/h3>\n\n\n\n<ul>\n<li><strong>Aromaterapie natural\u0103<\/strong>&nbsp;\u2013 mirosul proasp\u0103t aduce o stare de bine, folosit adesea \u0219i \u00een restaurante pentru a crea o atmosfer\u0103 pl\u0103cut\u0103. \u00cel po\u021bi folosi cu succes \u0219i acas\u0103.<\/li>\n\n\n\n<li><strong>\u00cengrijirea p\u0103rului \u0219i scalpului<\/strong>&nbsp;\u2013 ajut\u0103 la combaterea m\u0103tre\u021bii \u0219i la revitalizarea firelor de p\u0103r.<\/li>\n\n\n\n<li><strong>\u00cengrijirea pielii<\/strong>&nbsp;\u2013 aplicat\u0103 local, pulpa de l\u0103m\u00e2ie poate reduce imperfec\u021biunile, cum ar fi acneea, punctele negre sau petele pigmentare.<\/li>\n\n\n\n<li><strong>\u00cent\u0103rirea unghiilor<\/strong>&nbsp;\u2013 l\u0103m\u00e2ia contribuie la albirea natural\u0103 a unghiilor \u0219i la calmarea inflama\u021biilor de la nivelul picioarelor.<\/li>\n\n\n\n<li><strong>Detoxifiere \u0219i prevenirea bolilor<\/strong>&nbsp;\u2013 ajut\u0103 la cur\u0103\u021barea s\u00e2ngelui, fiind considerat\u0103 util\u0103 \u00een prevenirea unor afec\u021biuni precum malaria sau holera.<\/li>\n\n\n\n<li><strong>\u00cencetinirea procesului de \u00eemb\u0103tr\u00e2nire<\/strong>&nbsp;\u2013 con\u021binutul bogat de&nbsp;<strong>vitamine C, A \u0219i E<\/strong>&nbsp;ofer\u0103 un efect antioxidant care men\u021bine pielea t\u00e2n\u0103r\u0103.<\/li>\n\n\n\n<li><strong>Deodorant natural<\/strong>\u00a0\u2013 neutralizeaz\u0103 mirosurile nepl\u0103cute \u0219i ofer\u0103 prospe\u021bime pielii.<\/li>\n<\/ul>\n\n\n\n<p><\/p>\n\n\n\n<h3>Benefic\u0103 \u0219i pentru s\u0103n\u0103tatea respiratorie<\/h3>\n\n\n\n<p>L\u0103m\u00e2ia este de real ajutor \u0219i \u00een problemele respiratorii. Vaporii elibera\u021bi ajut\u0103 la decongestionarea nasului, u\u0219ureaz\u0103 respira\u021bia \u0219i calmeaz\u0103 irita\u021biile din g\u00e2t. Poate fi un sprijin natural \u00een cazuri de\u00a0<strong>r\u0103ceal\u0103, grip\u0103, astm sau alergii sezoniere<\/strong>.<\/p>\n\n\n\n<p><\/p>\n\n\n\n<h3>\u00a0Integreaz\u0103 l\u0103m\u00e2ia \u00een rutina zilnic\u0103<\/h3>\n\n\n\n<p><\/p>\n\n\n\n<p>Fie c\u0103 o consumi, o folose\u0219ti \u00een cosmetic\u0103 sau pur \u0219i simplu o a\u0219ezi \u00een camer\u0103 pentru arom\u0103 \u0219i efecte terapeutice,&nbsp;<strong>l\u0103m\u00e2ia este un aliat de n\u0103dejde pentru s\u0103n\u0103tatea ta<\/strong>. Include-o \u00een stilul t\u0103u de via\u021b\u0103 \u0219i vei observa schimb\u0103ri pozitive \u00een energie, respira\u021bie, piele \u0219i stare emo\u021bional\u0103.<\/p>\n","protected":false},"excerpt":{"rendered":"<p>L\u0103m\u00e2ia \u2013 un fruct simplu cu beneficii extraordinare pentru s\u0103n\u0103tate \u0219i bun\u0103stare L\u0103m\u00e2ia este recunoscut\u0103 de secole pentru propriet\u0103\u021bile sale terapeutice, fiind folosit\u0103 at\u00e2t \u00een<\/p>\n","protected":false},"author":1,"featured_media":39007,"comment_status":"closed","ping_status":"closed","sticky":false,"template":"","format":"standard","meta":[],"categories":[1],"tags":[],"_links":{"self":[{"href":"https:\/\/calatorinromania.com\/index.php?rest_route=\/wp\/v2\/posts\/39063"}],"collection":[{"href":"https:\/\/calatorinromania.com\/index.php?rest_route=\/wp\/v2\/posts"}],"about":[{"href":"https:\/\/calatorinromania.com\/index.php?rest_route=\/wp\/v2\/types\/post"}],"author":[{"embeddable":true,"href":"https:\/\/calatorinromania.com\/index.php?rest_route=\/wp\/v2\/users\/1"}],"replies":[{"embeddable":true,"href":"https:\/\/calatorinromania.com\/index.php?rest_route=%2Fwp%2Fv2%2Fcomments&post=39063"}],"version-history":[{"count":1,"href":"https:\/\/calatorinromania.com\/index.php?rest_route=\/wp\/v2\/posts\/39063\/revisions"}],"predecessor-version":[{"id":39064,"href":"https:\/\/calatorinromania.com\/index.php?rest_route=\/wp\/v2\/posts\/39063\/revisions\/39064"}],"wp:featuredmedia":[{"embeddable":true,"href":"https:\/\/calatorinromania.com\/index.php?rest_route=\/wp\/v2\/media\/39007"}],"wp:attachment":[{"href":"https:\/\/calatorinromania.com\/index.php?rest_route=%2Fwp%2Fv2%2Fmedia&parent=39063"}],"wp:term":[{"taxonomy":"category","embeddable":true,"href":"https:\/\/calatorinromania.com\/index.php?rest_route=%2Fwp%2Fv2%2Fcategories&post=39063"},{"taxonomy":"post_tag","embeddable":true,"href":"https:\/\/calatorinromania.com\/index.php?rest_route=%2Fwp%2Fv2%2Ftags&post=39063"}],"curies":[{"name":"wp","href":"https:\/\/api.w.org\/{rel}","templated":true}]}}