{"id":39055,"date":"2025-05-08T07:54:34","date_gmt":"2025-05-08T07:54:34","guid":{"rendered":"https:\/\/calatorinromania.com\/?p=39055"},"modified":"2025-05-08T07:54:34","modified_gmt":"2025-05-08T07:54:34","slug":"%f0%9f%8d%ab-negresa-cu-gem-de-caise-pufoasa-aromata-si-perfecta-pentru-orice-moment-dulce-%f0%9f%8d%91","status":"publish","type":"post","link":"https:\/\/calatorinromania.com\/?p=39055","title":{"rendered":"\ud83c\udf6b <strong>Negres\u0103 cu Gem de Caise<\/strong> \u2013 pufoas\u0103, aromat\u0103 \u0219i perfect\u0103 pentru orice moment dulce! \ud83c\udf51"},"content":{"rendered":"\n<p><\/p>\n\n\n\n<p>Un desert clasic, reinterpretat simplu \u0219i delicios, cu un strat surpriz\u0103 de gem de caise ce se tope\u0219te \u00een gur\u0103 \ud83e\udd24. U\u0219or de f\u0103cut \u0219i irezistibil de bun!<\/p>\n\n\n\n<p><\/p>\n\n\n\n<h3>\ud83d\uded2 Ingrediente:<\/h3>\n\n\n\n<p><\/p>\n\n\n\n<ul>\n<li>200 g <strong>f\u0103in\u0103<\/strong><\/li>\n\n\n\n<li>50 g <strong>cacao<\/strong> de calitate<\/li>\n\n\n\n<li>150 g <strong>zah\u0103r<\/strong><\/li>\n\n\n\n<li>4 <strong>ou\u0103<\/strong><\/li>\n\n\n\n<li>150 ml <strong>ulei<\/strong><\/li>\n\n\n\n<li>100 ml <strong>lapte<\/strong><\/li>\n\n\n\n<li>1 plic <strong>praf de copt<\/strong> (10 g)<\/li>\n\n\n\n<li>1 linguri\u021b\u0103 <strong>extract de vanilie<\/strong><\/li>\n\n\n\n<li>1 praf de <strong>sare<\/strong><\/li>\n\n\n\n<li>200 g <strong>gem de caise<\/strong> \ud83c\udf51 (sau orice alt<\/li>\n\n\n\n<li><\/li>\n\n\n\n<li> gem preferat: vi\u0219ine, prune, fructe de p\u0103dure)<\/li>\n\n\n\n<li><strong>Zah\u0103r pudr\u0103<\/strong> pentru decor \u2728<\/li>\n<\/ul>\n\n\n\n<p><\/p>\n\n\n\n<h3>\ud83d\udc69\u200d\ud83c\udf73 Mod de preparare:<\/h3>\n\n\n\n<p><\/p>\n\n\n\n<p>1\ufe0f\u20e3 <strong>Pre\u00eenc\u0103lze\u0219te cuptorul<\/strong> la 180\u00b0C \u0219i tapeteaz\u0103 o tav\u0103 (aprox. 20\u00d730 cm) cu h\u00e2rtie de copt.<\/p>\n\n\n\n<p><\/p>\n\n\n\n<p><\/p>\n\n\n\n<p>2\ufe0f\u20e3 \u00centr-un bol mare, <strong>bate ou\u0103le cu zah\u0103rul<\/strong> p\u00e2n\u0103 devin spumoase \u0219i deschise la culoare (cam 3-5 minute).<\/p>\n\n\n\n<p><\/p>\n\n\n\n<p><\/p>\n\n\n\n<p>3\ufe0f\u20e3 Adaug\u0103 <strong>uleiul<\/strong> treptat, apoi <strong>laptele<\/strong> \u0219i extractul de <strong>vanilie<\/strong>, mix\u00e2nd la vitez\u0103 mic\u0103.<\/p>\n\n\n\n<p><\/p>\n\n\n\n<p><\/p>\n\n\n\n<p>4\ufe0f\u20e3 \u00centr-un alt bol, <strong>cerne f\u0103ina<\/strong>, cacaoa, praful de copt \u0219i sarea. \ud83c\udf00<\/p>\n\n\n\n<p><\/p>\n\n\n\n<p><\/p>\n\n\n\n<p>5\ufe0f\u20e3 \u00cencorporeaz\u0103 ingredientele uscate \u00een amestecul lichid, folosind o spatul\u0103. Amestec\u0103 <strong>u\u0219or<\/strong>, cu mi\u0219c\u0103ri largi, pentru a evita cocoloa\u0219ele.<\/p>\n\n\n\n<p><\/p>\n\n\n\n<p><\/p>\n\n\n\n<p>6\ufe0f\u20e3 <strong>Toarn\u0103 jum\u0103tate din aluat<\/strong> \u00een tav\u0103 \u0219i niveleaz\u0103.<\/p>\n\n\n\n<p><\/p>\n\n\n\n<p><\/p>\n\n\n\n<p>7\ufe0f\u20e3 <strong>Coace timp de 15 minute<\/strong> \u2013 stratul de sus trebuie s\u0103 fie u\u0219or ferm.<\/p>\n\n\n\n<p><\/p>\n\n\n\n<p><\/p>\n\n\n\n<p>8\ufe0f\u20e3 Scoate tava din cuptor \u0219i <strong>\u00eentinde gemul de caise<\/strong> \u00een strat uniform peste blatul semi-copt. \ud83c\udf51<\/p>\n\n\n\n<p><\/p>\n\n\n\n<p><\/p>\n\n\n\n<p>9\ufe0f\u20e3 Adaug\u0103 restul de aluat deasupra gemului \u0219i <strong>niveleaz\u0103 u\u0219or<\/strong>.<\/p>\n\n\n\n<p><\/p>\n\n\n\n<p><\/p>\n\n\n\n<p>\ud83d\udd1f Pune tava \u00eenapoi \u00een cuptor \u0219i coace <strong>\u00eenc\u0103 25\u201330 minute<\/strong>, sau p\u00e2n\u0103 trece testul scobitorii (curat\u0103 la mijloc!).<\/p>\n\n\n\n<p><\/p>\n\n\n\n<p><\/p>\n\n\n\n<h3>\ud83e\uddca Las\u0103 pr\u0103jitura s\u0103 se <strong>r\u0103ceasc\u0103 complet<\/strong>, apoi presar\u0103 deasupra <strong>zah\u0103r pudr\u0103<\/strong> pentru un aspect elegant \u0219i festiv.<\/h3>\n\n\n\n<h3>\ud83d\udca1 Tips:<\/h3>\n\n\n\n<p>\u2728 Po\u021bi \u00eenlocui gemul de caise cu: gem de prune, dulcea\u021b\u0103 de vi\u0219ine, marmelad\u0103 de portocale sau chiar crem\u0103 de nuci.<br>\u2728 Pentru un plus de textur\u0103, adaug\u0103 <strong>nuci tocate<\/strong> sau fulgi de migdale \u00een aluat!<\/p>\n\n\n\n<p>\ud83c\udf7d\ufe0f <strong>Serve\u0219te al\u0103turi de o cafea, un ceai aromat sau un pahar de lapte rece<\/strong> \u2013 \u0219i bucur\u0103-te de o negres\u0103 cu inim\u0103 dulce \u0219i arom\u0103 de copil\u0103rie! <\/p>\n\n\n\n<p><\/p>\n","protected":false},"excerpt":{"rendered":"<p>Un desert clasic, reinterpretat simplu \u0219i delicios, cu un strat surpriz\u0103 de gem de caise ce se tope\u0219te \u00een gur\u0103 \ud83e\udd24. U\u0219or de f\u0103cut \u0219i<\/p>\n","protected":false},"author":1,"featured_media":39056,"comment_status":"closed","ping_status":"closed","sticky":false,"template":"","format":"standard","meta":[],"categories":[1],"tags":[],"_links":{"self":[{"href":"https:\/\/calatorinromania.com\/index.php?rest_route=\/wp\/v2\/posts\/39055"}],"collection":[{"href":"https:\/\/calatorinromania.com\/index.php?rest_route=\/wp\/v2\/posts"}],"about":[{"href":"https:\/\/calatorinromania.com\/index.php?rest_route=\/wp\/v2\/types\/post"}],"author":[{"embeddable":true,"href":"https:\/\/calatorinromania.com\/index.php?rest_route=\/wp\/v2\/users\/1"}],"replies":[{"embeddable":true,"href":"https:\/\/calatorinromania.com\/index.php?rest_route=%2Fwp%2Fv2%2Fcomments&post=39055"}],"version-history":[{"count":1,"href":"https:\/\/calatorinromania.com\/index.php?rest_route=\/wp\/v2\/posts\/39055\/revisions"}],"predecessor-version":[{"id":39057,"href":"https:\/\/calatorinromania.com\/index.php?rest_route=\/wp\/v2\/posts\/39055\/revisions\/39057"}],"wp:featuredmedia":[{"embeddable":true,"href":"https:\/\/calatorinromania.com\/index.php?rest_route=\/wp\/v2\/media\/39056"}],"wp:attachment":[{"href":"https:\/\/calatorinromania.com\/index.php?rest_route=%2Fwp%2Fv2%2Fmedia&parent=39055"}],"wp:term":[{"taxonomy":"category","embeddable":true,"href":"https:\/\/calatorinromania.com\/index.php?rest_route=%2Fwp%2Fv2%2Fcategories&post=39055"},{"taxonomy":"post_tag","embeddable":true,"href":"https:\/\/calatorinromania.com\/index.php?rest_route=%2Fwp%2Fv2%2Ftags&post=39055"}],"curies":[{"name":"wp","href":"https:\/\/api.w.org\/{rel}","templated":true}]}}