{"id":39035,"date":"2025-05-08T07:27:14","date_gmt":"2025-05-08T07:27:14","guid":{"rendered":"https:\/\/calatorinromania.com\/?p=39035"},"modified":"2025-05-08T07:27:14","modified_gmt":"2025-05-08T07:27:14","slug":"%f0%9f%a5%92-dovlecei-a-la-grec-cu-verdeturi-reteta-romaneasca-autentica","status":"publish","type":"post","link":"https:\/\/calatorinromania.com\/?p=39035","title":{"rendered":"\ud83e\udd52 <strong>Dovlecei a la grec cu verde\u021buri (re\u021bet\u0103 rom\u00e2neasc\u0103 autentic\u0103)<\/strong>"},"content":{"rendered":"\n<p>Iat\u0103 o re\u021bet\u0103 autentic\u0103 rom\u00e2neasc\u0103 de <strong>dovlecei \u201ea la grec\u201d cu verde\u021buri<\/strong>, \u00een stil tradi\u021bional, u\u0219or de preg\u0103tit, plin\u0103 de prospe\u021bime \u0219i perfect\u0103 pentru zilele de var\u0103. Este o m\u00e2ncare de post sau poate fi servit\u0103 cu iaurt\/telemea pentru un plus de savoare.<\/p>\n\n\n\n<p><\/p>\n\n\n\n<h2>\ud83e\udd52 <strong>Dovlecei a la grec cu verde\u021buri (re\u021bet\u0103 rom\u00e2neasc\u0103 autentic\u0103)<\/strong><\/h2>\n\n\n\n<p><\/p>\n\n\n\n<h3><\/h3>\n\n\n\n<p>Aceast\u0103 m\u00e2ncare de dovlecei este inspirat\u0103 de influen\u021bele grece\u0219ti, dar are r\u0103d\u0103cini ad\u00e2nci \u00een buc\u0103t\u0103ria \u021b\u0103r\u0103neasc\u0103 rom\u00e2neasc\u0103. E o combina\u021bie simpl\u0103, gustoas\u0103 \u0219i aromat\u0103 de dovlecei fragezi, ceap\u0103, usturoi \u0219i verde\u021buri din bel\u0219ug \u2013 precum m\u0103rar, p\u0103trunjel \u0219i chiar ment\u0103. Se poate servi cald\u0103, dar este absolut minunat\u0103 rece, cu p\u00e2ine proasp\u0103t\u0103 sau m\u0103m\u0103lig\u0103.<\/p>\n\n\n\n<p><\/p>\n\n\n\n<h3>\ud83d\udd39 Ingrediente:<\/h3>\n\n\n\n<ul>\n<li>2 dovlecei medii (tineri, cu coaj\u0103 sub\u021bire)<\/li>\n\n\n\n<li>1 ceap\u0103 mare<\/li>\n\n\n\n<li>2\u20133 c\u0103\u021bei de usturoi<\/li>\n\n\n\n<li>2 linguri ulei (de floarea-soarelui sau de m\u0103sline)<\/li>\n\n\n\n<li>200 ml ap\u0103 sau sup\u0103 de legume<\/li>\n\n\n\n<li>1 leg\u0103tur\u0103 m\u0103rar proasp\u0103t<\/li>\n\n\n\n<li>1 leg\u0103tur\u0103 p\u0103trunjel<\/li>\n\n\n\n<li>Frunze proaspete de ment\u0103 (op\u021bional, dar recomandat pentru arom\u0103)<\/li>\n\n\n\n<li>Sare \u0219i piper dup\u0103 gust<\/li>\n\n\n\n<li>Sucul de la 1 l\u0103m\u00e2ie (sau 2 linguri o\u021bet alb, dup\u0103 preferin\u021b\u0103)<\/li>\n<\/ul>\n\n\n\n<p><\/p>\n\n\n\n<h3>\ud83d\udd39 Mod de preparare:<\/h3>\n\n\n\n<ol>\n<li><strong>Preg\u0103tirea legumelor:<\/strong>\n<ul>\n<li>Spal\u0103 bine dovleceii \u0219i taie-i \u00een jum\u0103t\u0103\u021bi pe lung, apoi \u00een felii de aproximativ 1 cm grosime. Nu e nevoie s\u0103-i cure\u021bi de coaj\u0103 dac\u0103 sunt tineri.<\/li>\n\n\n\n<li>Taie ceapa m\u0103runt, iar usturoiul \u00eel po\u021bi felia sub\u021bire sau zdrobi.<\/li>\n<\/ul>\n<\/li>\n\n\n\n<li><strong>C\u0103lirea:<\/strong>\n<ul>\n<li>\u00centr-o crati\u021b\u0103 \u00eenc\u0103p\u0103toare, \u00eencinge uleiul \u0219i c\u0103le\u0219te ceapa p\u00e2n\u0103 devine translucid\u0103.<\/li>\n\n\n\n<li>Adaug\u0103 usturoiul \u0219i mai c\u0103le\u0219te 1 minut, f\u0103r\u0103 s\u0103 se ard\u0103.<\/li>\n<\/ul>\n<\/li>\n\n\n\n<li><strong>G\u0103tirea dovleceilor:<\/strong>\n<ul>\n<li>Pune dovleceii peste ceap\u0103 \u0219i amestec\u0103 u\u0219or.<\/li>\n\n\n\n<li>Adaug\u0103 apa (sau supa de legume) c\u00e2t s\u0103 acopere par\u021bial dovleceii.<\/li>\n\n\n\n<li>Acoper\u0103 crati\u021ba \u0219i las\u0103 la foc mediu 15\u201320 minute, p\u00e2n\u0103 dovleceii devin fragezi, dar nu sf\u0103r\u00e2ma\u021bi.<\/li>\n<\/ul>\n<\/li>\n\n\n\n<li><strong>Aromatizarea:<\/strong>\n<ul>\n<li>La final, adaug\u0103 sare, piper \u0219i sucul de l\u0103m\u00e2ie (pentru gustul u\u0219or acri\u0219or, specific stilului \u201ea la grec\u201d).<\/li>\n\n\n\n<li>Opre\u0219te focul \u0219i adaug\u0103 verde\u021burile tocate: m\u0103rar, p\u0103trunjel \u0219i, dac\u0103 ai, c\u00e2teva frunze de ment\u0103 pentru un accent r\u0103coritor.<\/li>\n<\/ul>\n<\/li>\n\n\n\n<li><strong>Servire:<\/strong>\n<ul>\n<li>Se serve\u0219te cald\u0103, simpl\u0103 sau ca garnitur\u0103.<\/li>\n\n\n\n<li>Este delicioas\u0103 \u0219i rece, cu o lingur\u0103 de iaurt deasupra sau cu br\u00e2nz\u0103 f\u0103r\u00e2mi\u021bat\u0103 pentru o variant\u0103 ne-de post.<\/li>\n<\/ul>\n<\/li>\n<\/ol>\n\n\n\n<h3>\ud83c\udf74 <strong>Sfaturi:<\/strong><\/h3>\n\n\n\n<ul>\n<li>Dac\u0103 vrei o variant\u0103 mai consistent\u0103, po\u021bi ad\u0103uga un ou b\u0103tut cu zeam\u0103 de l\u0103m\u00e2ie \u00een stil \u201eavgolemono\u201d chiar la final, dar doar \u00een varianta ne-de post.<\/li>\n\n\n\n<li>Dovleceii se pot combina \u0219i cu cartofi fier\u021bi sau ro\u0219ii t\u0103iate cubule\u021be pentru mai mult\u0103 textur\u0103.<\/li>\n<\/ul>\n","protected":false},"excerpt":{"rendered":"<p>Iat\u0103 o re\u021bet\u0103 autentic\u0103 rom\u00e2neasc\u0103 de dovlecei \u201ea la grec\u201d cu verde\u021buri, \u00een stil tradi\u021bional, u\u0219or de preg\u0103tit, plin\u0103 de prospe\u021bime \u0219i perfect\u0103 pentru zilele<\/p>\n","protected":false},"author":1,"featured_media":39036,"comment_status":"closed","ping_status":"closed","sticky":false,"template":"","format":"standard","meta":[],"categories":[1],"tags":[],"_links":{"self":[{"href":"https:\/\/calatorinromania.com\/index.php?rest_route=\/wp\/v2\/posts\/39035"}],"collection":[{"href":"https:\/\/calatorinromania.com\/index.php?rest_route=\/wp\/v2\/posts"}],"about":[{"href":"https:\/\/calatorinromania.com\/index.php?rest_route=\/wp\/v2\/types\/post"}],"author":[{"embeddable":true,"href":"https:\/\/calatorinromania.com\/index.php?rest_route=\/wp\/v2\/users\/1"}],"replies":[{"embeddable":true,"href":"https:\/\/calatorinromania.com\/index.php?rest_route=%2Fwp%2Fv2%2Fcomments&post=39035"}],"version-history":[{"count":1,"href":"https:\/\/calatorinromania.com\/index.php?rest_route=\/wp\/v2\/posts\/39035\/revisions"}],"predecessor-version":[{"id":39037,"href":"https:\/\/calatorinromania.com\/index.php?rest_route=\/wp\/v2\/posts\/39035\/revisions\/39037"}],"wp:featuredmedia":[{"embeddable":true,"href":"https:\/\/calatorinromania.com\/index.php?rest_route=\/wp\/v2\/media\/39036"}],"wp:attachment":[{"href":"https:\/\/calatorinromania.com\/index.php?rest_route=%2Fwp%2Fv2%2Fmedia&parent=39035"}],"wp:term":[{"taxonomy":"category","embeddable":true,"href":"https:\/\/calatorinromania.com\/index.php?rest_route=%2Fwp%2Fv2%2Fcategories&post=39035"},{"taxonomy":"post_tag","embeddable":true,"href":"https:\/\/calatorinromania.com\/index.php?rest_route=%2Fwp%2Fv2%2Ftags&post=39035"}],"curies":[{"name":"wp","href":"https:\/\/api.w.org\/{rel}","templated":true}]}}