{"id":39033,"date":"2025-05-08T06:56:49","date_gmt":"2025-05-08T06:56:49","guid":{"rendered":"https:\/\/calatorinromania.com\/?p=39033"},"modified":"2025-05-08T06:56:49","modified_gmt":"2025-05-08T06:56:49","slug":"acum-o-luna-la-lidia-in-varsta-de-56-de-ani-a-venit-vecinul-sa-o-ceara-de-sotie","status":"publish","type":"post","link":"https:\/\/calatorinromania.com\/?p=39033","title":{"rendered":"Acum o lun\u0103, la Lidia, \u00een v\u00e2rst\u0103 de 56 de ani, a venit vecinul s\u0103 o cear\u0103 de so\u021bie."},"content":{"rendered":"\n<p><strong>Lidia are 56 de ani. \u00cen urm\u0103 cu 6 ani \u0219i-a \u00eengropat so\u021bul, pe Mihai.<\/strong>&nbsp;Au avut o via\u021b\u0103 frumoas\u0103 \u00eempreun\u0103. Mihai o ajuta \u00eentotdeauna, at\u00e2t cu fapta, c\u00e2t \u0219i cu un cuv\u00e2nt plin de grij\u0103. Au crescut \u00eempreun\u0103 unicul lor fiu, Oleg. Acum e adult, locuie\u0219te \u00een ora\u0219. Are propria lui familie: o so\u021bie frumoas\u0103, Marina, \u0219i doi b\u0103ie\u021bi gemeni.<\/p>\n\n\n\n<p>\u00cen urm\u0103 cu 6 ani, Mihai s-a stins. Avea probleme cu inima. T\u0103ia iarba \u00een gr\u0103din\u0103 \u0219i i s-a f\u0103cut r\u0103u. Au chemat ambulan\u021ba, dar p\u00e2n\u0103 s\u0103 ajung\u0103, b\u0103rbatul s-a pr\u0103p\u0103dit\u2026 A\u0219a a r\u0103mas Lidia singur\u0103 \u00eentr-o cas\u0103 mare, pe care so\u021bul ei o construise cu propriile m\u00e2ini.<\/p>\n\n\n\n<p>Lucreaz\u0103 ca bibliotecar\u0103 la biblioteca satului. Lucreaz\u0103 singur\u0103 o gr\u0103din\u0103 mare \u0219i are animale.<\/p>\n\n\n\n<p>Pentru ea, casa a devenit prea mare, iar femeia se simte foarte singur\u0103. Singura ei bucurie e s\u0103 invite vecinele la ceai \u0219i la pove\u0219ti sau s\u0103 mearg\u0103 la magazin dup\u0103 p\u00e2ine \u0219i s\u0103 afle ce se mai \u00eent\u00e2mpl\u0103 \u00een sat. Dar c\u00e2nd Lidia r\u0103m\u00e2ne singur\u0103, pere\u021bii \u00eencep s\u0103 o apese. \u00ce\u0219i aminte\u0219te de anii tinere\u021bii, de c\u00e2t de ferici\u021bi erau ea \u0219i Mihai, de vremurile c\u00e2nd Oleg era mic.<\/p>\n\n\n\n<p>Lidia se sim\u021bea singur\u0103. La cei 56 de ani, \u00eenc\u0103 se sim\u021bea t\u00e2n\u0103r\u0103. Avea grij\u0103 de ea, se \u00eembr\u0103ca frumos.<\/p>\n\n\n\n<p>\u00centr-o zi, a mers la magazin \u0219i, conform obiceiului, s-a apucat de vorb\u0103 cu femeile din sat. S-a pl\u00e2ns c\u0103 \u00een cas\u0103 nu mai are b\u0103rbat care s\u0103 repare ce se stric\u0103 \u2013 totul se degradeaz\u0103 sub ochii ei. Acum \u0219i pompa din f\u00e2nt\u00e2n\u0103 a \u00eencetat s\u0103 mai trag\u0103 ap\u0103. Scara s-a rupt, iar acoperi\u0219ul de la buc\u0103t\u0103ria de var\u0103 a \u00eenceput s\u0103 curg\u0103. Iar fiul ei nu mai vine pe la sat. El e avocat, un om important.<\/p>\n\n\n\n<p>A doua zi, la Lidia a venit vecinul Petru, care locuia la patru case distan\u021b\u0103. \u0218i el era v\u0103duv. \u00ce\u0219i \u00eengropase so\u021bia, pe Larisa, acum patru ani.<\/p>\n\n\n\n<p>\u2014 Bun\u0103 ziua, Lidia, am auzit de la vecina c\u0103 \u021bi s-a stricat pompa. \u0218i eu am avut aceea\u0219i problem\u0103, pot s\u0103 te ajut \u2014 i-a spus Petru.<\/p>\n\n\n\n<p>Lidia i-a fost foarte recunosc\u0103toare pentru ajutor. \u0218i chiar l-a servit cu bor\u0219. A doua zi, Petru a venit din nou ca s\u0103 repare ce mai era stricat. \u00cen m\u00e2inile lui, treaba mergea repede.<\/p>\n\n\n\n<p>\u2014 Petru, dar tu sigur ai \u0219i treaba ta. Eu nici nu am cu ce s\u0103-\u021bi mul\u021bumesc. Salariul l-am dat de mult pe facturi \u0219i pe m\u00e2ncare\u2026<\/p>\n\n\n\n<p>\u2014 Lidia, dar ce vorbe sunt astea? S\u0103 nu mai spui a\u0219a ceva. Niciodat\u0103 n-o s\u0103 iau bani de la tine. Dac\u0103 m\u0103 serve\u0219ti cu pr\u00e2nz, e mai mult dec\u00e2t suficient. Eu singur nu pot s\u0103 fac un bor\u0219 at\u00e2t de bun.<\/p>\n\n\n\n<p>Dup\u0103 o lun\u0103, Petru a venit la Lidia \u00eembr\u0103cat \u00een costum \u0219i cu un buchet de margarete.<\/p>\n\n\n\n<p>\u2014 Lidia, eu nu \u0219tiu s\u0103 vorbesc frumos. O s\u0103 spun cum e. Eu te iubesc. E\u0219ti o femeie bun\u0103, gospodin\u0103. Eu o s\u0103 muncesc \u0219i o s\u0103 aduc bani \u00een cas\u0103. Nu sunt preten\u021bios la trai. Ne va fi bine \u00eempreun\u0103 la b\u0103tr\u00e2ne\u021be.<\/p>\n\n\n\n<p>Lidia nu \u0219tia ce s\u0103 spun\u0103. Dar Petru chiar era un b\u0103rbat bun. Am\u00e2ndoi erau v\u0103duvi, iar \u00eempreun\u0103 le-ar fi fost mai u\u0219or s\u0103 tr\u0103iasc\u0103. Femeia a acceptat s\u0103 locuiasc\u0103 \u00eempreun\u0103 cu Petru \u0219i nu a regretat nicio clip\u0103. El s-a mutat \u00een casa ei. Pentru ei a \u00eenceput, pur \u0219i simplu, o a doua prim\u0103var\u0103\u2026 Doar c\u0103 fiului nu i-a spus nimic. \u00cei era ru\u0219ine\u2026 Dar ar fi trebuit\u2026<\/p>\n\n\n\n<p>\u00centr-o diminea\u021b\u0103 de duminic\u0103, c\u00e2t timp Lidia era la biseric\u0103, fiul ei, Oleg, a venit \u0219i l-a dat afar\u0103 pe Petru din cas\u0103.<\/p>\n\n\n\n<p>\u2014 Mam\u0103, cum se nume\u0219te asta? \u00censeamn\u0103 c\u0103 tu l-ai uitat deja pe tata? De ce \u00ee\u021bi mai trebuie un b\u0103rbat str\u0103in la b\u0103tr\u00e2ne\u021be? El vrea s\u0103 ne ia casa. Iar tu nu-i trebuie\u0219ti.<\/p>\n\n\n\n<p>Lidiei i s-a ridicat tensiunea dup\u0103 cuvintele fiului, iar ambulan\u021ba a fost chemat\u0103. Niciodat\u0103 Oleg nu-i mai provocase o durere at\u00e2t de mare.<\/p>\n\n\n\n<p>Chiar nu \u00een\u021belege el c\u00e2t de greu \u00eei e singur\u0103? Chiar e at\u00e2t de greu s\u0103 se bucure pentru mama lui, c\u0103 la 56 de ani \u00eenc\u0103 mai e important\u0103 pentru cineva, c\u0103 \u00eenc\u0103 mai conteaz\u0103?<\/p>\n\n\n\n<p><strong>Ce ar trebui s\u0103 fac\u0103 Lidia?<\/strong><\/p>\n\n\n\n<p><strong>Dac\u0103 \u021bi-a pl\u0103cut povestea, nu uita s\u0103 o distribui cu prietenii t\u0103i! \u00cempreun\u0103 putem duce mai departe emo\u021bia \u0219i inspira\u021bia.<\/strong><\/p>\n","protected":false},"excerpt":{"rendered":"<p>Lidia are 56 de ani. \u00cen urm\u0103 cu 6 ani \u0219i-a \u00eengropat so\u021bul, pe Mihai.&nbsp;Au avut o via\u021b\u0103 frumoas\u0103 \u00eempreun\u0103. Mihai o ajuta \u00eentotdeauna, at\u00e2t<\/p>\n","protected":false},"author":1,"featured_media":39007,"comment_status":"closed","ping_status":"closed","sticky":false,"template":"","format":"standard","meta":[],"categories":[1],"tags":[],"_links":{"self":[{"href":"https:\/\/calatorinromania.com\/index.php?rest_route=\/wp\/v2\/posts\/39033"}],"collection":[{"href":"https:\/\/calatorinromania.com\/index.php?rest_route=\/wp\/v2\/posts"}],"about":[{"href":"https:\/\/calatorinromania.com\/index.php?rest_route=\/wp\/v2\/types\/post"}],"author":[{"embeddable":true,"href":"https:\/\/calatorinromania.com\/index.php?rest_route=\/wp\/v2\/users\/1"}],"replies":[{"embeddable":true,"href":"https:\/\/calatorinromania.com\/index.php?rest_route=%2Fwp%2Fv2%2Fcomments&post=39033"}],"version-history":[{"count":1,"href":"https:\/\/calatorinromania.com\/index.php?rest_route=\/wp\/v2\/posts\/39033\/revisions"}],"predecessor-version":[{"id":39034,"href":"https:\/\/calatorinromania.com\/index.php?rest_route=\/wp\/v2\/posts\/39033\/revisions\/39034"}],"wp:featuredmedia":[{"embeddable":true,"href":"https:\/\/calatorinromania.com\/index.php?rest_route=\/wp\/v2\/media\/39007"}],"wp:attachment":[{"href":"https:\/\/calatorinromania.com\/index.php?rest_route=%2Fwp%2Fv2%2Fmedia&parent=39033"}],"wp:term":[{"taxonomy":"category","embeddable":true,"href":"https:\/\/calatorinromania.com\/index.php?rest_route=%2Fwp%2Fv2%2Fcategories&post=39033"},{"taxonomy":"post_tag","embeddable":true,"href":"https:\/\/calatorinromania.com\/index.php?rest_route=%2Fwp%2Fv2%2Ftags&post=39033"}],"curies":[{"name":"wp","href":"https:\/\/api.w.org\/{rel}","templated":true}]}}