{"id":39026,"date":"2025-05-08T06:47:09","date_gmt":"2025-05-08T06:47:09","guid":{"rendered":"https:\/\/calatorinromania.com\/?p=39026"},"modified":"2025-05-08T06:47:09","modified_gmt":"2025-05-08T06:47:09","slug":"gata-m-am-saturat","status":"publish","type":"post","link":"https:\/\/calatorinromania.com\/?p=39026","title":{"rendered":"\u2014 Gata. M-am s\u0103turat."},"content":{"rendered":"\n<p>\u2014 Gata. M-am s\u0103turat. \u00centoarce-te \u00een cocioaba aia de unde ai venit. \u00ce\u021bi trimit ni\u0219te bani \u2014 s\u0103 te descurci o vreme. Dup\u0103 aia, faci cum vrei. M-am s\u0103turat. E\u0219ti ca tapetul vechi dintr-o cas\u0103 b\u0103tr\u00e2neasc\u0103. Gata. Libertate.<\/p>\n\n\n\n<p>A z\u00e2mbit. Convins c\u0103 ea o s\u0103-l roage \u00een genunchi.<\/p>\n\n\n\n<p>Dar Anna doar l-a privit. Calm. Lini\u0219tit.<\/p>\n\n\n\n<p>\u2014 Bine, \u2014 a spus ea.<\/p>\n\n\n\n<p>\u0218i s-a dus s\u0103-\u0219i adune lucrurile.<\/p>\n\n\n\n<p>Satul a \u00eent\u00e2mpinat-o cu lini\u0219te. Tocmai acea lini\u0219te de care fugi c\u00e2nd e\u0219ti t\u00e2n\u0103r, dar pe care o cau\u021bi c\u00e2nd te \u00eentorci, ca s\u0103 po\u021bi respira din nou.<\/p>\n\n\n\n<p>Casa bunicii era veche, \u00eenclinat\u0103, dar era a ei. Anna a sp\u0103lat podelele, a aprins soba, a ag\u0103\u021bat perdele curate. Apoi a scos dintr-un sertar vechiul ei carne\u021bel. \u0218i a \u00eenceput s\u0103 scrie.<\/p>\n\n\n\n<p>Cuvintele, care nu mai fuseser\u0103 rostite de ani de zile, au \u00eenceput s\u0103 curg\u0103.<\/p>\n\n\n\n<p>Scria despre o femeie care uitase cum sun\u0103 propria ei voce \u2014 \u0219i cum, \u00eentr-o zi, a auzit-o din nou.<\/p>\n\n\n\n<p>Despre cum cineva te poate numi \u201efundal\u201d \u2014 iar tu e\u0219ti, de fapt, \u00eentreaga imagine.<\/p>\n\n\n\n<p>La \u00eenceput posta doar \u00een re\u021belele de socializare. Noaptea, sub p\u0103tur\u0103. Iar diminea\u021ba se trezea cu sute de comentarii:<\/p>\n\n\n\n<p>\u201eAsta e exact despre mine\u201d<br>\u201eMul\u021bumesc c\u0103 a\u021bi spus asta cu voce tare\u201d<br>\u201eDatorit\u0103 dumneavoastr\u0103 am avut curajul s\u0103 plec\u201d<\/p>\n\n\n\n<p>Dup\u0103 trei luni au ap\u0103rut \u0219i primele colabor\u0103ri pl\u0103tite. Dup\u0103 jum\u0103tate de an \u2014 blogul \u201eFemeia t\u0103cut\u0103\u201d, cu zeci de mii de urm\u0103ritori.<\/p>\n\n\n\n<p>A \u00eenceput s\u0103 fac\u0103 live-uri. La \u00eenceput cu voce tremur\u00e2nd\u0103. Apoi \u2014 sigur\u0103 pe ea.<\/p>\n\n\n\n<p>A fost invitat\u0103 \u00een podcasturi, reviste, emisiuni.<\/p>\n\n\n\n<p>\u00centr-o zi i-a scris o femeie:<\/p>\n\n\n\n<p>\u2014 Anna, a\u021bi descris via\u021ba mea \u00een detaliu. Am plecat. Acum locuiesc cu mama \u0219i copiii mei. \u0218i respir din nou. V\u0103 mul\u021bumesc.<\/p>\n\n\n\n<p>Fix dup\u0103 un an, a primit un mesaj:<\/p>\n\n\n\n<p>\u201eSalut. Am auzit c\u0103 ai devenit bloggeri\u021b\u0103? Tr\u0103ie\u0219ti bine, v\u0103d. Poate-\u021bi aminte\u0219ti de unde ai pornit? Hai s\u0103 vorbim\u2026\u201d<\/p>\n\n\n\n<p>Era Alexander.<\/p>\n\n\n\n<p>Anna a z\u00e2mbit.<\/p>\n\n\n\n<p>\u201eAi dreptate. Povestea mea a \u00eenceput cu tine. Mul\u021bumesc c\u0103 ai plecat. F\u0103r\u0103 tine, nu m-a\u0219 fi reg\u0103sit niciodat\u0103.\u201d<\/p>\n\n\n\n<p>\u0218i a ap\u0103sat pe \u201eBlocheaz\u0103\u201d.<\/p>\n\n\n\n<p>Acum, \u00een casa ei era mereu cald. Nu doar de la sob\u0103 \u2014 ci \u0219i din\u0103untru.<\/p>\n\n\n\n<p>Anna nu se mai temea de lini\u0219te.<\/p>\n\n\n\n<p>Pentru c\u0103 \u00een ea \u2014 se auzea din nou propria voce.<\/p>\n\n\n\n<p>\u0218i nimeni nu o va mai face vreodat\u0103 s\u0103 tac\u0103.<\/p>\n","protected":false},"excerpt":{"rendered":"<p>\u2014 Gata. M-am s\u0103turat. \u00centoarce-te \u00een cocioaba aia de unde ai venit. \u00ce\u021bi trimit ni\u0219te bani \u2014 s\u0103 te descurci o vreme. Dup\u0103 aia, faci<\/p>\n","protected":false},"author":1,"featured_media":39007,"comment_status":"closed","ping_status":"closed","sticky":false,"template":"","format":"standard","meta":[],"categories":[1],"tags":[],"_links":{"self":[{"href":"https:\/\/calatorinromania.com\/index.php?rest_route=\/wp\/v2\/posts\/39026"}],"collection":[{"href":"https:\/\/calatorinromania.com\/index.php?rest_route=\/wp\/v2\/posts"}],"about":[{"href":"https:\/\/calatorinromania.com\/index.php?rest_route=\/wp\/v2\/types\/post"}],"author":[{"embeddable":true,"href":"https:\/\/calatorinromania.com\/index.php?rest_route=\/wp\/v2\/users\/1"}],"replies":[{"embeddable":true,"href":"https:\/\/calatorinromania.com\/index.php?rest_route=%2Fwp%2Fv2%2Fcomments&post=39026"}],"version-history":[{"count":1,"href":"https:\/\/calatorinromania.com\/index.php?rest_route=\/wp\/v2\/posts\/39026\/revisions"}],"predecessor-version":[{"id":39027,"href":"https:\/\/calatorinromania.com\/index.php?rest_route=\/wp\/v2\/posts\/39026\/revisions\/39027"}],"wp:featuredmedia":[{"embeddable":true,"href":"https:\/\/calatorinromania.com\/index.php?rest_route=\/wp\/v2\/media\/39007"}],"wp:attachment":[{"href":"https:\/\/calatorinromania.com\/index.php?rest_route=%2Fwp%2Fv2%2Fmedia&parent=39026"}],"wp:term":[{"taxonomy":"category","embeddable":true,"href":"https:\/\/calatorinromania.com\/index.php?rest_route=%2Fwp%2Fv2%2Fcategories&post=39026"},{"taxonomy":"post_tag","embeddable":true,"href":"https:\/\/calatorinromania.com\/index.php?rest_route=%2Fwp%2Fv2%2Ftags&post=39026"}],"curies":[{"name":"wp","href":"https:\/\/api.w.org\/{rel}","templated":true}]}}