{"id":39022,"date":"2025-05-07T09:21:05","date_gmt":"2025-05-07T09:21:05","guid":{"rendered":"https:\/\/calatorinromania.com\/?p=39022"},"modified":"2025-05-07T09:21:05","modified_gmt":"2025-05-07T09:21:05","slug":"mama-saraca-a-4-copii-cumpara-o-masina-veche-iar-proprietarul-lasa-ceva-special-pentru-ea-in-portbagaj","status":"publish","type":"post","link":"https:\/\/calatorinromania.com\/?p=39022","title":{"rendered":"MAMA S\u0102RAC\u0102 A 4 COPII CUMP\u0102R\u0102 O MA\u0218IN\u0102 VECHE, IAR PROPRIETARUL LAS\u0102 CEVA SPECIAL PENTRU EA \u00ceN PORTBAGAJ"},"content":{"rendered":"\n<h3>DISCLAIMER: Acest site este neutru din punct de vedere politic \u0219i nu sus\u021bine niciun partid sau ideologie politic\u0103.<\/h3>\n\n\n\n<p>C\u00e2nd Elena a ridicat capota portbagajului, respira\u021bia i s-a oprit pentru o clip\u0103. Acolo, aranjate cu grij\u0103, se aflau patru ghiozdane noi, fiecare \u00eentr-o culoare diferit\u0103 \u2013 ro\u0219u, albastru, verde \u0219i galben. L\u00e2ng\u0103 ele era o cutie mare de carton.<\/p>\n\n\n\n<p>Cu m\u00e2ini tremur\u00e2nde, Elena a deschis cutia \u0219i a g\u0103sit-o plin\u0103 cu rechizite \u0219colare \u2013 caiete, creioane colorate, stilouri, gume de \u0219ters \u0219i tot ce ar putea avea nevoie copiii ei pentru \u0219coal\u0103. \u00cen plus, cutia con\u021binea \u0219i o mic\u0103 sum\u0103 de bani, aproximativ 2.000 de lei, \u00eenf\u0103\u0219ura\u021bi \u00eentr-o foaie pe care scria: \u201ePentru un nou \u00eenceput.\u201d<\/p>\n\n\n\n<p>Lacrimile au \u00eenceput s\u0103-i curg\u0103 pe obraji. Nu putea s\u0103 cread\u0103 ce vedea. Doar cu o or\u0103 \u00een urm\u0103, se sim\u021bise cople\u0219it\u0103 de povara responsabilit\u0103\u021bilor, iar acum, acest act de bun\u0103tate din partea unui str\u0103in \u00eei d\u0103duse speran\u021b\u0103.<\/p>\n\n\n\n<p>Elena \u0219i-a luat telefonul \u0219i, cu degetele \u00eenc\u0103 tremur\u00e2nde, a format num\u0103rul lui Mihai. Dup\u0103 c\u00e2teva apeluri, acesta a r\u0103spuns.<\/p>\n\n\n\n<p>\u201eDomnule Mihai,\u201d a \u00eenceput ea, \u00eencerc\u00e2nd s\u0103 \u00ee\u0219i controleze emo\u021biile, \u201enu \u0219tiu cum s\u0103 v\u0103 mul\u021bumesc pentru ceea ce a\u021bi f\u0103cut. Ghiozdanele, rechizitele \u0219i\u2026 banii. Este prea mult.\u201d<\/p>\n\n\n\n<p>La cel\u0103lalt cap\u0103t al firului, vocea lui Mihai era calm\u0103 \u0219i bl\u00e2nd\u0103. \u201eElena, cred c\u0103 este important s\u0103 ne ajut\u0103m unii pe al\u021bii c\u00e2nd putem. Acum mul\u021bi ani, \u0219i eu am fost \u00eentr-o situa\u021bie dificil\u0103 cu familia mea \u0219i cineva m-a ajutat f\u0103r\u0103 s\u0103 cear\u0103 nimic \u00een schimb. Acum este r\u00e2ndul meu s\u0103 fac acela\u0219i lucru.\u201d<\/p>\n\n\n\n<p>\u201eDar de ce eu?\u201d a \u00eentrebat Elena, \u00eenc\u0103 nevenindu-i s\u0103 cread\u0103.<\/p>\n\n\n\n<p>\u201eC\u00e2nd te-am v\u0103zut intr\u00e2nd \u00een curtea mea cu cei patru copii ai t\u0103i, mi-am dat seama c\u00e2t de greu trebuie s\u0103 fie. \u0218i apoi, c\u00e2nd mi-ai spus c\u0103 ai v\u00e2ndut un bijou de familie pentru a cump\u0103ra ma\u0219ina, am \u0219tiut c\u0103 e\u0219ti o mam\u0103 care ar face orice pentru binele copiilor ei.\u201d<\/p>\n\n\n\n<p>Elena a privit spre cas\u0103, unde copiii ei se jucau, ne\u0219tiind \u00eenc\u0103 de surpriza care \u00eei a\u0219tepta.<\/p>\n\n\n\n<p>\u201eCopiii mei vor fi at\u00e2t de ferici\u021bi,\u201d a spus ea. \u201eLe era ru\u0219ine s\u0103 mearg\u0103 la \u0219coal\u0103 cu ghiozdanele vechi \u0219i rupte.\u201d<\/p>\n\n\n\n<p>\u201eM\u0103 bucur c\u0103 pot ajuta,\u201d a r\u0103spuns Mihai. \u201eAh, \u0219i \u00eenc\u0103 ceva \u2013 ma\u0219ina este \u00een stare mult mai bun\u0103 dec\u00e2t pare. Am schimbat recent fr\u00e2nele \u0219i am f\u0103cut o revizie complet\u0103. Ar trebui s\u0103 te duc\u0103 f\u0103r\u0103 probleme la noul t\u0103u loc de munc\u0103.\u201d<\/p>\n\n\n\n<p>Dup\u0103 ce a \u00eencheiat convorbirea, Elena s-a sprijinit de ma\u0219in\u0103, sim\u021bindu-se cople\u0219it\u0103 de recuno\u0219tin\u021b\u0103. Era mai mult dec\u00e2t o ma\u0219in\u0103 sau ni\u0219te rechizite \u2013 era un nou \u00eenceput pentru ea \u0219i familia ei.<\/p>\n\n\n\n<p>A doua zi diminea\u021b\u0103, Elena a preg\u0103tit copiii pentru \u0219coal\u0103, iar c\u00e2nd le-a ar\u0103tat ghiozdanele noi, ochii lor s-au luminat de bucurie.<\/p>\n\n\n\n<p>\u201eMami, sunt pentru noi?\u201d a \u00eentrebat Matei, cel mai mare dintre ei, nevenindu-i s\u0103 cread\u0103.<\/p>\n\n\n\n<p>\u201eDa, dragul meu,\u201d a r\u0103spuns Elena, z\u00e2mbind prin lacrimi. \u201eUn om foarte bun ni le-a d\u0103ruit.\u201d<\/p>\n\n\n\n<p>\u201ePot s\u0103 am eu ghiozdanul ro\u0219u?\u201d a \u00eentrebat Sofia, mezina familiei, s\u0103lt\u00e2nd de \u00eenc\u00e2ntare.<\/p>\n\n\n\n<p>\u201eSigur c\u0103 da,\u201d a spus Elena, \u00eentinz\u00e2ndu-i ghiozdanul.<\/p>\n\n\n\n<p>\u00cen timp ce \u00eei privea pe copiii ei s\u0103rb\u0103torindu-\u0219i cadourile nea\u0219teptate, Elena a sim\u021bit o nou\u0103 determinare cresc\u00e2nd \u00een interiorul ei. Poate c\u0103 via\u021ba nu fusese bl\u00e2nd\u0103 cu ea p\u00e2n\u0103 acum, dar actul de bun\u0103tate al lui Mihai i-a reamintit c\u0103 exist\u0103 oameni buni \u00een lume, gata s\u0103 ajute atunci c\u00e2nd este nevoie.<\/p>\n\n\n\n<p>Cu noua ma\u0219in\u0103 \u0219i cu un nou loc de munc\u0103 la orizont, Elena \u0219tia c\u0103 via\u021ba lor era pe cale s\u0103 se schimbe \u00een bine. \u0218i \u00eentr-o zi, c\u00e2nd situa\u021bia ei financiar\u0103 se va \u00eembun\u0103t\u0103\u021bi, \u00ee\u0219i promisese c\u0103 va face \u0219i ea acela\u0219i lucru pentru altcineva aflat \u00een nevoie \u2013 va transmite mai departe bun\u0103tatea pe care o primise.<\/p>\n\n\n\n<p><strong>Dac\u0103 \u021bi-a pl\u0103cut povestea, nu uita s\u0103 o distribui cu prietenii t\u0103i! \u00cempreun\u0103 putem duce mai departe emo\u021bia \u0219i inspira\u021bia.<\/strong><\/p>\n","protected":false},"excerpt":{"rendered":"<p>DISCLAIMER: Acest site este neutru din punct de vedere politic \u0219i nu sus\u021bine niciun partid sau ideologie politic\u0103. C\u00e2nd Elena a ridicat capota portbagajului, respira\u021bia<\/p>\n","protected":false},"author":1,"featured_media":39015,"comment_status":"closed","ping_status":"closed","sticky":false,"template":"","format":"standard","meta":[],"categories":[1],"tags":[],"_links":{"self":[{"href":"https:\/\/calatorinromania.com\/index.php?rest_route=\/wp\/v2\/posts\/39022"}],"collection":[{"href":"https:\/\/calatorinromania.com\/index.php?rest_route=\/wp\/v2\/posts"}],"about":[{"href":"https:\/\/calatorinromania.com\/index.php?rest_route=\/wp\/v2\/types\/post"}],"author":[{"embeddable":true,"href":"https:\/\/calatorinromania.com\/index.php?rest_route=\/wp\/v2\/users\/1"}],"replies":[{"embeddable":true,"href":"https:\/\/calatorinromania.com\/index.php?rest_route=%2Fwp%2Fv2%2Fcomments&post=39022"}],"version-history":[{"count":1,"href":"https:\/\/calatorinromania.com\/index.php?rest_route=\/wp\/v2\/posts\/39022\/revisions"}],"predecessor-version":[{"id":39023,"href":"https:\/\/calatorinromania.com\/index.php?rest_route=\/wp\/v2\/posts\/39022\/revisions\/39023"}],"wp:featuredmedia":[{"embeddable":true,"href":"https:\/\/calatorinromania.com\/index.php?rest_route=\/wp\/v2\/media\/39015"}],"wp:attachment":[{"href":"https:\/\/calatorinromania.com\/index.php?rest_route=%2Fwp%2Fv2%2Fmedia&parent=39022"}],"wp:term":[{"taxonomy":"category","embeddable":true,"href":"https:\/\/calatorinromania.com\/index.php?rest_route=%2Fwp%2Fv2%2Fcategories&post=39022"},{"taxonomy":"post_tag","embeddable":true,"href":"https:\/\/calatorinromania.com\/index.php?rest_route=%2Fwp%2Fv2%2Ftags&post=39022"}],"curies":[{"name":"wp","href":"https:\/\/api.w.org\/{rel}","templated":true}]}}