{"id":39020,"date":"2025-05-07T08:23:26","date_gmt":"2025-05-07T08:23:26","guid":{"rendered":"https:\/\/calatorinromania.com\/?p=39020"},"modified":"2025-05-07T08:23:27","modified_gmt":"2025-05-07T08:23:27","slug":"langa-maternitate-o-femeie-necunoscuta-s-a-apropiat-de-dmitri-si-l-a-rugat-sa-i-tina-copilul-in-brate-cat-isi-leaga-sireturile","status":"publish","type":"post","link":"https:\/\/calatorinromania.com\/?p=39020","title":{"rendered":"L\u00e2ng\u0103 maternitate, o femeie necunoscut\u0103 s-a apropiat de Dmitri \u0219i l-a rugat s\u0103-i \u021bin\u0103 copilul \u00een bra\u021be c\u00e2t \u00ee\u0219i leag\u0103 \u0219ireturile."},"content":{"rendered":"\n<p>Ieri, Dmitro a devenit tat\u0103. El \u0219i so\u021bia lui au adus pe lume un b\u0103ie\u021bel. Tat\u0103l era \u00een culmea fericirii \u2013 acum avea un fiu, at\u00e2t de mic, dr\u0103g\u0103la\u0219, cel mai scump suflet din lume. St\u0103tea \u00een fa\u021ba maternit\u0103\u021bii, iar ast\u0103zi era prima oar\u0103 c\u00e2nd \u00ee\u0219i vedea primul copil. A\u0219tepta cu ner\u0103bdare ca so\u021bia \u0219i bebelu\u0219ul s\u0103 fie externa\u021bi \u0219i s\u0103 ajung\u0103 \u00eempreun\u0103 acas\u0103.<\/p>\n\n\n\n<p>Din visarea lui l-a trezit o femeie care tocmai ie\u0219ise din maternitate. \u021ainea \u00een bra\u021be un bebelu\u0219 \u00eenvelit \u00eentr-o p\u0103turic\u0103. P\u0103rea trist\u0103 \u0219i ab\u0103tut\u0103. Dmitro a crezut c\u0103 sufer\u0103 pentru c\u0103 nu o a\u0219tepta nimeni. Femeia s-a apropiat de el \u0219i i-a cerut, politicos, s\u0103-i \u021bin\u0103 copilul c\u00e2teva secunde, c\u00e2t \u00ee\u0219i leag\u0103 \u0219ireturile. Dar imediat ce feti\u021ba a ajuns \u00een bra\u021bele lui Dmitro, necunoscuta a fugit c\u00e2t a putut de repede. El a strigat-o, a rugat-o s\u0103 se \u00eentoarc\u0103, dar nu a putut s\u0103 alerge dup\u0103 ea \u2013 \u021binea copilul \u00een bra\u021be. La agita\u021bie, bebelu\u0219ul s-a trezit \u0219i a \u00eenceput s\u0103 pl\u00e2ng\u0103. Dmitro, cu ochii \u00een lacrimi, abia se st\u0103p\u00e2nea.<\/p>\n\n\n\n<p>S-a gr\u0103bit \u00eenapoi \u00een maternitate \u0219i a cerut ajutorul unei asistente. Le-a povestit totul \u2013 despre necunoscuta care i-a pus copilul \u00een bra\u021be \u0219i a fugit. \u00cens\u0103 asistenta nu l-a crezut. A presupus c\u0103 Dmitro vrea s\u0103 scape de propriul copil \u0219i \u00eencerca s\u0103 inventeze o poveste. A \u00eenceput s\u0103-l roage s\u0103 nu fac\u0103 o gre\u0219eal\u0103 de care va regreta toat\u0103 via\u021ba \u0219i s\u0103 se g\u00e2ndeasc\u0103 bine.<\/p>\n\n\n\n<p>Cu mare dificultate, Dmitro a reu\u0219it s\u0103 le explice personalului c\u0103 feti\u021ba nu este a lui, c\u0103 so\u021bia lui se afl\u0103 acum \u00een salon \u00eempreun\u0103 cu fiul lor nou-n\u0103scut. C\u00e2nd asistenta a verificat numele \u0219i salonul, to\u021bi au \u00een\u021beles c\u0103 mama feti\u021bei o abandonase \u0219i fugise. Copila a fost preluat\u0103 de sec\u021bia de neonatologie.<\/p>\n\n\n\n<p>Dup\u0103 acest incident, Dmitro \u0219i-a sunat so\u021bia \u0219i i-a povestit totul, spun\u00e2ndu-i c\u00e2t de mult \u00eel mi\u0219case povestea micu\u021bei abandonate. \u00cempreun\u0103 au hot\u0103r\u00e2t c\u0103, dac\u0103 este posibil, vor adopta feti\u021ba.<\/p>\n\n\n\n<p>A venit ziua extern\u0103rii. Dmitro \u0219i-a luat so\u021bia acas\u0103 cu dou\u0103 plicuri \u00een bra\u021be \u2013 unul roz \u0219i unul albastru. Acum aveau s\u0103 creasc\u0103 doi copii \u2013 pe Serghei \u0219i pe Olenka.<\/p>\n\n\n\n<p><strong>Dac\u0103 \u021bi-a pl\u0103cut povestea, nu uita s\u0103 o distribui cu prietenii t\u0103i! \u00cempreun\u0103 putem duce mai departe emo\u021bia \u0219i inspira\u021bia.<\/strong><\/p>\n","protected":false},"excerpt":{"rendered":"<p>Ieri, Dmitro a devenit tat\u0103. El \u0219i so\u021bia lui au adus pe lume un b\u0103ie\u021bel. Tat\u0103l era \u00een culmea fericirii \u2013 acum avea un fiu,<\/p>\n","protected":false},"author":1,"featured_media":39007,"comment_status":"closed","ping_status":"closed","sticky":false,"template":"","format":"standard","meta":[],"categories":[1],"tags":[],"_links":{"self":[{"href":"https:\/\/calatorinromania.com\/index.php?rest_route=\/wp\/v2\/posts\/39020"}],"collection":[{"href":"https:\/\/calatorinromania.com\/index.php?rest_route=\/wp\/v2\/posts"}],"about":[{"href":"https:\/\/calatorinromania.com\/index.php?rest_route=\/wp\/v2\/types\/post"}],"author":[{"embeddable":true,"href":"https:\/\/calatorinromania.com\/index.php?rest_route=\/wp\/v2\/users\/1"}],"replies":[{"embeddable":true,"href":"https:\/\/calatorinromania.com\/index.php?rest_route=%2Fwp%2Fv2%2Fcomments&post=39020"}],"version-history":[{"count":1,"href":"https:\/\/calatorinromania.com\/index.php?rest_route=\/wp\/v2\/posts\/39020\/revisions"}],"predecessor-version":[{"id":39021,"href":"https:\/\/calatorinromania.com\/index.php?rest_route=\/wp\/v2\/posts\/39020\/revisions\/39021"}],"wp:featuredmedia":[{"embeddable":true,"href":"https:\/\/calatorinromania.com\/index.php?rest_route=\/wp\/v2\/media\/39007"}],"wp:attachment":[{"href":"https:\/\/calatorinromania.com\/index.php?rest_route=%2Fwp%2Fv2%2Fmedia&parent=39020"}],"wp:term":[{"taxonomy":"category","embeddable":true,"href":"https:\/\/calatorinromania.com\/index.php?rest_route=%2Fwp%2Fv2%2Fcategories&post=39020"},{"taxonomy":"post_tag","embeddable":true,"href":"https:\/\/calatorinromania.com\/index.php?rest_route=%2Fwp%2Fv2%2Ftags&post=39020"}],"curies":[{"name":"wp","href":"https:\/\/api.w.org\/{rel}","templated":true}]}}