{"id":39006,"date":"2025-05-07T07:54:20","date_gmt":"2025-05-07T07:54:20","guid":{"rendered":"https:\/\/calatorinromania.com\/?p=39006"},"modified":"2025-05-07T07:54:21","modified_gmt":"2025-05-07T07:54:21","slug":"am-gasit-un-baietel-singur-la-statia-de-metrou-si-m-a-rugat-sa-il-ajut-sa-isi-gaseasca-parintii","status":"publish","type":"post","link":"https:\/\/calatorinromania.com\/?p=39006","title":{"rendered":"Am g\u0103sit un b\u0103ie\u021bel singur la sta\u021bia de metrou, \u0219i m-a rugat s\u0103 \u00eel ajut s\u0103 \u00ee\u0219i g\u0103seasc\u0103 p\u0103rin\u021bii"},"content":{"rendered":"\n<h3>DISCLAIMER: Acest site este neutru din punct de vedere politic \u0219i nu sus\u021bine niciun partid sau ideologie politic\u0103.<\/h3>\n\n\n\n<p>AM G\u0102SIT UN B\u0102IE\u021aEL SINGUR LA STA\u021aIA DE METROU CARE M-A RUGAT S\u0102 \u00ceL AJUT S\u0102 \u00ce\u0218I G\u0102SEASC\u0102 P\u0102RIN\u021aII<\/p>\n\n\n\n<p>Rachel a\u0219tepta la sta\u021bia de metrou prietena ei, Mia, c\u00e2nd a observat un b\u0103ie\u021bel care p\u0103rea pierdut. Apropiindu-se de el, \u0219i-a dat seama c\u0103 situa\u021bia era mult mai complicat\u0103 dec\u00e2t p\u0103rea la prima vedere.<\/p>\n\n\n\n<p>Eram pe peronul sta\u021biei de metrou, verific\u00e2nd telefonul pentru a mia oar\u0103. Prietena mea, Mia, \u00eent\u00e2rziase ca de obicei, dar ast\u0103zi parc\u0103 \u00eentrecea m\u0103sura. Pl\u0103nuisem s\u0103 mergem la un magazin second-hand pentru a g\u0103si \u021binute pentru o petrecere ce urma.<\/p>\n\n\n\n<p>Privind \u00een jur pentru a-mi trece timpul, am observat un b\u0103ie\u021bel.<\/p>\n\n\n\n<p>Nu avea mai mult de \u0219apte sau opt ani \u0219i st\u0103tea singur pe o banc\u0103. Ochii \u00eei erau mari, iar \u00een bra\u021be \u021binea str\u00e2ns un iepura\u0219 de plu\u0219 uzat.<\/p>\n\n\n\n<p>De\u0219i nu m\u0103 consideram o persoan\u0103 matern\u0103, ceva la el m-a mi\u0219cat profund.<\/p>\n\n\n\n<p>\u201eBun\u0103, micu\u021bule,\u201d i-am spus apropiindu-m\u0103 de el. \u201eTe-ai pierdut? A\u0219tep\u021bi pe cineva?\u201d<\/p>\n\n\n\n<p>B\u0103iatul s-a uitat la mine, cu ochii plini de speran\u021b\u0103 \u0219i team\u0103.<\/p>\n\n\n\n<p>\u201eNu-mi g\u0103sesc p\u0103rin\u021bii,\u201d a \u0219optit. \u201eNu \u0219tiu unde s\u0103 merg, a\u0219a c\u0103 stau aici.\u201d<\/p>\n\n\n\n<p>Inima mi s-a str\u00e2ns de mila lui.<\/p>\n\n\n\n<p>\u201eVrei s\u0103 te ajut s\u0103-i g\u0103se\u0219ti? Putem merge la poli\u021bie s\u0103 cerem ajutor.\u201d<\/p>\n\n\n\n<p>Ochii b\u0103ie\u021belului s-au m\u0103rit \u0219i mai mult.<\/p>\n\n\n\n<p>\u201eNu! Te rog, nu merge la poli\u021bie!\u201d a exclamat, vizibil agitat.<\/p>\n\n\n\n<p>M-am a\u0219ezat pe banc\u0103 l\u00e2ng\u0103 el, sper\u00e2nd s\u0103-l lini\u0219tesc.<\/p>\n\n\n\n<p>\u201eDe ce nu?\u201d l-am \u00eentrebat bl\u00e2nd. \u201eDoar pentru a cere ajutor.\u201d<\/p>\n\n\n\n<p>\u201ePentru c\u0103 poli\u021bia \u00eei caut\u0103 pe p\u0103rin\u021bii mei,\u201d a spus trist. \u201eUneori p\u0103rin\u021bii mei sunt nevoi\u021bi s\u0103 fure m\u00e2ncare pentru a m\u0103 hr\u0103ni. Din cauza asta, poli\u021bia \u00eei caut\u0103. Nu suntem oameni r\u0103i\u2026 doar avem nevoie de ajutor.\u201d<\/p>\n\n\n\n<p>Am ezitat, nesigur\u0103 cum s\u0103 gestionez situa\u021bia. Puteam \u00een\u021belege disperarea unor p\u0103rin\u021bi care \u00eencalc\u0103 regulile doar pentru a-\u0219i hr\u0103ni copilul. Cu siguran\u021b\u0103, era un sentiment de dreptate \u00een asta.<\/p>\n\n\n\n<p>\u201eBine,\u201d i-am spus ferm. \u201eNu mergem la poli\u021bie. Dar hai s\u0103 vedem dac\u0103 \u00eei putem g\u0103si. Unde crezi c\u0103 ar putea fi?\u201d<\/p>\n\n\n\n<p>B\u0103ie\u021belul \u0219i-a \u00eentors privirea rapid, iar g\u00e2ndurile lui p\u0103reau s\u0103 vin\u0103 \u0219i s\u0103 plece cu repeziciune.<\/p>\n\n\n\n<p>\u201eUneori merg \u00een parc,\u201d a spus. \u201ePutem merge acolo? Poate \u00eei g\u0103sim.\u201d<\/p>\n\n\n\n<p>\u201eDesigur,\u201d i-am r\u0103spuns. \u201eCum te cheam\u0103, apropo?\u201d<\/p>\n\n\n\n<p>A z\u00e2mbit larg la \u00eentrebare.<\/p>\n\n\n\n<p>\u201eTommy,\u201d a spus. \u201e\u0218i pe tine?\u201d<\/p>\n\n\n\n<p>\u201eRachel,\u201d i-am r\u0103spuns. \u201e\u00cemi pare bine s\u0103 te cunosc, Tommy. Hai s\u0103 mergem.\u201d<\/p>\n\n\n\n<p>Am mers \u00eempreun\u0103 spre parcul din apropiere, Tommy \u021bin\u00e2nd str\u00e2ns iepura\u0219ul de plu\u0219 \u0219i m\u00e2na mea. Pe m\u0103sur\u0103 ce ne plimbam prin parc, ochii lui s-au luminat la vederea unui stand de popcorn.<\/p>\n\n\n\n<p>\u201eVrei?\u201d l-am \u00eentrebat, sim\u021bind entuziasmul din privirea lui.<\/p>\n\n\n\n<p>\u201eDa, te rog!\u201d a spus, s\u0103rind de pe un picior pe altul.<\/p>\n\n\n\n<p>Am z\u00e2mbit \u0219i i-am cump\u0103rat o pung\u0103.<\/p>\n\n\n\n<p>\u201ePoftim, dragule,\u201d i-am spus.<\/p>\n\n\n\n<p>Am continuat s\u0103 c\u0103ut\u0103m prin parc, dar p\u0103rin\u021bii lui nu erau nic\u0103ieri.<\/p>\n\n\n\n<p>\u201eNu sunt aici,\u201d a spus el, cu fa\u021ba c\u0103z\u00e2nd.<\/p>\n\n\n\n<p>P\u0103rea pe punctul de a pl\u00e2nge.<\/p>\n\n\n\n<p>\u201eUnde mai merg ei?\u201d l-am \u00eentrebat, \u00eencerc\u00e2nd s\u0103 p\u0103strez o urm\u0103 de speran\u021b\u0103 pentru el.<\/p>\n\n\n\n<p>\u201eUneori merg la mall pentru a str\u00e2nge resturi de m\u00e2ncare de la food court,\u201d a spus.<\/p>\n\n\n\n<p>\u201eBine, hai s\u0103 \u00eencerc\u0103m la mall,\u201d i-am spus, duc\u00e2ndu-l \u00eenapoi la metrou.<\/p>\n\n\n\n<p>La mall, ochii lui Tommy s-au m\u0103rit la vederea s\u0103lii de jocuri.<\/p>\n\n\n\n<p>\u201eWow,\u201d a spus. \u201eNu am mai v\u0103zut a\u0219a ceva. Ce sunt acestea?\u201d<\/p>\n\n\n\n<p>Nu am putut rezista privirii lui pline de dorin\u021b\u0103.<\/p>\n\n\n\n<p>\u201eHai s\u0103-\u021bi lu\u0103m ni\u0219te jetoane,\u201d i-am spus, oferindu-i c\u00e2\u021biva dolari. A fugit spre ma\u0219inile de jocuri, cu un z\u00e2mbet uria\u0219 pe fa\u021b\u0103, \u00eencerc\u00e2nd s\u0103 \u00eenve\u021be cum s\u0103 le joace.<\/p>\n\n\n\n<p>C\u00e2t timp se juca, am scos telefonul s\u0103 v\u0103d dac\u0103 Mia mi-a r\u0103spuns. Chiar atunci, doi poli\u021bi\u0219ti s-au apropiat de mine.<\/p>\n\n\n\n<p>\u201eScuza\u021bi-m\u0103, domni\u0219oar\u0103,\u201d a spus unul dintre ei. \u201eB\u0103ie\u021belul acela este cu dumneavoastr\u0103?\u201d<\/p>\n\n\n\n<p>\u201eDa,\u201d am r\u0103spuns, cu inima str\u00e2ns\u0103. \u201eDe ce \u00eentreba\u021bi? \u00cencerc\u0103m s\u0103-i g\u0103sim p\u0103rin\u021bii.\u201d<\/p>\n\n\n\n<p>\u201eAcest b\u0103iat a fugit de la familia lui adoptiv\u0103 \u00een aceast\u0103 diminea\u021b\u0103,\u201d a spus cel\u0103lalt poli\u021bist bl\u00e2nd. \u201eTrebuie s\u0103-l ducem \u00eenapoi acas\u0103.\u201d<\/p>\n\n\n\n<p>Povestea continu\u0103 cu emo\u021bie \u0219i prietenie, transform\u00e2nd o \u00eent\u00e2lnire \u00eent\u00e2mpl\u0103toare \u00eentr-o rela\u021bie care schimb\u0103 vie\u021bi. Ce ai fi f\u0103cut \u00een locul meu?<\/p>\n","protected":false},"excerpt":{"rendered":"<p>DISCLAIMER: Acest site este neutru din punct de vedere politic \u0219i nu sus\u021bine niciun partid sau ideologie politic\u0103. AM G\u0102SIT UN B\u0102IE\u021aEL SINGUR LA STA\u021aIA<\/p>\n","protected":false},"author":1,"featured_media":39007,"comment_status":"closed","ping_status":"closed","sticky":false,"template":"","format":"standard","meta":[],"categories":[1],"tags":[],"_links":{"self":[{"href":"https:\/\/calatorinromania.com\/index.php?rest_route=\/wp\/v2\/posts\/39006"}],"collection":[{"href":"https:\/\/calatorinromania.com\/index.php?rest_route=\/wp\/v2\/posts"}],"about":[{"href":"https:\/\/calatorinromania.com\/index.php?rest_route=\/wp\/v2\/types\/post"}],"author":[{"embeddable":true,"href":"https:\/\/calatorinromania.com\/index.php?rest_route=\/wp\/v2\/users\/1"}],"replies":[{"embeddable":true,"href":"https:\/\/calatorinromania.com\/index.php?rest_route=%2Fwp%2Fv2%2Fcomments&post=39006"}],"version-history":[{"count":1,"href":"https:\/\/calatorinromania.com\/index.php?rest_route=\/wp\/v2\/posts\/39006\/revisions"}],"predecessor-version":[{"id":39008,"href":"https:\/\/calatorinromania.com\/index.php?rest_route=\/wp\/v2\/posts\/39006\/revisions\/39008"}],"wp:featuredmedia":[{"embeddable":true,"href":"https:\/\/calatorinromania.com\/index.php?rest_route=\/wp\/v2\/media\/39007"}],"wp:attachment":[{"href":"https:\/\/calatorinromania.com\/index.php?rest_route=%2Fwp%2Fv2%2Fmedia&parent=39006"}],"wp:term":[{"taxonomy":"category","embeddable":true,"href":"https:\/\/calatorinromania.com\/index.php?rest_route=%2Fwp%2Fv2%2Fcategories&post=39006"},{"taxonomy":"post_tag","embeddable":true,"href":"https:\/\/calatorinromania.com\/index.php?rest_route=%2Fwp%2Fv2%2Ftags&post=39006"}],"curies":[{"name":"wp","href":"https:\/\/api.w.org\/{rel}","templated":true}]}}