{"id":39004,"date":"2025-05-07T07:48:34","date_gmt":"2025-05-07T07:48:34","guid":{"rendered":"https:\/\/calatorinromania.com\/?p=39004"},"modified":"2025-05-07T07:48:34","modified_gmt":"2025-05-07T07:48:34","slug":"trucul-care-te-scapa-de-furnicile-din-casa-sau-curte-este-natural-si-mult-mai-eficient-fata-de-insecticidele-chimice","status":"publish","type":"post","link":"https:\/\/calatorinromania.com\/?p=39004","title":{"rendered":"Trucul care te scapa de furnicile din casa sau curte. Este natural si mult mai eficient fata de insecticidele chimice"},"content":{"rendered":"\n<h2><strong>Trucuri Naturale pentru a Sc\u0103pa de Furnici<\/strong><\/h2>\n\n\n\n<p><\/p>\n\n\n\n<h3>\ud83d\udd39 1. <strong>Past\u0103 de din\u021bi (mentolat\u0103)<\/strong><\/h3>\n\n\n\n<ul>\n<li><strong>Cum ac\u021bioneaz\u0103<\/strong>: Mirosul puternic \u0219i ingredientele active resping furnicile.<\/li>\n\n\n\n<li><strong>Cum se folose\u0219te<\/strong>: Aplic\u0103 un strat sub\u021bire \u00een locuri de trecere: pervazuri, col\u021buri, baie, praguri.<\/li>\n\n\n\n<li><strong>Ideal pentru<\/strong>: Interiorul casei \u0219i zonele greu accesibile.<\/li>\n<\/ul>\n\n\n\n<p><\/p>\n\n\n\n<h3>\ud83d\udd39 2. <strong>O\u021bet alb (1:1 cu ap\u0103)<\/strong><\/h3>\n\n\n\n<ul>\n<li><strong>Cum ac\u021bioneaz\u0103<\/strong>: Distruge urmele chimice l\u0103sate de furnici \u0219i le respinge cu mirosul s\u0103u.<\/li>\n\n\n\n<li><strong>Aplicare<\/strong>: Pulverizeaz\u0103 \u00een zonele frecventate sau la intr\u0103rile \u00een cas\u0103.<\/li>\n\n\n\n<li><strong>Bonus<\/strong>: Cur\u0103\u021b\u0103 \u0219i dezinfecteaz\u0103.<\/li>\n<\/ul>\n\n\n\n<p><\/p>\n\n\n\n<h3>\ud83d\udd39 3. <strong>Zeam\u0103 de l\u0103m\u00e2ie<\/strong><\/h3>\n\n\n\n<ul>\n<li><strong>Rol<\/strong>: Neutralizeaz\u0103 urmele olfactive l\u0103sate de furnici.<\/li>\n\n\n\n<li><strong>Aplicare<\/strong>: Strope\u0219te \u00een jurul u\u0219ilor, ferestrelor, pe blaturi sau podele.<\/li>\n<\/ul>\n\n\n\n<p><\/p>\n\n\n\n<h3>\ud83d\udd39 4. <strong>Scor\u021bi\u0219oar\u0103 (pudr\u0103 sau ulei esen\u021bial)<\/strong><\/h3>\n\n\n\n<ul>\n<li><strong>Efect<\/strong>: Aroma intens\u0103 este un repelent natural pentru furnici.<\/li>\n\n\n\n<li><strong>Utilizare<\/strong>: Presar\u0103 pudr\u0103 sau folose\u0219te spray cu ulei esen\u021bial diluat \u00een ap\u0103.<\/li>\n<\/ul>\n\n\n\n<p><\/p>\n\n\n\n<h3>\ud83d\udd39 5. <strong>Pudr\u0103 de talc \/ cret\u0103<\/strong><\/h3>\n\n\n\n<ul>\n<li><strong>Metod\u0103<\/strong>: Creeaz\u0103 o \u201ebarier\u0103\u201d fizic\u0103 pe care furnicile refuz\u0103 s\u0103 o traverseze.<\/li>\n\n\n\n<li><strong>Aplicare<\/strong>: Traseaz\u0103 linii \u00een jurul intr\u0103rilor, grilajelor, u\u0219ilor.<\/li>\n<\/ul>\n\n\n\n<p><\/p>\n\n\n\n<h3>\ud83d\udd39 6. <strong>Za\u021b de cafea<\/strong><\/h3>\n\n\n\n<ul>\n<li><strong>Cum ajut\u0103<\/strong>: Mirosul puternic \u0219i textura grunjoas\u0103 le \u021bine la distan\u021b\u0103.<\/li>\n\n\n\n<li><strong>Unde se folose\u0219te<\/strong>: \u00cen curte, gr\u0103din\u0103, la baza pere\u021bilor sau l\u00e2ng\u0103 plante.<\/li>\n<\/ul>\n\n\n\n<p><\/p>\n\n\n\n<h2>\u2705 <strong>Sfaturi utile<\/strong>:<\/h2>\n\n\n\n<ul>\n<li>Cur\u0103\u021b\u0103 bine suprafe\u021bele \u00eenainte de aplicare.<\/li>\n\n\n\n<li>Reaplic\u0103 metodele odat\u0103 la c\u00e2teva zile pentru eficien\u021b\u0103 maxim\u0103.<\/li>\n\n\n\n<li>Combin\u0103 2\u20133 metode pentru rezultate mai bune (ex. zeam\u0103 de l\u0103m\u00e2ie + scor\u021bi\u0219oar\u0103).<\/li>\n<\/ul>\n","protected":false},"excerpt":{"rendered":"<p>Trucuri Naturale pentru a Sc\u0103pa de Furnici \ud83d\udd39 1. Past\u0103 de din\u021bi (mentolat\u0103) \ud83d\udd39 2. O\u021bet alb (1:1 cu ap\u0103) \ud83d\udd39 3. Zeam\u0103 de l\u0103m\u00e2ie<\/p>\n","protected":false},"author":1,"featured_media":38965,"comment_status":"closed","ping_status":"closed","sticky":false,"template":"","format":"standard","meta":[],"categories":[1],"tags":[],"_links":{"self":[{"href":"https:\/\/calatorinromania.com\/index.php?rest_route=\/wp\/v2\/posts\/39004"}],"collection":[{"href":"https:\/\/calatorinromania.com\/index.php?rest_route=\/wp\/v2\/posts"}],"about":[{"href":"https:\/\/calatorinromania.com\/index.php?rest_route=\/wp\/v2\/types\/post"}],"author":[{"embeddable":true,"href":"https:\/\/calatorinromania.com\/index.php?rest_route=\/wp\/v2\/users\/1"}],"replies":[{"embeddable":true,"href":"https:\/\/calatorinromania.com\/index.php?rest_route=%2Fwp%2Fv2%2Fcomments&post=39004"}],"version-history":[{"count":1,"href":"https:\/\/calatorinromania.com\/index.php?rest_route=\/wp\/v2\/posts\/39004\/revisions"}],"predecessor-version":[{"id":39005,"href":"https:\/\/calatorinromania.com\/index.php?rest_route=\/wp\/v2\/posts\/39004\/revisions\/39005"}],"wp:featuredmedia":[{"embeddable":true,"href":"https:\/\/calatorinromania.com\/index.php?rest_route=\/wp\/v2\/media\/38965"}],"wp:attachment":[{"href":"https:\/\/calatorinromania.com\/index.php?rest_route=%2Fwp%2Fv2%2Fmedia&parent=39004"}],"wp:term":[{"taxonomy":"category","embeddable":true,"href":"https:\/\/calatorinromania.com\/index.php?rest_route=%2Fwp%2Fv2%2Fcategories&post=39004"},{"taxonomy":"post_tag","embeddable":true,"href":"https:\/\/calatorinromania.com\/index.php?rest_route=%2Fwp%2Fv2%2Ftags&post=39004"}],"curies":[{"name":"wp","href":"https:\/\/api.w.org\/{rel}","templated":true}]}}