{"id":39001,"date":"2025-05-07T07:43:19","date_gmt":"2025-05-07T07:43:19","guid":{"rendered":"https:\/\/calatorinromania.com\/?p=39001"},"modified":"2025-05-07T07:43:19","modified_gmt":"2025-05-07T07:43:19","slug":"%f0%9f%8d%b0-prajitura-cu-zmeura-si-crema-fina-de-mascarpone","status":"publish","type":"post","link":"https:\/\/calatorinromania.com\/?p=39001","title":{"rendered":"\ud83c\udf70 Pr\u0103jitur\u0103 cu zmeur\u0103 \u0219i crem\u0103 fin\u0103 de mascarpone"},"content":{"rendered":"\n<p><strong>Un desert spectaculos cu blat pufos, crem\u0103 m\u0103t\u0103soas\u0103 \u0219i arom\u0103 de fructe proaspete<\/strong><\/p>\n\n\n\n<p><\/p>\n\n\n\n<h2>\u2728 Ingrediente<\/h2>\n\n\n\n<h3>Pentru blat:<\/h3>\n\n\n\n<ul>\n<li>6 ou\u0103<\/li>\n\n\n\n<li>180 g zah\u0103r<\/li>\n\n\n\n<li>180 g f\u0103in\u0103<\/li>\n\n\n\n<li>1 praf de sare<\/li>\n\n\n\n<li>1 linguri\u021b\u0103 extract de vanilie<\/li>\n<\/ul>\n\n\n\n<p><\/p>\n\n\n\n<h3>Pentru crem\u0103:<\/h3>\n\n\n\n<ul>\n<li>250 g mascarpone<\/li>\n\n\n\n<li>250 ml fri\u0219c\u0103 lichid\u0103 (\u00eendulcit\u0103)<\/li>\n\n\n\n<li>3 linguri zah\u0103r pudr\u0103<\/li>\n\n\n\n<li>1 linguri\u021b\u0103 esen\u021b\u0103 de vanilie<\/li>\n\n\n\n<li>Colorant alimentar roz (op\u021bional)<\/li>\n<\/ul>\n\n\n\n<p><\/p>\n\n\n\n<h3>Pentru umplutur\u0103:<\/h3>\n\n\n\n<ul>\n<li>300\u2013350 g zmeur\u0103 (proasp\u0103t\u0103 sau congelat\u0103)<\/li>\n\n\n\n<li>2 linguri zah\u0103r<\/li>\n\n\n\n<li>1 lingur\u0103 amidon (dizolvat \u00een pu\u021bin\u0103 ap\u0103)<\/li>\n<\/ul>\n\n\n\n<p><\/p>\n\n\n\n<h3>Pentru decor:<\/h3>\n\n\n\n<ul>\n<li>Zmeur\u0103 proasp\u0103t\u0103<\/li>\n\n\n\n<li>Ciocolat\u0103 alb\u0103 topit\u0103<\/li>\n\n\n\n<li>Zah\u0103r pudr\u0103<\/li>\n<\/ul>\n\n\n\n<p><\/p>\n\n\n\n<h2>\ud83e\uddc1 Mod de preparare<\/h2>\n\n\n\n<p><\/p>\n\n\n\n<h3>1. <strong>Prepar\u0103 blatul:<\/strong><\/h3>\n\n\n\n<ul>\n<li>Bate ou\u0103le cu zah\u0103rul \u0219i sarea p\u00e2n\u0103 devin o spum\u0103 aerat\u0103 (8\u201310 min).<\/li>\n\n\n\n<li>Adaug\u0103 vanilia, apoi \u00eencorporeaz\u0103 f\u0103ina cernut\u0103, amestec\u00e2nd u\u0219or, de jos \u00een sus.<\/li>\n\n\n\n<li>Toarn\u0103 compozi\u021bia \u00eentr-o tav\u0103 rotund\u0103 (\u00d8 20\u201322 cm) tapetat\u0103 cu h\u00e2rtie de copt.<\/li>\n\n\n\n<li>Coace la 170\u00b0C timp de 30\u201335 de minute sau p\u00e2n\u0103 trece testul cu scobitoarea.<\/li>\n\n\n\n<li>Las\u0103 blatul s\u0103 se r\u0103ceasc\u0103 complet, apoi taie-l \u00een <strong>3 felii egale<\/strong>.<\/li>\n<\/ul>\n\n\n\n<p><\/p>\n\n\n\n<h3>2. <strong>Crem\u0103 de mascarpone:<\/strong><\/h3>\n\n\n\n<ul>\n<li>Bate fri\u0219ca p\u00e2n\u0103 devine ferm\u0103.<\/li>\n\n\n\n<li>Separat, amestec\u0103 mascarpone cu zah\u0103rul pudr\u0103 \u0219i esen\u021ba de vanilie.<\/li>\n\n\n\n<li>\u00cencorporeaz\u0103 u\u0219or fri\u0219ca b\u0103tut\u0103 \u00een mascarpone.<\/li>\n\n\n\n<li>Op\u021bional: coloreaz\u0103 o parte din crem\u0103 \u00een roz pentru un contrast vizual pl\u0103cut.<\/li>\n<\/ul>\n\n\n\n<p><\/p>\n\n\n\n<h3>3. <strong>Umplutur\u0103 de zmeur\u0103:<\/strong><\/h3>\n\n\n\n<ul>\n<li>Fierbe zmeura cu zah\u0103rul timp de 5 minute.<\/li>\n\n\n\n<li>Adaug\u0103 amidonul dizolvat \u0219i mai las\u0103 s\u0103 fiarb\u0103 p\u00e2n\u0103 se \u00eengroa\u0219\u0103 u\u0219or.<\/li>\n\n\n\n<li>R\u0103ce\u0219te complet \u00eenainte de folosire.<\/li>\n<\/ul>\n\n\n\n<p><\/p>\n\n\n\n<h3>4. <strong>Asamblare:<\/strong><\/h3>\n\n\n\n<ul>\n<li>Pe primul strat de blat, \u00eentinde crema roz, apoi o treime din sosul de zmeur\u0103.<\/li>\n\n\n\n<li>Adaug\u0103 al doilea strat, crem\u0103 alb\u0103 \u0219i zmeur\u0103.<\/li>\n\n\n\n<li>A\u0219az\u0103 ultimul strat \u0219i \u00eembrac\u0103 pr\u0103jitura cu crem\u0103 r\u0103mas\u0103.<\/li>\n\n\n\n<li>Decoreaz\u0103 cu zmeur\u0103 proasp\u0103t\u0103, fir de ciocolat\u0103 alb\u0103 topit\u0103 \u0219i pu\u021bin zah\u0103r pudr\u0103.<\/li>\n<\/ul>\n\n\n\n<p><\/p>\n\n\n\n<h2>\ud83c\udf82 Sfaturi:<\/h2>\n\n\n\n<ul>\n<li>Dac\u0103 folose\u0219ti zmeur\u0103 congelat\u0103, dezghea\u021b-o \u00eenainte \u0219i scurge excesul de ap\u0103.<\/li>\n\n\n\n<li>Fri\u0219ca trebuie s\u0103 fie foarte rece \u00eenainte de mixare, pentru o consisten\u021b\u0103 ferm\u0103.<\/li>\n\n\n\n<li>Po\u021bi \u00eenlocui zmeura cu afine, c\u0103p\u0219uni sau mure pentru alte variante de sezon.<\/li>\n<\/ul>\n\n\n\n<p><\/p>\n\n\n\n<blockquote class=\"wp-block-quote\">\n<p>\ud83d\udca1 Perfect\u0103 pentru ocazii speciale sau un weekend dulce \u00een familie.<br>\ud83d\udcf8 <em>D\u0103-i un twist decorativ cu floricele comestibile sau foi\u021b\u0103 de aur dac\u0103 o serve\u0219ti festiv.<\/em><\/p>\n<\/blockquote>\n","protected":false},"excerpt":{"rendered":"<p>Un desert spectaculos cu blat pufos, crem\u0103 m\u0103t\u0103soas\u0103 \u0219i arom\u0103 de fructe proaspete \u2728 Ingrediente Pentru blat: Pentru crem\u0103: Pentru umplutur\u0103: Pentru decor: \ud83e\uddc1 Mod<\/p>\n","protected":false},"author":1,"featured_media":39002,"comment_status":"closed","ping_status":"closed","sticky":false,"template":"","format":"standard","meta":[],"categories":[1],"tags":[],"_links":{"self":[{"href":"https:\/\/calatorinromania.com\/index.php?rest_route=\/wp\/v2\/posts\/39001"}],"collection":[{"href":"https:\/\/calatorinromania.com\/index.php?rest_route=\/wp\/v2\/posts"}],"about":[{"href":"https:\/\/calatorinromania.com\/index.php?rest_route=\/wp\/v2\/types\/post"}],"author":[{"embeddable":true,"href":"https:\/\/calatorinromania.com\/index.php?rest_route=\/wp\/v2\/users\/1"}],"replies":[{"embeddable":true,"href":"https:\/\/calatorinromania.com\/index.php?rest_route=%2Fwp%2Fv2%2Fcomments&post=39001"}],"version-history":[{"count":1,"href":"https:\/\/calatorinromania.com\/index.php?rest_route=\/wp\/v2\/posts\/39001\/revisions"}],"predecessor-version":[{"id":39003,"href":"https:\/\/calatorinromania.com\/index.php?rest_route=\/wp\/v2\/posts\/39001\/revisions\/39003"}],"wp:featuredmedia":[{"embeddable":true,"href":"https:\/\/calatorinromania.com\/index.php?rest_route=\/wp\/v2\/media\/39002"}],"wp:attachment":[{"href":"https:\/\/calatorinromania.com\/index.php?rest_route=%2Fwp%2Fv2%2Fmedia&parent=39001"}],"wp:term":[{"taxonomy":"category","embeddable":true,"href":"https:\/\/calatorinromania.com\/index.php?rest_route=%2Fwp%2Fv2%2Fcategories&post=39001"},{"taxonomy":"post_tag","embeddable":true,"href":"https:\/\/calatorinromania.com\/index.php?rest_route=%2Fwp%2Fv2%2Ftags&post=39001"}],"curies":[{"name":"wp","href":"https:\/\/api.w.org\/{rel}","templated":true}]}}