{"id":38982,"date":"2025-05-06T07:59:06","date_gmt":"2025-05-06T07:59:06","guid":{"rendered":"https:\/\/calatorinromania.com\/?p=38982"},"modified":"2025-05-06T07:59:06","modified_gmt":"2025-05-06T07:59:06","slug":"galuste-pufoase-din-gris-reteta-simpla-rapida-si-delicioasa-%f0%9f%8d%9c","status":"publish","type":"post","link":"https:\/\/calatorinromania.com\/?p=38982","title":{"rendered":"G\u0103lu\u0219te pufoase din gri\u0219 \u2013 re\u021beta simpl\u0103, rapid\u0103 \u0219i delicioas\u0103! \ud83c\udf5c"},"content":{"rendered":"\n<p><strong>Perfecte pentru sup\u0103 \u2013 moi, pufoase \u0219i gata \u00een c\u00e2teva minute!<\/strong><\/p>\n\n\n\n<p><\/p>\n\n\n\n<p>Vrei g\u0103lu\u0219te care s\u0103 se topeasc\u0103 \u00een gur\u0103? \u2764\ufe0f Iat\u0103 re\u021beta ideal\u0103 pentru o sup\u0103 gustoas\u0103 \u0219i hr\u0103nitoare! Se face cu ingrediente simple \u0219i este perfect\u0103 \u0219i pentru \u00eencep\u0103tori. \ud83d\udc69\u200d\ud83c\udf73<\/p>\n\n\n\n<p><\/p>\n\n\n\n<h2>\ud83c\udf7d\ufe0f Ingrediente:<\/h2>\n\n\n\n<ul>\n<li>\ud83e\udd5a <strong>2 ou\u0103<\/strong><\/li>\n\n\n\n<li>\ud83e\uddc8 <strong>2 linguri de unt moale<\/strong> (la temperatura camerei)<\/li>\n\n\n\n<li>\ud83e\udd44 <strong>5\u20136 linguri cu v\u00e2rf de gri\u0219<\/strong><\/li>\n\n\n\n<li>\ud83e\uddc2 <strong>Un praf de sare<\/strong> <em>sau<\/em> <strong>1 linguri\u021b\u0103 de Maggi cu legume<\/strong><\/li>\n<\/ul>\n\n\n\n<p><\/p>\n\n\n\n<h2>\ud83d\udc69\u200d\ud83c\udf73 Mod de preparare:<\/h2>\n\n\n\n<ol>\n<li>\u00centr-un castron, <strong>sparge ou\u0103le<\/strong> \u0219i adaug\u0103 sarea sau condimentele Maggi.<\/li>\n\n\n\n<li>Adaug\u0103 <strong>untul moale<\/strong> \u0219i amestec\u0103 totul u\u0219or cu o furculi\u021b\u0103, p\u00e2n\u0103 se omogenizeaz\u0103.<\/li>\n\n\n\n<li><strong>\u00cencorporeaz\u0103 treptat gri\u0219ul<\/strong> \u2013 \u00eencepe cu 5 linguri \u0219i, dac\u0103 e nevoie, adaug\u0103 \u00eenc\u0103 una. Compozi\u021bia trebuie s\u0103 fie ca o <strong>sm\u00e2nt\u00e2n\u0103 groas\u0103<\/strong>.<\/li>\n\n\n\n<li><strong>Las\u0103 amestecul la odihnit 10 minute<\/strong> \u2013 gri\u0219ul se va umfla pu\u021bin \u0219i compozi\u021bia va deveni perfect\u0103 pentru modelare.<\/li>\n\n\n\n<li>Cu o lingur\u0103, <strong>formeaz\u0103 g\u0103lu\u0219te<\/strong> \u0219i pune-le direct \u00een supa care fierbe u\u0219or.<\/li>\n\n\n\n<li>G\u0103lu\u0219tele se vor <strong>ridica la suprafa\u021b\u0103<\/strong> aproape imediat. Fierbe-le la foc mic p\u00e2n\u0103 devin <strong>pufoase \u0219i bine p\u0103trunse<\/strong> (aprox. 10-12 minute).<\/li>\n<\/ol>\n\n\n\n<p><\/p>\n\n\n\n<h2>\u2728 Sfaturi utile:<\/h2>\n\n\n\n<ul>\n<li>Nu amesteca excesiv compozi\u021bia, p\u0103streaz\u0103 textura aerat\u0103.<\/li>\n\n\n\n<li>Supa trebuie s\u0103 fiarb\u0103 <strong>bl\u00e2nd<\/strong>, nu \u00een clocot, pentru ca g\u0103lu\u0219tele s\u0103 nu se destrame.<\/li>\n\n\n\n<li>Po\u021bi ad\u0103uga verdea\u021b\u0103 tocat\u0103 (p\u0103trunjel, m\u0103rar) pentru un plus de gust \u0219i culoare. \ud83c\udf3f<\/li>\n<\/ul>\n\n\n\n<p><\/p>\n\n\n\n<h2>\ud83c\udf7d\ufe0f Servire:<\/h2>\n\n\n\n<p>Serve\u0219te g\u0103lu\u0219tele calde, \u00een supa preferat\u0103 \u2013 de pui, de legume sau de vit\u0103. Sunt ideale pentru \u00eentreaga familie! \ud83e\udde1<\/p>\n\n\n\n<h3>\ud83d\udd01 Dac\u0103 \u0219i tu iube\u0219ti m\u00e2ncarea g\u0103tit\u0103 cu drag, <strong>distribuie aceast\u0103 re\u021bet\u0103<\/strong> prietenilor t\u0103i!<\/h3>\n\n\n\n<p>\ud83d\udcf8 Posteaz\u0103 o poz\u0103 cu rezultatul \u0219i eticheteaz\u0103-ne! #G\u0103lu\u0219teDeCas\u0103 #M\u00e2ncareCuSuflet<\/p>\n","protected":false},"excerpt":{"rendered":"<p>Perfecte pentru sup\u0103 \u2013 moi, pufoase \u0219i gata \u00een c\u00e2teva minute! Vrei g\u0103lu\u0219te care s\u0103 se topeasc\u0103 \u00een gur\u0103? \u2764\ufe0f Iat\u0103 re\u021beta ideal\u0103 pentru o<\/p>\n","protected":false},"author":1,"featured_media":38983,"comment_status":"closed","ping_status":"closed","sticky":false,"template":"","format":"standard","meta":[],"categories":[1],"tags":[],"_links":{"self":[{"href":"https:\/\/calatorinromania.com\/index.php?rest_route=\/wp\/v2\/posts\/38982"}],"collection":[{"href":"https:\/\/calatorinromania.com\/index.php?rest_route=\/wp\/v2\/posts"}],"about":[{"href":"https:\/\/calatorinromania.com\/index.php?rest_route=\/wp\/v2\/types\/post"}],"author":[{"embeddable":true,"href":"https:\/\/calatorinromania.com\/index.php?rest_route=\/wp\/v2\/users\/1"}],"replies":[{"embeddable":true,"href":"https:\/\/calatorinromania.com\/index.php?rest_route=%2Fwp%2Fv2%2Fcomments&post=38982"}],"version-history":[{"count":1,"href":"https:\/\/calatorinromania.com\/index.php?rest_route=\/wp\/v2\/posts\/38982\/revisions"}],"predecessor-version":[{"id":38984,"href":"https:\/\/calatorinromania.com\/index.php?rest_route=\/wp\/v2\/posts\/38982\/revisions\/38984"}],"wp:featuredmedia":[{"embeddable":true,"href":"https:\/\/calatorinromania.com\/index.php?rest_route=\/wp\/v2\/media\/38983"}],"wp:attachment":[{"href":"https:\/\/calatorinromania.com\/index.php?rest_route=%2Fwp%2Fv2%2Fmedia&parent=38982"}],"wp:term":[{"taxonomy":"category","embeddable":true,"href":"https:\/\/calatorinromania.com\/index.php?rest_route=%2Fwp%2Fv2%2Fcategories&post=38982"},{"taxonomy":"post_tag","embeddable":true,"href":"https:\/\/calatorinromania.com\/index.php?rest_route=%2Fwp%2Fv2%2Ftags&post=38982"}],"curies":[{"name":"wp","href":"https:\/\/api.w.org\/{rel}","templated":true}]}}