{"id":38955,"date":"2025-05-05T11:02:38","date_gmt":"2025-05-05T11:02:38","guid":{"rendered":"https:\/\/calatorinromania.com\/?p=38955"},"modified":"2025-05-05T11:02:38","modified_gmt":"2025-05-05T11:02:38","slug":"secretul-ardeilor-umpluti-ca-in-bulgaria-trucul-care-face-toata-diferenta","status":"publish","type":"post","link":"https:\/\/calatorinromania.com\/?p=38955","title":{"rendered":"<strong>Secretul ardeilor umplu\u021bi ca \u00een Bulgaria \u2013 Trucul care face toat\u0103 diferen\u021ba!<\/strong>"},"content":{"rendered":"\n<h2><\/h2>\n\n\n\n<h3>\ud83c\udf7d\ufe0f Ardeii umplu\u021bi \u2013 Tradi\u021bie, gust \u0219i suflet \u00een fiecare lingur\u0103<\/h3>\n\n\n\n<p><\/p>\n\n\n\n<p><strong>Ardeii umplu\u021bi<\/strong> sunt un preparat clasic, nelipsit de pe mesele rom\u00e2nilor. \u00cens\u0103, dac\u0103 vrei s\u0103 le dai acel \u201eceva\u201d \u00een plus, afl\u0103 un <strong>mic secret bulg\u0103resc<\/strong> care le ofer\u0103 o arom\u0103 intens\u0103 \u0219i un gust des\u0103v\u00e2r\u0219it! \ud83d\ude0d<\/p>\n\n\n\n<p><\/p>\n\n\n\n<h3> <strong>Trucul gospodinelor din Bulgaria<\/strong><\/h3>\n\n\n\n<p><\/p>\n\n\n\n<p>\u27a1\ufe0f <strong>Ce pun ele pe fundul oalei?<\/strong><\/p>\n\n\n\n<p><\/p>\n\n\n\n<p>\ud83d\udd38 <strong>O lingur\u0103 de bulion pe fundul crati\u021bei!<\/strong><br>Acest detaliu aparent banal transform\u0103 complet gustul \u2013 sosul se va \u00eembog\u0103\u021bi, iar ardeii vor absorbi mai bine aromele \u00een timpul fierberii. Pentru un plus de prospe\u021bime, adaug\u0103 \u0219i <strong>codi\u021be de p\u0103trunjel<\/strong> peste bulion.<\/p>\n\n\n\n<p><\/p>\n\n\n\n<h3>\ud83e\udde1 De ce iubim ardeii umplu\u021bi?<\/h3>\n\n\n\n<p><\/p>\n\n\n\n<p>\u2714\ufe0f Sunt <strong>s\u0103\u021bio\u0219i \u0219i gusto\u0219i<\/strong><br>\u2714\ufe0f Pot fi p\u0103stra\u021bi \u00een frigider 2\u20133 zile \u2013 ideal pentru pr\u00e2nz sau cin\u0103<br>\u2714\ufe0f Copiii \u00eei ador\u0103! \ud83d\udc76<br>\u2714\ufe0f Se pot adapta u\u0219or \u00een <strong>variant\u0103 vegetarian\u0103 sau de post<\/strong> \ud83c\udf31<\/p>\n\n\n\n<p><\/p>\n\n\n\n<h3>\ud83e\uddd1\u200d\ud83c\udf73 <strong>Re\u021bet\u0103 simpl\u0103 \u0219i delicioas\u0103 de ardei umplu\u021bi<\/strong><\/h3>\n\n\n\n<p><\/p>\n\n\n\n<h4>\ud83d\udd3b <strong>Ingrediente:<\/strong><\/h4>\n\n\n\n<ul>\n<li>10\u201312 ardei gra\u0219i (verzi, galbeni sau ro\u0219ii \u2013 pentru un efect vizual wow! \ud83c\udf08)<\/li>\n\n\n\n<li>600 g carne tocat\u0103 (ideal amestec porc + vit\u0103)<\/li>\n\n\n\n<li>1 morcov<\/li>\n\n\n\n<li>50 g orez<\/li>\n\n\n\n<li>1 ou<\/li>\n\n\n\n<li>3 linguri bulion<\/li>\n\n\n\n<li>Sare, piper, boia dulce, cimbru, p\u0103trunjel, m\u0103rar<\/li>\n<\/ul>\n\n\n\n<p><\/p>\n\n\n\n<h4>\ud83e\uddc2 <strong>Mod de preparare pas cu pas:<\/strong><\/h4>\n\n\n\n<p><\/p>\n\n\n\n<ol>\n<li><strong>Preg\u0103te\u0219te ardeii:<\/strong><br>Spal\u0103-i bine, taie capacele \u0219i cur\u0103\u021b\u0103-i de semin\u021be.<\/li>\n\n\n\n<li><strong>Fierbe orezul<\/strong> \u00een ap\u0103 cu sare (par\u021bial fiert, nu moale!).<\/li>\n\n\n\n<li><strong>C\u0103le\u0219te legumele:<\/strong><br>Toac\u0103 ceapa \u0219i morcovul foarte m\u0103runt \u0219i c\u0103le\u0219te-le \u00een pu\u021bin ulei. Gospodinele spun c\u0103 legumele bine m\u0103run\u021bite se \u201etopesc\u201d perfect \u00een compozi\u021bie. \ud83d\udc4c<\/li>\n\n\n\n<li><strong>Amestec\u0103 umplutura:<\/strong><br>Combina carnea, legumele c\u0103lite, orezul, oul, condimentele \u0219i dou\u0103 linguri de bulion.<\/li>\n<\/ol>\n\n\n\n<p><\/p>\n\n\n\n<h3>\ud83c\udf1f <strong>Ingredientul magic \u2013 pe fundul oalei!<\/strong><\/h3>\n\n\n\n<p><\/p>\n\n\n\n<p>\u27a1\ufe0f Pune <strong>1 lingur\u0103 de bulion + codi\u021be de p\u0103trunjel<\/strong> pe fundul oalei.<br>Acest truc bulg\u0103resc ofer\u0103 o <strong>arom\u0103 intens\u0103 \u0219i o culoare frumoas\u0103 sosului<\/strong>. Dup\u0103 ce ai umplut ardeii \u0219i le-ai pus capacele, a\u0219az\u0103-i \u00een oal\u0103.<\/p>\n\n\n\n<p><\/p>\n\n\n\n<h3>\ud83d\udd25 <strong>Fierberea corect\u0103<\/strong><\/h3>\n\n\n\n<ul>\n<li>Acoper\u0103 oala \u0219i fierbe totul la foc mic, timp de <strong>aproximativ 2 ore<\/strong> \ud83d\udd51<\/li>\n\n\n\n<li><em>Aten\u021bie:<\/em> Dac\u0103 fierb prea mult, ardeii devin prea moi \u0219i nu mai sus\u021bin bine compozi\u021bia.<\/li>\n<\/ul>\n\n\n\n<p><\/p>\n\n\n\n<h3>\ud83c\udf3f <strong>Servire \u0219i decor<\/strong><\/h3>\n\n\n\n<p>Dup\u0103 fierbere, presar\u0103 <strong>m\u0103rar proasp\u0103t tocat<\/strong> pentru un plus de prospe\u021bime \u0219i gust! \ud83c\udf43<br><strong>Poft\u0103 bun\u0103!<\/strong> \ud83d\ude0b<\/p>\n\n\n\n<p><\/p>\n\n\n\n<h3>\u2705 <strong>Ponturi extra:<\/strong><\/h3>\n\n\n\n<ul>\n<li>\ud83d\udd01 G\u0103te\u0219te o cantitate mai mare \u2013 rezist\u0103 bine \u00een frigider!<\/li>\n\n\n\n<li>\ud83c\udf5b Serve\u0219te-i cu sm\u00e2nt\u00e2n\u0103 sau sos de ro\u0219ii, dup\u0103 preferin\u021be.<\/li>\n\n\n\n<li>\ud83c\udf31 Pentru variant\u0103 de post: \u00eenlocuie\u0219te carnea cu orez, ciuperci, dovlecel sau linte!<\/li>\n<\/ul>\n\n\n\n<p><\/p>\n\n\n\n<h3>\ud83e\uded1 Concluzie<\/h3>\n\n\n\n<p><strong>Ardeii umplu\u021bi nu sunt doar un fel de m\u00e2ncare \u2013 sunt un gust al copil\u0103riei, al meselor \u00een familie \u0219i al tradi\u021biilor frumoase.<\/strong><br>Iar cu acest <strong>mic secret de la vecinii bulgari<\/strong>, \u00eei vei face \u0219i mai speciali! \u2764\ufe0f<\/p>\n","protected":false},"excerpt":{"rendered":"<p>\ud83c\udf7d\ufe0f Ardeii umplu\u021bi \u2013 Tradi\u021bie, gust \u0219i suflet \u00een fiecare lingur\u0103 Ardeii umplu\u021bi sunt un preparat clasic, nelipsit de pe mesele rom\u00e2nilor. \u00cens\u0103, dac\u0103 vrei<\/p>\n","protected":false},"author":1,"featured_media":38956,"comment_status":"closed","ping_status":"closed","sticky":false,"template":"","format":"standard","meta":[],"categories":[1],"tags":[],"_links":{"self":[{"href":"https:\/\/calatorinromania.com\/index.php?rest_route=\/wp\/v2\/posts\/38955"}],"collection":[{"href":"https:\/\/calatorinromania.com\/index.php?rest_route=\/wp\/v2\/posts"}],"about":[{"href":"https:\/\/calatorinromania.com\/index.php?rest_route=\/wp\/v2\/types\/post"}],"author":[{"embeddable":true,"href":"https:\/\/calatorinromania.com\/index.php?rest_route=\/wp\/v2\/users\/1"}],"replies":[{"embeddable":true,"href":"https:\/\/calatorinromania.com\/index.php?rest_route=%2Fwp%2Fv2%2Fcomments&post=38955"}],"version-history":[{"count":1,"href":"https:\/\/calatorinromania.com\/index.php?rest_route=\/wp\/v2\/posts\/38955\/revisions"}],"predecessor-version":[{"id":38957,"href":"https:\/\/calatorinromania.com\/index.php?rest_route=\/wp\/v2\/posts\/38955\/revisions\/38957"}],"wp:featuredmedia":[{"embeddable":true,"href":"https:\/\/calatorinromania.com\/index.php?rest_route=\/wp\/v2\/media\/38956"}],"wp:attachment":[{"href":"https:\/\/calatorinromania.com\/index.php?rest_route=%2Fwp%2Fv2%2Fmedia&parent=38955"}],"wp:term":[{"taxonomy":"category","embeddable":true,"href":"https:\/\/calatorinromania.com\/index.php?rest_route=%2Fwp%2Fv2%2Fcategories&post=38955"},{"taxonomy":"post_tag","embeddable":true,"href":"https:\/\/calatorinromania.com\/index.php?rest_route=%2Fwp%2Fv2%2Ftags&post=38955"}],"curies":[{"name":"wp","href":"https:\/\/api.w.org\/{rel}","templated":true}]}}