{"id":38950,"date":"2025-05-05T07:06:42","date_gmt":"2025-05-05T07:06:42","guid":{"rendered":"https:\/\/calatorinromania.com\/?p=38950"},"modified":"2025-05-05T07:06:43","modified_gmt":"2025-05-05T07:06:43","slug":"am-gasit-aproape-3-500-de-lei-in-pusculita-fiului-meu-de-13-ani-si-am-decis-sa-l-urmaresc-dupa-scoala","status":"publish","type":"post","link":"https:\/\/calatorinromania.com\/?p=38950","title":{"rendered":"AM G\u0102SIT APROAPE 3.500 DE LEI \u00ceN PU\u0218CULI\u021aA FIULUI MEU DE 13 ANI \u0218I AM DECIS S\u0102-L URM\u0102RESC DUP\u0102 \u0218COAL\u0102"},"content":{"rendered":"\n<p>\u2026magazin mic de electronice din cartierul vecin. Eram confuz\u0103. Ce f\u0103cea fiul meu acolo? Am parcat ma\u0219ina la distan\u021b\u0103 \u0219i am a\u0219teptat.<\/p>\n\n\n\n<p>Dup\u0103 aproximativ 20 de minute, Matei a ie\u0219it \u021bin\u00e2nd o pung\u0103. S-a uitat \u00een jur nervos, apoi a continuat drumul. L-am urm\u0103rit discret, sim\u021bind cum inima \u00eemi bate cu putere. Toate scenariile posibile \u00eemi treceau prin minte \u2013 droguri, probleme, anturaje proaste.<\/p>\n\n\n\n<p>Matei a luat autobuzul, iar eu l-am urmat cu ma\u0219ina, p\u0103str\u00e2nd distan\u021ba. A cobor\u00e2t \u00eentr-o zon\u0103 reziden\u021bial\u0103 modest\u0103, pe care n-o recuno\u0219team. Apoi a intrat \u00eentr-o cas\u0103 micu\u021b\u0103, cu o curte ne\u00eengrijit\u0103.<\/p>\n\n\n\n<p>M-am apropiat \u00eencet \u0219i m-am strecurat pe l\u00e2ng\u0103 gard. Prin fereastra par\u021bial deschis\u0103, am auzit vocea fiului meu \u0219i a unui b\u0103rbat mai \u00een v\u00e2rst\u0103.<\/p>\n\n\n\n<p>\u201e\u021ai-am adus ce mi-ai cerut, domnule Vasile,\u201d spunea Matei. \u201eAm economisit suficient pentru acest model.\u201d<\/p>\n\n\n\n<p>\u201eE\u0219ti un b\u0103iat extraordinar,\u201d a r\u0103spuns b\u0103rbatul cu o voce slab\u0103. \u201eNiciodat\u0103 nu am crezut c\u0103 voi avea a\u0219a ceva.\u201d<\/p>\n\n\n\n<p>M-am ridicat u\u0219or \u0219i am privit prin fereastr\u0103. Un b\u0103tr\u00e2n \u00eentr-un scaun cu rotile \u021binea \u00een m\u00e2ini o tablet\u0103 nou\u0103, iar Matei \u00eei ar\u0103ta cum s\u0103 o foloseasc\u0103.<\/p>\n\n\n\n<p>\u201eAcum pute\u021bi vorbi cu nepoata dumneavoastr\u0103 din Canada \u00een fiecare zi,\u201d explica fiul meu cu r\u0103bdare. \u201e\u0218i v-am instalat \u0219i aplica\u021bia aia de \u0219ah pe care v-am promis-o.\u201d<\/p>\n\n\n\n<p>B\u0103tr\u00e2nul avea lacrimi \u00een ochi. \u201eDe c\u00e2nd a murit Elena, e\u0219ti singurul care m\u0103 viziteaz\u0103. Cum s\u0103-\u021bi mul\u021bumesc?\u201d<\/p>\n\n\n\n<p>\u201eNu trebuie s\u0103-mi mul\u021bumi\u021bi,\u201d a spus Matei. \u201eDoar promite\u021bi-mi c\u0103 ve\u021bi m\u00e2nca tot ce v-am adus data trecut\u0103. Sunte\u021bi prea slab.\u201d<\/p>\n\n\n\n<p>Abia atunci am observat plasele cu alimente \u00een col\u021bul camerei.<\/p>\n\n\n\n<p>\u201eDar banii t\u0103i de buzunar\u2026\u201d a \u00eenceput b\u0103tr\u00e2nul.<\/p>\n\n\n\n<p>\u201eAm un job dup\u0103 \u0219coal\u0103,\u201d l-a \u00eentrerupt Matei. \u201eLivrez ziare diminea\u021ba, \u00eenainte de \u0219coal\u0103. \u0218i c\u00e2\u0219tig bine din medita\u021biile la matematic\u0103 pe care le dau colegilor mei.\u201d<\/p>\n\n\n\n<p>M-am retras \u00eencet, sim\u021bind un nod \u00een g\u00e2t. Fiul meu, copilul meu de 13 ani, lucra \u00een secret pentru a ajuta un b\u0103tr\u00e2n singur.<\/p>\n\n\n\n<p>\u00cen timp ce m\u0103 \u00eentorceam la ma\u0219in\u0103, am v\u0103zut un vecin care \u00ee\u0219i plimba c\u00e2inele.<\/p>\n\n\n\n<p>\u201eV\u0103 cunosc?\u201d m-a \u00eentrebat el.<\/p>\n\n\n\n<p>\u201eSunt\u2026 mama lui Matei,\u201d am r\u0103spuns ezitant.<\/p>\n\n\n\n<p>Fa\u021ba b\u0103rbatului s-a luminat. \u201eAh, dumneavoastr\u0103 a\u021bi crescut un asemenea b\u0103iat minunat! Vine \u00een fiecare mar\u021bi \u0219i joi s\u0103 aib\u0103 grij\u0103 de domnul Vasile, vecinul nostru. So\u021bia lui a murit anul trecut, iar fiica lor e \u00een Canada. Matei face cump\u0103r\u0103turi pentru el, \u00eei cite\u0219te, \u0219i acum \u00een\u021beleg c\u0103 i-a cump\u0103rat \u0219i o tablet\u0103. Este un \u00eenger, b\u0103iatul dumneavoastr\u0103.\u201d<\/p>\n\n\n\n<p>\u00cen acea sear\u0103, c\u00e2nd Matei a venit acas\u0103, i-am preg\u0103tit m\u00e2ncarea preferat\u0103. Nu i-am spus c\u0103 l-am urm\u0103rit. \u00cen schimb, l-am \u00eentrebat cum a fost la \u201epetrecere\u201d.<\/p>\n\n\n\n<p>\u201eA fost bine,\u201d a r\u0103spuns el, evit\u00e2nd s\u0103 m\u0103 priveasc\u0103 \u00een ochi.<\/p>\n\n\n\n<p>\u201eMatei,\u201d am spus \u00eencet, \u201e\u0219tiu despre domnul Vasile.\u201d<\/p>\n\n\n\n<p>Fa\u021ba lui a \u00eeng\u0103lbenit. \u201eMami, pot explica\u2026\u201d<\/p>\n\n\n\n<p>L-am \u00eembr\u0103\u021bi\u0219at str\u00e2ns. \u201eNu trebuie s\u0103 explici nimic. Sunt at\u00e2t de m\u00e2ndr\u0103 de tine c\u0103 nici nu pot exprima \u00een cuvinte.\u201d<\/p>\n\n\n\n<p>I-am povestit despre cum l-am urm\u0103rit, \u0219i, dup\u0103 ce ru\u0219inea ini\u021bial\u0103 a trecut, mi-a relatat tot. L-a \u00eent\u00e2lnit pe domnul Vasile \u00een parc cu \u0219ase luni \u00een urm\u0103. B\u0103tr\u00e2nul hr\u0103nea porumbeii \u0219i a \u00eemp\u0103r\u021bit sendvi\u0219ul s\u0103u cu Matei. Au \u00eenceput s\u0103 vorbeasc\u0103 despre matematic\u0103 \u0219i \u0219ah, \u0219i treptat, Matei a \u00eenceput s\u0103-l viziteze regulat.<\/p>\n\n\n\n<p>\u201eDe ce nu mi-ai spus?\u201d l-am \u00eentrebat.<\/p>\n\n\n\n<p>Matei a privit \u00een jos. \u201ePentru c\u0103 munce\u0219ti at\u00e2t de mult, mam\u0103. Nu voiam s\u0103-\u021bi mai adaug \u00eenc\u0103 o grij\u0103. \u0218i apoi\u2026 mi-a fost team\u0103 c\u0103 m-ai opri. Domnul Vasile are nevoie de mine.\u201d<\/p>\n\n\n\n<p>\u00cen acea noapte, am luat o decizie. Am sunat la cel de-al doilea job \u0219i am demisionat. Via\u021ba este prea scurt\u0103, iar fiul meu crescuse mai repede dec\u00e2t realizasem eu.<\/p>\n\n\n\n<p>Acum, \u00een fiecare mar\u021bi \u0219i joi, Matei \u0219i cu mine mergem \u00eempreun\u0103 la domnul Vasile. Eu g\u0103tesc, Matei \u00eel \u00eenva\u021b\u0103 \u0219ah pe b\u0103tr\u00e2n, iar domnul Vasile ne poveste\u0219te despre vremurile de demult. Uneori, nepoata lui din Canada ni se al\u0103tur\u0103 prin videocall.<\/p>\n\n\n\n<p>Nu suntem boga\u021bi, dar avem ceva mai valoros: o familie care se extinde dincolo de leg\u0103turile de s\u00e2nge, construit\u0103 din compasiune \u0219i bun\u0103tate\u2014valori pe care, am realizat cu umilin\u021b\u0103, le-am \u00eenv\u0103\u021bat de la propriul meu fiu.<\/p>\n\n\n\n<p><strong>Dac\u0103 \u021bi-a pl\u0103cut povestea, nu uita s\u0103 o distribui cu prietenii t\u0103i! \u00cempreun\u0103 putem duce mai departe emo\u021bia \u0219i inspira\u021bia.<\/strong><\/p>\n","protected":false},"excerpt":{"rendered":"<p>\u2026magazin mic de electronice din cartierul vecin. Eram confuz\u0103. Ce f\u0103cea fiul meu acolo? Am parcat ma\u0219ina la distan\u021b\u0103 \u0219i am a\u0219teptat. Dup\u0103 aproximativ 20<\/p>\n","protected":false},"author":1,"featured_media":38656,"comment_status":"closed","ping_status":"closed","sticky":false,"template":"","format":"standard","meta":[],"categories":[1],"tags":[],"_links":{"self":[{"href":"https:\/\/calatorinromania.com\/index.php?rest_route=\/wp\/v2\/posts\/38950"}],"collection":[{"href":"https:\/\/calatorinromania.com\/index.php?rest_route=\/wp\/v2\/posts"}],"about":[{"href":"https:\/\/calatorinromania.com\/index.php?rest_route=\/wp\/v2\/types\/post"}],"author":[{"embeddable":true,"href":"https:\/\/calatorinromania.com\/index.php?rest_route=\/wp\/v2\/users\/1"}],"replies":[{"embeddable":true,"href":"https:\/\/calatorinromania.com\/index.php?rest_route=%2Fwp%2Fv2%2Fcomments&post=38950"}],"version-history":[{"count":1,"href":"https:\/\/calatorinromania.com\/index.php?rest_route=\/wp\/v2\/posts\/38950\/revisions"}],"predecessor-version":[{"id":38951,"href":"https:\/\/calatorinromania.com\/index.php?rest_route=\/wp\/v2\/posts\/38950\/revisions\/38951"}],"wp:featuredmedia":[{"embeddable":true,"href":"https:\/\/calatorinromania.com\/index.php?rest_route=\/wp\/v2\/media\/38656"}],"wp:attachment":[{"href":"https:\/\/calatorinromania.com\/index.php?rest_route=%2Fwp%2Fv2%2Fmedia&parent=38950"}],"wp:term":[{"taxonomy":"category","embeddable":true,"href":"https:\/\/calatorinromania.com\/index.php?rest_route=%2Fwp%2Fv2%2Fcategories&post=38950"},{"taxonomy":"post_tag","embeddable":true,"href":"https:\/\/calatorinromania.com\/index.php?rest_route=%2Fwp%2Fv2%2Ftags&post=38950"}],"curies":[{"name":"wp","href":"https:\/\/api.w.org\/{rel}","templated":true}]}}