{"id":38940,"date":"2025-05-05T06:59:17","date_gmt":"2025-05-05T06:59:17","guid":{"rendered":"https:\/\/calatorinromania.com\/?p=38940"},"modified":"2025-05-05T06:59:22","modified_gmt":"2025-05-05T06:59:22","slug":"de-ce-disparitia-albinelor-ar-putea-provoca-o-catastrofa-globala-avertismentul-lansat-de-sir-david-attenborough","status":"publish","type":"post","link":"https:\/\/calatorinromania.com\/?p=38940","title":{"rendered":"De ce dispari\u021bia albinelor ar putea provoca o catastrof\u0103 global\u0103: Avertismentul lansat de Sir David Attenborough"},"content":{"rendered":"\n<p>De\u0219i pentru unii par doar insecte enervante, albinele joac\u0103 un rol vital \u00een men\u021binerea echilibrului ecosistemului. Speciali\u0219tii avertizeaz\u0103 c\u0103 aceste creaturi esen\u021biale pentru supravie\u021buirea omenirii dispar treptat de pe fa\u021ba P\u0103m\u00e2ntului.<\/p>\n\n\n\n<p><strong>Importan\u021ba vital\u0103 a albinelor<\/strong><\/p>\n\n\n\n<p>Albinele sunt responsabile pentru polenizarea a aproximativ 90% din culturile care hr\u0103nesc popula\u021bia lumii. F\u0103r\u0103 ele, ecosistemele s-ar pr\u0103bu\u0219i, iar resursele alimentare ar deveni insuficiente, ceea ce ar duce la o criz\u0103 global\u0103 f\u0103r\u0103 precedent.<\/p>\n\n\n\n<p><strong>Un apel pentru salvarea planetei<\/strong><\/p>\n\n\n\n<p>Nu este nevoie s\u0103 fii un militant ecologist pentru a \u00een\u021belege importan\u021ba protej\u0103rii mediului. Gesturi mici, f\u0103cute de fiecare dintre noi, pot avea un impact major atunci c\u00e2nd sunt reunite la scar\u0103 larg\u0103. Responsabilitatea protej\u0103rii naturii ne apar\u021bine tuturor, pentru a asigura un viitor s\u0103n\u0103tos genera\u021biilor ce vor urma.<\/p>\n\n\n\n<p><strong>Avertismentul lui Sir David Attenborough<\/strong><\/p>\n\n\n\n<p>Celebrul zoolog \u0219i prezentator de televiziune Sir David Attenborough, recunoscut pentru dedicarea sa fa\u021b\u0103 de conservarea naturii, transmite un avertisment grav:<\/p>\n\n\n\n<blockquote class=\"wp-block-quote\">\n<p>\u201eDac\u0103 albinele ar disp\u0103rea de pe fa\u021ba P\u0103m\u00e2ntului, oamenii ar mai avea doar patru ani de tr\u0103it.\u201d<\/p>\n<\/blockquote>\n\n\n\n<p>De\u0219i nu este singurul care a atras aten\u021bia asupra acestui pericol, mesajul s\u0103u este un memento puternic al urgen\u021bei cu care trebuie s\u0103 protej\u0103m aceste insecte esen\u021biale.<\/p>\n\n\n\n<p><strong>Un mesaj pe care nu trebuie s\u0103-l ignor\u0103m<\/strong><\/p>\n\n\n\n<p>Declinul popula\u021biei de albine nu mai este doar o ipotez\u0103 teoretic\u0103, ci o realitate alarmant\u0103. Prin ac\u021biuni simple, cum ar fi plantarea de flori locale, evitarea pesticidelor d\u0103un\u0103toare sau sus\u021binerea agriculturii ecologice, fiecare dintre noi poate contribui la salvarea lor \u2013 \u0219i implicit, la salvarea noastr\u0103.<\/p>\n","protected":false},"excerpt":{"rendered":"<p>De\u0219i pentru unii par doar insecte enervante, albinele joac\u0103 un rol vital \u00een men\u021binerea echilibrului ecosistemului. Speciali\u0219tii avertizeaz\u0103 c\u0103 aceste creaturi esen\u021biale pentru supravie\u021buirea omenirii<\/p>\n","protected":false},"author":1,"featured_media":38941,"comment_status":"closed","ping_status":"closed","sticky":false,"template":"","format":"standard","meta":[],"categories":[1],"tags":[],"_links":{"self":[{"href":"https:\/\/calatorinromania.com\/index.php?rest_route=\/wp\/v2\/posts\/38940"}],"collection":[{"href":"https:\/\/calatorinromania.com\/index.php?rest_route=\/wp\/v2\/posts"}],"about":[{"href":"https:\/\/calatorinromania.com\/index.php?rest_route=\/wp\/v2\/types\/post"}],"author":[{"embeddable":true,"href":"https:\/\/calatorinromania.com\/index.php?rest_route=\/wp\/v2\/users\/1"}],"replies":[{"embeddable":true,"href":"https:\/\/calatorinromania.com\/index.php?rest_route=%2Fwp%2Fv2%2Fcomments&post=38940"}],"version-history":[{"count":1,"href":"https:\/\/calatorinromania.com\/index.php?rest_route=\/wp\/v2\/posts\/38940\/revisions"}],"predecessor-version":[{"id":38942,"href":"https:\/\/calatorinromania.com\/index.php?rest_route=\/wp\/v2\/posts\/38940\/revisions\/38942"}],"wp:featuredmedia":[{"embeddable":true,"href":"https:\/\/calatorinromania.com\/index.php?rest_route=\/wp\/v2\/media\/38941"}],"wp:attachment":[{"href":"https:\/\/calatorinromania.com\/index.php?rest_route=%2Fwp%2Fv2%2Fmedia&parent=38940"}],"wp:term":[{"taxonomy":"category","embeddable":true,"href":"https:\/\/calatorinromania.com\/index.php?rest_route=%2Fwp%2Fv2%2Fcategories&post=38940"},{"taxonomy":"post_tag","embeddable":true,"href":"https:\/\/calatorinromania.com\/index.php?rest_route=%2Fwp%2Fv2%2Ftags&post=38940"}],"curies":[{"name":"wp","href":"https:\/\/api.w.org\/{rel}","templated":true}]}}