{"id":38931,"date":"2025-05-05T06:50:32","date_gmt":"2025-05-05T06:50:32","guid":{"rendered":"https:\/\/calatorinromania.com\/?p=38931"},"modified":"2025-05-05T06:50:33","modified_gmt":"2025-05-05T06:50:33","slug":"iata-cand-se-planteaza-legumele-in-gradina-calendarul-corect","status":"publish","type":"post","link":"https:\/\/calatorinromania.com\/?p=38931","title":{"rendered":"Iat\u0103 c\u00e2nd se planteaz\u0103 legumele \u00een gr\u0103din\u0103: Calendarul corect\u00a0"},"content":{"rendered":"\n<p>Gr\u0103din\u0103ritul este o activitate pl\u0103cut\u0103 \u0219i benefic\u0103, care ofer\u0103 recompense pe m\u0103sur\u0103 ce plantele cresc \u0219i dau roade. Unul dintre cele mai importante aspecte ale gr\u0103din\u0103ritului este cunoa\u0219terea perioadelor ideale pentru plantarea legumelor.<\/p>\n\n\n\n<p>Astfel, un calendar al plant\u0103rii este esen\u021bial pentru a v\u0103 asigura c\u0103 r\u0103sadurile au \u0219anse maxime de succes. \u00cen acest articol, vom explora care sunt lunile potrivite pentru plantarea diferitelor legume \u0219i cum s\u0103 le \u00eengriji\u021bi pentru a ob\u021bine o recolt\u0103 bogat\u0103.<\/p>\n\n\n\n<p>Regula de aur a plant\u0103rii legumelor<br>Un aspect de baz\u0103 care trebuie respectat este c\u0103 nu se planteaz\u0103 niciodat\u0103 r\u0103sadurile \u00eentr-un substrat rece. Solul trebuie s\u0103 aib\u0103 o temperatur\u0103 minim\u0103 de +9-10\u00b0C pentru a asigura dezvoltarea corespunz\u0103toare a plantelor. Iat\u0103 care sunt lunile \u0219i legumele care se pot planta \u00een fiecare perioad\u0103 a anului.<\/p>\n\n\n\n<p>Februarie (20-28 februarie)<br>\u00cen luna februarie, putem \u00eencepe plantarea unor legume care tolereaz\u0103 temperaturile mai sc\u0103zute:<\/p>\n\n\n\n<p>Morcov<br>P\u0103trunjel<br>M\u0103rar<br>Leu\u0219tean<br>Ridichi de lun\u0103<br>Ceap\u0103<br>Usturoi<br>Ceap\u0103 verde de iarn\u0103<br>Mazare<br>Spanac<br>Salat\u0103<\/p>\n\n\n\n<p>De asemenea, este momentul potrivit pentru plantarea rizomilor de hrean. Este esen\u021bial ca semin\u021bele s\u0103 fie s\u0103n\u0103toase \u0219i s\u0103 se acopere cu un strat fin de gunoi de grajd pentru a ajuta legumele s\u0103 r\u0103sar\u0103.<\/p>\n\n\n\n<p>Martie<br>\u00cen martie, condi\u021biile de temperatur\u0103 devin mai favorabile pentru o gam\u0103 mai larg\u0103 de legume. Iat\u0103 ce se poate sem\u0103na sau planta \u00een aceast\u0103 lun\u0103:<\/p>\n\n\n\n<p>1-10 martie:<\/p>\n\n\n\n<p>Morcov<br>P\u0103trunjel<br>M\u0103rar<br>Leu\u0219tean<br>Ridichi de lun\u0103<br>Ceap\u0103<br>Usturoi<br>Arpagic<br>Mazare<br>Spanac<br>Salat\u0103 pentru c\u0103p\u0103\u021b\u00e2n\u0103<\/p>\n\n\n\n<p>10-20 martie:<\/p>\n\n\n\n<p>Morcov<br>P\u0103trunjel<br>M\u0103rar<br>Leu\u0219tean<br>Ridichi de lun\u0103<br>Ceap\u0103<br>Cartofi timpurii<br>Mazare<br>Spanac<br>Salat\u0103 pentru c\u0103p\u0103\u021b\u00e2n\u0103<br>M\u0103cri\u0219<\/p>\n\n\n\n<p>20-30 martie:<\/p>\n\n\n\n<p>Ridichi de lun\u0103<br>Cartofi timpurii<br>Spanac<br>M\u0103cri\u0219<br>M\u0103rar<br>Plantarea soiurilor de varz\u0103 pentru produc\u021bie timpurie<br>\u00cen aceast\u0103 lun\u0103, se poate face \u0219i repicatul r\u0103sadurilor \u00een cuburi sau ghivece nutritive pentru tomate, ardei, vinete. Totodat\u0103, este momentul potrivit pentru dezinfectarea rasadni\u021belor \u0219i solariilor.<\/p>\n\n\n\n<p>Aprilie<br>\u00cen aprilie, vremea devine mai cald\u0103, iar majoritatea legumelor pot fi plantate sau sem\u0103nate direct \u00een p\u0103m\u00e2nt:<\/p>\n\n\n\n<p>1-10 aprilie:<\/p>\n\n\n\n<p>Ridichi de var\u0103<br>Dovlecei<br>Cartofi timpurii<br>Spanac<br>Ardei \u0219i ro\u0219ii rasad<br>M\u0103rar<br>Soia de varz\u0103 pentru produc\u021bie timpurie<\/p>\n\n\n\n<p>10-20 aprilie:<\/p>\n\n\n\n<p>Ridichi de var\u0103<br>Dovlecei<br>Pepene galben<br>Pepene verde<br>Spanac<br>Porumb pentru fiert<br>M\u0103rar<br>Plantat soiuri de varz\u0103 pentru produc\u021bia semitimpurie<br>Planteaz\u0103 ro\u0219ii \u0219i ardei<\/p>\n\n\n\n<p>20-30 aprilie:<\/p>\n\n\n\n<p>Sfecl\u0103 ro\u0219ie<br>Castrave\u021bi<br>Dovleac de copt<br>Fasole<br>Porumb pentru fiert<br>M\u0103rar<br>Planteaz\u0103 soiuri de varz\u0103 pentru produc\u021bia semitimpurie<br>Planteaz\u0103 ro\u0219ii \u0219i ardei<\/p>\n\n\n\n<p>\u00cen aceast\u0103 lun\u0103 se mai pot planta rad\u0103cinoase (morcovi, p\u0103trunjel, p\u0103\u0219arnac) \u0219i salat\u0103.<\/p>\n\n\n\n<p>Mai<br>Luna mai este crucial\u0103 pentru o gam\u0103 larg\u0103 de legume, iar r\u0103sadurile pot fi plantate pe larg:<\/p>\n\n\n\n<p>1-20 mai:<\/p>\n\n\n\n<p>Castrave\u021bi<br>Fasole<br>Porumb dulce<br>Ardei, ro\u0219ii \u0219i vinete<br>M\u0103rar<\/p>\n\n\n\n<p>20-30 mai:<\/p>\n\n\n\n<p>Varz\u0103 pentru produc\u021bia de var\u0103<br>Varz\u0103 creat\u0103<br>Gulii<br>Castrave\u021bi<br>Andive<br>Porumb dulce<br>Fasole verde<\/p>\n\n\n\n<p>Iunie<br>\u00cen luna iunie, ave\u021bi ocazia s\u0103 planta\u021bi legume pentru recoltele de toamn\u0103:<\/p>\n\n\n\n<p>1-10 iunie:<\/p>\n\n\n\n<p>Varz\u0103 pentru produc\u021bia de var\u0103<br>Varz\u0103 creat\u0103<br>Gulii<br>Castrave\u021bi<br>Andive<br>Porumb dulce<br>Fasole verde<\/p>\n\n\n\n<p>10-20 iunie:<\/p>\n\n\n\n<p>Castrave\u021bi<br>Porumb dulce<br>Fasole verde<\/p>\n\n\n\n<p>20-30 iunie:<\/p>\n\n\n\n<p>Varz\u0103 pentru produc\u021bia de toamn\u0103<br>Gulii<br>Sfecl\u0103 ro\u0219ie<br>Cartofi de toamn\u0103<br>Fasole verde<\/p>\n\n\n\n<p>Luna Iulie \u2013 August<br>Pe m\u0103sur\u0103 ce var\u0103 avanseaz\u0103, gr\u0103dinarii pot \u00eencepe s\u0103 planteze pentru recoltele de toamn\u0103 \u0219i iarn\u0103:<\/p>\n\n\n\n<p>Iulie:<\/p>\n\n\n\n<p>Gulii<br>Sfecl\u0103 ro\u0219ie<br>Cartofi de toamn\u0103<br>Varz\u0103 pentru produc\u021bia de toamn\u0103<br>Fasole verde<\/p>\n\n\n\n<p>August:<\/p>\n\n\n\n<p>Ridichi de iarn\u0103<br>Spanac<br>M\u0103rar<\/p>\n\n\n\n<p>Septembrie \u2013 Octombrie<br>\u00cen ultimele luni ale anului, gr\u0103dina poate fi preg\u0103tit\u0103 pentru iarna:<\/p>\n\n\n\n<p>Septembrie:<\/p>\n\n\n\n<p>Ceap\u0103 verde de iarn\u0103<br>Salat\u0103 care ierneaz\u0103<br>M\u0103cri\u0219<\/p>\n\n\n\n<p>Octombrie:<\/p>\n\n\n\n<p>Spanac pentru produc\u021bia timpurie de prim\u0103var\u0103<\/p>\n\n\n\n<p>Noiembrie<br>\u00cen noiembrie, se planteaz\u0103 legume care vor \u00eenfrunta iarna \u0219i vor da roade \u00een prim\u0103vara urm\u0103toare:<\/p>\n\n\n\n<p>Morcov, P\u0103trunjel, Ceap\u0103, Usturoi, Mazare (pentru produc\u021bia timpurie de prim\u0103vara urm\u0103toare)<br>Plantarea rizomilor de hrean<\/p>\n","protected":false},"excerpt":{"rendered":"<p>Gr\u0103din\u0103ritul este o activitate pl\u0103cut\u0103 \u0219i benefic\u0103, care ofer\u0103 recompense pe m\u0103sur\u0103 ce plantele cresc \u0219i dau roade. Unul dintre cele mai importante aspecte ale<\/p>\n","protected":false},"author":1,"featured_media":38932,"comment_status":"closed","ping_status":"closed","sticky":false,"template":"","format":"standard","meta":[],"categories":[1],"tags":[],"_links":{"self":[{"href":"https:\/\/calatorinromania.com\/index.php?rest_route=\/wp\/v2\/posts\/38931"}],"collection":[{"href":"https:\/\/calatorinromania.com\/index.php?rest_route=\/wp\/v2\/posts"}],"about":[{"href":"https:\/\/calatorinromania.com\/index.php?rest_route=\/wp\/v2\/types\/post"}],"author":[{"embeddable":true,"href":"https:\/\/calatorinromania.com\/index.php?rest_route=\/wp\/v2\/users\/1"}],"replies":[{"embeddable":true,"href":"https:\/\/calatorinromania.com\/index.php?rest_route=%2Fwp%2Fv2%2Fcomments&post=38931"}],"version-history":[{"count":1,"href":"https:\/\/calatorinromania.com\/index.php?rest_route=\/wp\/v2\/posts\/38931\/revisions"}],"predecessor-version":[{"id":38933,"href":"https:\/\/calatorinromania.com\/index.php?rest_route=\/wp\/v2\/posts\/38931\/revisions\/38933"}],"wp:featuredmedia":[{"embeddable":true,"href":"https:\/\/calatorinromania.com\/index.php?rest_route=\/wp\/v2\/media\/38932"}],"wp:attachment":[{"href":"https:\/\/calatorinromania.com\/index.php?rest_route=%2Fwp%2Fv2%2Fmedia&parent=38931"}],"wp:term":[{"taxonomy":"category","embeddable":true,"href":"https:\/\/calatorinromania.com\/index.php?rest_route=%2Fwp%2Fv2%2Fcategories&post=38931"},{"taxonomy":"post_tag","embeddable":true,"href":"https:\/\/calatorinromania.com\/index.php?rest_route=%2Fwp%2Fv2%2Ftags&post=38931"}],"curies":[{"name":"wp","href":"https:\/\/api.w.org\/{rel}","templated":true}]}}