{"id":38925,"date":"2025-05-05T06:46:54","date_gmt":"2025-05-05T06:46:54","guid":{"rendered":"https:\/\/calatorinromania.com\/?p=38925"},"modified":"2026-02-21T09:52:40","modified_gmt":"2026-02-21T09:52:40","slug":"%e2%9d%84%ef%b8%8f-cum-sa-congelezi-corect-carnea-de-porc-pentru-a-i-pastra-gustul-si-calitatea","status":"publish","type":"post","link":"https:\/\/calatorinromania.com\/?p=38925","title":{"rendered":"\u2744\ufe0f <strong>Cum s\u0103 congelezi corect carnea de porc pentru a-i p\u0103stra gustul \u0219i calitatea<\/strong>"},"content":{"rendered":"\n<h2><\/h2>\n\n\n\n<p><strong>\u0218tiai c\u0103 modul \u00een care congelezi carnea poate face diferen\u021ba \u00eentre o friptur\u0103 suculent\u0103 \u0219i una seac\u0103?<\/strong> Congelarea este o metod\u0103 excelent\u0103 de conservare, dar trebuie f\u0103cut\u0103 corect. Hai s\u0103 afl\u0103m \u00eempreun\u0103 <strong>cum p\u0103str\u0103m carnea de porc proasp\u0103t\u0103 \u0219i gustoas\u0103 c\u00e2t mai mult timp<\/strong>! \ud83d\udc47<\/p>\n\n\n\n<p><\/p>\n\n\n\n<h3>\ud83d\udd52 <strong>C\u00e2t timp po\u021bi p\u0103stra carnea de porc la congelator?<\/strong><\/h3>\n\n\n\n<p><\/p>\n\n\n\n<h4>\ud83e\udd69 <strong>Carne crud\u0103<\/strong><\/h4>\n\n\n\n<ul>\n<li><strong>Buc\u0103\u021bi mari<\/strong> (pulp\u0103, cotlet): <strong>p\u00e2n\u0103 la 12 luni<\/strong><\/li>\n\n\n\n<li><strong>Carne tocat\u0103\/feliat\u0103<\/strong>: <strong>3\u20134 luni<\/strong> \u2013 perfect\u0103 pentru preparate rapide!<\/li>\n<\/ul>\n\n\n\n<p><\/p>\n\n\n\n<h4>\ud83c\udf72 <strong>Carne g\u0103tit\u0103<\/strong><\/h4>\n\n\n\n<ul>\n<li>Friptur\u0103, toc\u0103ni\u021be, etc.: <strong>2\u20133 luni<\/strong><\/li>\n<\/ul>\n\n\n\n<p><\/p>\n\n\n\n<blockquote class=\"wp-block-quote\">\n<p>\u2139\ufe0f <em>Dup\u0103 acest interval, carnea <strong>nu devine periculoas\u0103<\/strong>, dar poate pierde din gust \u0219i textur\u0103.<\/em><\/p>\n<\/blockquote>\n\n\n\n<h3>\u2744\ufe0f <strong>Congelarea corect\u0103 = Calitate p\u0103strat\u0103<\/strong><\/h3>\n\n\n\n<p>\ud83d\udca1 <strong>Trucuri esen\u021biale:<\/strong><\/p>\n\n\n\n<ul>\n<li>\u2705 <strong>Congeleaz\u0103 c\u00e2t mai repede<\/strong> dup\u0103 ce ai cump\u0103rat carnea.<\/li>\n\n\n\n<li>\u2705 <strong>Folose\u0219te ambalaje etan\u0219e<\/strong> \u2013 pungi speciale sau folie alimentar\u0103.<\/li>\n\n\n\n<li>\u2705 <strong>Seteaz\u0103 temperatura la -18\u00b0C<\/strong> \u0219i evit\u0103 fluctua\u021biile.<\/li>\n<\/ul>\n\n\n\n<p><\/p>\n\n\n\n<h3>\ud83d\udd0d <strong>Cum \u0219tii dac\u0103 o carne decongelat\u0103 mai e bun\u0103?<\/strong><\/h3>\n\n\n\n<p>\ud83d\udc40 <strong>Aspect:<\/strong> Dac\u0103 e <strong>cenu\u0219ie sau maronie<\/strong>, e posibil s\u0103 fi fost congelat\u0103 prea mult.<br>\ud83d\udc43 <strong>Miros:<\/strong> Un miros <strong>nepl\u0103cut sau r\u00e2nced<\/strong> = NU consuma!<br>\ud83e\udd22 <strong>Textur\u0103:<\/strong> Dac\u0103 e <strong>lipicioas\u0103 sau apoas\u0103<\/strong>, arunc-o!<\/p>\n\n\n\n<p><\/p>\n\n\n\n<p><\/p>\n\n\n\n<h3>\ud83d\uddd3\ufe0f <strong>Cum calculezi termenul de valabilitate?<\/strong><\/h3>\n\n\n\n<p>Eticheteaz\u0103 totul! \ud83c\udff7\ufe0f Scrie <strong>data congel\u0103rii<\/strong> pe ambalaj \u0219i respect\u0103 aceste intervale:<\/p>\n\n\n\n<ul>\n<li>\ud83e\udd69 <strong>Buc\u0103\u021bi mari:<\/strong> max. <strong>12 luni<\/strong><\/li>\n\n\n\n<li>\ud83e\uddc6 <strong>Carne tocat\u0103:<\/strong> max. <strong>4 luni<\/strong><\/li>\n<\/ul>\n\n\n\n<p>\ud83d\udccc <strong>Exemplu:<\/strong><br>Ai congelat carnea pe <strong>1 ianuarie 2024<\/strong><br>\ud83d\udd39 Buc\u0103\u021bi mari = bune p\u00e2n\u0103 la <strong>ianuarie 2025<\/strong><br>\ud83d\udd39 Carne tocat\u0103 = bun\u0103 p\u00e2n\u0103 la <strong>aprilie 2024<\/strong><\/p>\n\n\n\n<h3>\u2705 <strong>Sfaturi practice pentru organizare<\/strong><\/h3>\n\n\n\n<p>\ud83d\udce6 <strong>Por\u021bioneaz\u0103 carnea:<\/strong><br>Separ\u0103 \u00een pungi mici \u2013 <strong>evit\u0103 recongelarea!<\/strong><\/p>\n\n\n\n<p>\ud83c\udff7\ufe0f <strong>Etichete clare:<\/strong><br>Noteaz\u0103 <strong>data<\/strong> \u0219i <strong>tipul de carne<\/strong> (pulp\u0103, tocat\u0103, etc.)<\/p>\n\n\n\n<p>\ud83e\uddca <strong>Organizeaz\u0103 congelatorul:<\/strong><br>P\u0103streaz\u0103 carnea \u00eentr-un loc dedicat, u\u0219or de accesat.<\/p>\n\n\n\n<h3>\ud83c\udf7d\ufe0f <strong>Concluzie<\/strong><\/h3>\n\n\n\n<p>O congelare corect\u0103 = <strong>preparate gustoase oric\u00e2nd<\/strong> \ud83c\udf72<br>\u27a1\ufe0f Respect\u0103 sfaturile de mai sus \u0219i vei reduce risipa, p\u0103str\u00e2nd savoarea c\u0103rnii chiar \u0219i dup\u0103 luni de zile!<\/p>\n\n\n\n<p><strong>\ud83d\udccc Sfat final:<\/strong><br>\ud83d\udd12 <em>P\u0103streaz\u0103 carnea ca un profesionist.<\/em><br>\ud83c\udfaf <em>Congeleaz\u0103 inteligent = m\u0103n\u00e2nci gustos oric\u00e2nd!<\/em><\/p>\n","protected":false},"excerpt":{"rendered":"<p>\u0218tiai c\u0103 modul \u00een care congelezi carnea poate face diferen\u021ba \u00eentre o friptur\u0103 suculent\u0103 \u0219i una seac\u0103? Congelarea este o metod\u0103 excelent\u0103 de conservare, dar<\/p>\n","protected":false},"author":1,"featured_media":38926,"comment_status":"closed","ping_status":"closed","sticky":false,"template":"","format":"standard","meta":[],"categories":[1],"tags":[],"_links":{"self":[{"href":"https:\/\/calatorinromania.com\/index.php?rest_route=\/wp\/v2\/posts\/38925"}],"collection":[{"href":"https:\/\/calatorinromania.com\/index.php?rest_route=\/wp\/v2\/posts"}],"about":[{"href":"https:\/\/calatorinromania.com\/index.php?rest_route=\/wp\/v2\/types\/post"}],"author":[{"embeddable":true,"href":"https:\/\/calatorinromania.com\/index.php?rest_route=\/wp\/v2\/users\/1"}],"replies":[{"embeddable":true,"href":"https:\/\/calatorinromania.com\/index.php?rest_route=%2Fwp%2Fv2%2Fcomments&post=38925"}],"version-history":[{"count":1,"href":"https:\/\/calatorinromania.com\/index.php?rest_route=\/wp\/v2\/posts\/38925\/revisions"}],"predecessor-version":[{"id":38927,"href":"https:\/\/calatorinromania.com\/index.php?rest_route=\/wp\/v2\/posts\/38925\/revisions\/38927"}],"wp:featuredmedia":[{"embeddable":true,"href":"https:\/\/calatorinromania.com\/index.php?rest_route=\/wp\/v2\/media\/38926"}],"wp:attachment":[{"href":"https:\/\/calatorinromania.com\/index.php?rest_route=%2Fwp%2Fv2%2Fmedia&parent=38925"}],"wp:term":[{"taxonomy":"category","embeddable":true,"href":"https:\/\/calatorinromania.com\/index.php?rest_route=%2Fwp%2Fv2%2Fcategories&post=38925"},{"taxonomy":"post_tag","embeddable":true,"href":"https:\/\/calatorinromania.com\/index.php?rest_route=%2Fwp%2Fv2%2Ftags&post=38925"}],"curies":[{"name":"wp","href":"https:\/\/api.w.org\/{rel}","templated":true}]}}