{"id":38903,"date":"2025-05-03T05:15:15","date_gmt":"2025-05-03T05:15:15","guid":{"rendered":"https:\/\/calatorinromania.com\/?p=38903"},"modified":"2025-05-03T05:15:16","modified_gmt":"2025-05-03T05:15:16","slug":"drumul-viperelor-zonele-din-romania-pline-de-vipere-unde-exista-riscul-sa-intalnesti-serpi-veninosi","status":"publish","type":"post","link":"https:\/\/calatorinromania.com\/?p=38903","title":{"rendered":"Drumul viperelor! Zonele din Rom\u00e2nia pline de vipere. Unde exist\u0103 riscul s\u0103 \u00eent\u00e2lne\u015fti \u015ferpi venino\u015fi"},"content":{"rendered":"\n<h3>DISCLAIMER: Acest site este neutru din punct de vedere politic \u0219i nu sus\u021bine niciun partid sau ideologie politic\u0103.<\/h3>\n\n\n\n<p><\/p>\n\n\n\n<h3>Tot Ce Trebuie S\u0103 \u0218tii Despre Viperele din Rom\u00e2nia: Specii, Risc \u0219i Cum Te Protejezi<\/h3>\n\n\n\n<p><\/p>\n\n\n\n<p>\u00cen Rom\u00e2nia, \u0219erpii venino\u0219i care pot pune probleme reale oamenilor sunt exclusiv viperele. Chiar dac\u0103 nu sunt des \u00eent\u00e2lnite \u00een toate regiunile \u021b\u0103rii, cunoa\u0219terea speciilor, habitatelor \u0219i a m\u0103surilor de siguran\u021b\u0103 este esen\u021bial\u0103 pentru cei care c\u0103l\u0103toresc sau locuiesc \u00een zonele montane, de deal sau cu vegeta\u021bie bogat\u0103.<\/p>\n\n\n\n<p><\/p>\n\n\n\n<h2>\u00a0Ce Vipere Tr\u0103iesc \u00een Rom\u00e2nia?<\/h2>\n\n\n\n<p><\/p>\n\n\n\n<p>\u00cen Rom\u00e2nia au fost identificate mai multe specii \u0219i subspecii de vipere, cele mai importante fiind:<\/p>\n\n\n\n<p><\/p>\n\n\n\n<h3>\u00a01.\u00a0<strong>Vipera comun\u0103 (Vipera berus)<\/strong><\/h3>\n\n\n\n<p><\/p>\n\n\n\n<p>Cunoscut\u0103 popular \u0219i ca\u00a0<strong>vipera cu cruce<\/strong>,\u00a0<strong>vipera neagr\u0103<\/strong>\u00a0sau\u00a0<strong>n\u0103p\u00e2rc\u0103<\/strong>, este cea mai r\u0103sp\u00e2ndit\u0103 specie din \u021bar\u0103. Tr\u0103ie\u0219te \u00een p\u0103duri de foioase, la marginea poienilor, sub frunzi\u0219 sau printre st\u00e2nci. Se \u00eent\u00e2lne\u0219te frecvent \u00een jude\u021bele Alba, Hunedoara, Mehedin\u021bi \u0219i chiar \u00een zone limitrofe ale Capitalei.<\/p>\n\n\n\n<p><\/p>\n\n\n\n<h3>\u00a02.\u00a0<strong>Vipera cu corn (Vipera ammodytes)<\/strong><\/h3>\n\n\n\n<p><\/p>\n\n\n\n<p>Cea mai\u00a0<strong>mare \u0219i periculoas\u0103 viper\u0103<\/strong>\u00a0din Rom\u00e2nia. Are un corn specific pe nas \u0219i poate atinge 90 cm lungime. Tr\u0103ie\u0219te \u00een\u00a0<strong>zone st\u00e2ncoase, \u00eensorite<\/strong>, din sud-vestul \u021b\u0103rii: Mun\u021bii Banatului, Retezat, Valea Cernei \u0219i Valea Nerei. Este rar\u0103, dar foarte periculoas\u0103.<\/p>\n\n\n\n<p><\/p>\n\n\n\n<h3>\u00a03.\u00a0<strong>Vipera de step\u0103 (Vipera ursinii)<\/strong><\/h3>\n\n\n\n<p><\/p>\n\n\n\n<p>Este o specie protejat\u0103, mai mic\u0103 dec\u00e2t celelalte, cu un areal restr\u00e2ns. Tr\u0103ie\u0219te \u00een\u00a0<strong>Dobrogea, Delta Dun\u0103rii \u0219i \u00een f\u00e2ne\u021bele din zona Cheile Cibului<\/strong>\u00a0(Mun\u021bii Apuseni). \u00cen jude\u021bul Alba exist\u0103 o rezerva\u021bie special\u0103 pentru conservarea acestei vipere.<\/p>\n\n\n\n<p><\/p>\n\n\n\n<h3>\u00a0Subspecii rare:<\/h3>\n\n\n\n<p><\/p>\n\n\n\n<ul>\n<li><em>Vipera ammodytes ammodytes<\/em>&nbsp;\u2013 prezent\u0103 \u00een Banat, Oltenia, sudul Mun\u021bilor Apuseni<\/li>\n\n\n\n<li><em>Vipera ammodytes montandoni<\/em>\u00a0\u2013 g\u0103sit\u0103 \u00een Dobrogea continental\u0103<\/li>\n<\/ul>\n\n\n\n<p><\/p>\n\n\n\n<h2>\u00a0Habitatul Viperelor<\/h2>\n\n\n\n<p><\/p>\n\n\n\n<p>Viperele prefer\u0103:<\/p>\n\n\n\n<p><\/p>\n\n\n\n<ul>\n<li>zone \u00eensorite \u0219i uscate, cu vegeta\u021bie joas\u0103<\/li>\n\n\n\n<li>poieni, f\u00e2ne\u021be, margini de p\u0103dure<\/li>\n\n\n\n<li>locuri st\u00e2ncoase \u0219i fisuri \u00eentre pietre<\/li>\n\n\n\n<li>uneori, pot fi g\u0103site aproape de ap\u0103, mai ales vipera cu corn<\/li>\n<\/ul>\n\n\n\n<p><\/p>\n\n\n\n<h2>\u00a0M\u0103suri de Siguran\u021b\u0103 \u00een Natur\u0103<\/h2>\n\n\n\n<p>Dac\u0103 mergi \u00een zone cunoscute pentru prezen\u021ba viperelor, \u021bine cont de urm\u0103toarele:<\/p>\n\n\n\n<ul>\n<li><strong>Mergi doar pe poteci marcate<\/strong>&nbsp;\u2013 evit\u0103 iarba \u00eenalt\u0103 sau tufele dese<\/li>\n\n\n\n<li><strong>Folose\u0219te un b\u0103\u021b<\/strong>&nbsp;pentru a scutura vegeta\u021bia din fa\u021ba ta<\/li>\n\n\n\n<li><strong>Poart\u0103 bocanci \u00eenal\u021bi<\/strong>, \u0219osete groase \u0219i jambiere<\/li>\n\n\n\n<li><strong>Fii atent unde te a\u0219ezi<\/strong>&nbsp;sau unde pui m\u00e2na (sub pietre, trunchiuri, lemne)<\/li>\n\n\n\n<li><strong>F\u0103 zgomot u\u0219or<\/strong>&nbsp;\u2013 vibra\u021biile \u00een sol alung\u0103 \u0219erpii<\/li>\n<\/ul>\n\n\n\n<blockquote class=\"wp-block-quote\">\n<p>Viperele NU atac\u0103 dec\u00e2t dac\u0103 sunt c\u0103lcate, deranjate sau provocate. De obicei, se retrag c\u00e2nd simt prezen\u021ba omului.<\/p>\n<\/blockquote>\n\n\n\n<hr class=\"wp-block-separator has-alpha-channel-opacity\"\/>\n\n\n\n<h2>\u00a0Ce S\u0103 Faci \u00cen Caz de Mu\u0219c\u0103tur\u0103 de Viper\u0103<\/h2>\n\n\n\n<h3>\u00a0Pa\u0219i esen\u021biali:<\/h3>\n\n\n\n<ol>\n<li><strong>Sun\u0103 de urgen\u021b\u0103 la 112 \u0219i Salvamont.<\/strong><\/li>\n\n\n\n<li><strong>Imobilizeaz\u0103 victima<\/strong>&nbsp;\u0219i evit\u0103 mi\u0219c\u0103rile \u2013 cu c\u00e2t se mi\u0219c\u0103 mai pu\u021bin, cu at\u00e2t veninul se r\u0103sp\u00e2nde\u0219te mai greu.<\/li>\n\n\n\n<li><strong>Hidrateaz\u0103 victima<\/strong>&nbsp;dac\u0103 este con\u0219tient\u0103 (ap\u0103 simpl\u0103, nu alcool!).<\/li>\n\n\n\n<li><strong>Nu aplica garou<\/strong>,&nbsp;<strong>nu aspira veninul<\/strong>,&nbsp;<strong>nu pune ghea\u021b\u0103<\/strong>&nbsp;pe ran\u0103.<\/li>\n<\/ol>\n\n\n\n<h3>\u00a0Tratamentul medical:<\/h3>\n\n\n\n<ul>\n<li>Administrarea&nbsp;<strong>serului antiviperin<\/strong>&nbsp;este eficient\u0103 \u00een&nbsp;<strong>primele 4\u20135 ore<\/strong>.<\/li>\n\n\n\n<li>\u00cen func\u021bie de reac\u021bia organismului, poate fi necesar tratament de sus\u021binere \u00een spital.<\/li>\n<\/ul>\n\n\n\n<h2>\u00a0Simptome Ale Mu\u0219c\u0103turii<\/h2>\n\n\n\n<ul>\n<li>durere intens\u0103 \u0219i umfl\u0103turi locale<\/li>\n\n\n\n<li>ro\u0219ea\u021b\u0103 sau \u00eenvine\u021bire \u00een jurul r\u0103nii<\/li>\n\n\n\n<li>grea\u021b\u0103, v\u0103rs\u0103turi<\/li>\n\n\n\n<li>sete accentuat\u0103, senza\u021bie de sufocare<\/li>\n\n\n\n<li>puls crescut, transpira\u021bii reci<\/li>\n\n\n\n<li>\u00een cazuri grave: pierderea cuno\u0219tin\u021bei<\/li>\n<\/ul>\n\n\n\n<blockquote class=\"wp-block-quote\">\n<p>Aproximativ&nbsp;<strong>30% dintre mu\u0219c\u0103turi sunt \u201euscate\u201d<\/strong>, adic\u0103 vipera nu injecteaz\u0103 venin. Totu\u0219i, tratamentul medical este necesar&nbsp;<strong>\u00een toate cazurile<\/strong>.<\/p>\n<\/blockquote>\n\n\n\n<p>Viperele sunt o parte fireasc\u0103 a ecosistemului din Rom\u00e2nia \u0219i&nbsp;<strong>nu trebuie demonizate<\/strong>, dar&nbsp;<strong>nici ignorate<\/strong>. Cu pu\u021bin\u0103 aten\u021bie, echipament adecvat \u0219i cuno\u0219tin\u021bele de baz\u0103, po\u021bi merge \u00een natur\u0103 \u00een siguran\u021b\u0103, chiar \u0219i \u00een zonele unde tr\u0103iesc vipere.<\/p>\n\n\n\n<blockquote class=\"wp-block-quote\">\n<p>Cunoa\u0219terea face diferen\u021ba \u00eentre o plimbare frumoas\u0103 \u0219i un pericol real.<\/p>\n<\/blockquote>\n","protected":false},"excerpt":{"rendered":"<p>DISCLAIMER: Acest site este neutru din punct de vedere politic \u0219i nu sus\u021bine niciun partid sau ideologie politic\u0103. Tot Ce Trebuie S\u0103 \u0218tii Despre Viperele<\/p>\n","protected":false},"author":1,"featured_media":38904,"comment_status":"closed","ping_status":"closed","sticky":false,"template":"","format":"standard","meta":[],"categories":[1],"tags":[],"_links":{"self":[{"href":"https:\/\/calatorinromania.com\/index.php?rest_route=\/wp\/v2\/posts\/38903"}],"collection":[{"href":"https:\/\/calatorinromania.com\/index.php?rest_route=\/wp\/v2\/posts"}],"about":[{"href":"https:\/\/calatorinromania.com\/index.php?rest_route=\/wp\/v2\/types\/post"}],"author":[{"embeddable":true,"href":"https:\/\/calatorinromania.com\/index.php?rest_route=\/wp\/v2\/users\/1"}],"replies":[{"embeddable":true,"href":"https:\/\/calatorinromania.com\/index.php?rest_route=%2Fwp%2Fv2%2Fcomments&post=38903"}],"version-history":[{"count":1,"href":"https:\/\/calatorinromania.com\/index.php?rest_route=\/wp\/v2\/posts\/38903\/revisions"}],"predecessor-version":[{"id":38905,"href":"https:\/\/calatorinromania.com\/index.php?rest_route=\/wp\/v2\/posts\/38903\/revisions\/38905"}],"wp:featuredmedia":[{"embeddable":true,"href":"https:\/\/calatorinromania.com\/index.php?rest_route=\/wp\/v2\/media\/38904"}],"wp:attachment":[{"href":"https:\/\/calatorinromania.com\/index.php?rest_route=%2Fwp%2Fv2%2Fmedia&parent=38903"}],"wp:term":[{"taxonomy":"category","embeddable":true,"href":"https:\/\/calatorinromania.com\/index.php?rest_route=%2Fwp%2Fv2%2Fcategories&post=38903"},{"taxonomy":"post_tag","embeddable":true,"href":"https:\/\/calatorinromania.com\/index.php?rest_route=%2Fwp%2Fv2%2Ftags&post=38903"}],"curies":[{"name":"wp","href":"https:\/\/api.w.org\/{rel}","templated":true}]}}