{"id":38898,"date":"2025-05-03T04:55:21","date_gmt":"2025-05-03T04:55:21","guid":{"rendered":"https:\/\/calatorinromania.com\/?p=38898"},"modified":"2025-05-03T04:55:21","modified_gmt":"2025-05-03T04:55:21","slug":"valentina-s-a-dus-la-deschiderea-testamentului-unde-o-asteptau-sotul-ei-si-amanta-lui-cu-un-bebelus-in-brate","status":"publish","type":"post","link":"https:\/\/calatorinromania.com\/?p=38898","title":{"rendered":"Valentina s-a dus la deschiderea testamentului \u2013 unde o a\u0219teptau so\u021bul ei\u2026 \u0219i amanta lui, cu un bebelu\u0219 \u00een bra\u021be."},"content":{"rendered":"\n<p><strong>Dup\u0103 moartea soacrei, Valentina s-a dus la deschiderea testamentului \u2013 unde o a\u0219teptau so\u021bul ei&#8230; \u0219i amanta lui, cu un bebelu\u0219 \u00een bra\u021be.<\/strong><\/p>\n\n\n\n<p><strong><br>Dar c\u00e2nd avocatul a citit ULTIMELE CUVINTE ale Annei Petrovna \u2013 tuturor le-a c\u0103zut fa\u021ba&#8230; \ud83d\ude32\ud83d\ude32\ud83d\ude32<\/strong><\/p>\n\n\n\n<p><\/p>\n\n\n\n<p>Vestea mor\u021bii Annei Petrovna a lovit-o pe Valentina ca un tr\u0103snet.<\/p>\n\n\n\n<p><\/p>\n\n\n\n<p>\u2014 Nu se poate\u2026 ieri \u00eenc\u0103 mi-a trimis un mesaj\u2026 \u2014 a \u0219optit ea, cu ochii \u00een lacrimi.<\/p>\n\n\n\n<p><\/p>\n\n\n\n<p>De\u0219i era bolnav\u0103 de ceva timp, Valentina tot sperase la o minune. \u00cei era mai mult dec\u00e2t o soacr\u0103. Anna Petrovna o iubea ca pe propria fiic\u0103, ba poate chiar mai mult. De multe ori, \u00eei spunea:<br>\u2014 Dac\u0103 a\u0219 fi avut o fat\u0103, a\u0219 fi vrut s\u0103 fie exact ca tine, draga mea.<\/p>\n\n\n\n<p><\/p>\n\n\n\n<p>Dar ziua testamentului a venit mai repede dec\u00e2t se a\u0219tepta. \u00cembr\u0103cat\u0103 \u00een negru, Valentina a p\u0103\u0219it \u00een biroul avocatului cu inima grea. C\u00e2nd a intrat, Igor \u2014 so\u021bul ei \u2014 era deja acolo. Dar nu era singur.<\/p>\n\n\n\n<p><\/p>\n\n\n\n<p>L\u00e2ng\u0103 el st\u0103tea o femeie t\u00e2n\u0103r\u0103, cu ruj ro\u0219u, tocuri \u00eenalte \u0219i un z\u00e2mbet pu\u021bin cam prea larg pentru un astfel de moment. \u00cen bra\u021be \u021binea un bebelu\u0219 care sc\u00e2ncea u\u0219or.<\/p>\n\n\n\n<p><\/p>\n\n\n\n<p>\u2014 Cine\u2026? \u2014 a \u00eenceput Valentina, dar s-a oprit. A \u00een\u021beles imediat.<br>Igor a ridicat din umeri, vizibil jenat.<\/p>\n\n\n\n<p>\u2014 Asta e Marta. \u0218i\u2026 \u0103\u0103\u0103\u2026 copilul e al meu.<\/p>\n\n\n\n<p>Un val de ame\u021beal\u0103 a trecut prin Valentina. Nu doar c\u0103 \u00ee\u0219i pierduse soacra, dar \u00een acela\u0219i timp \u00ee\u0219i pierdea \u0219i c\u0103snicia.<\/p>\n\n\n\n<p>Avocatul a f\u0103cut semn c\u0103 urmeaz\u0103 s\u0103 citeasc\u0103 testamentul. A \u00eenceput formal:<\/p>\n\n\n\n<p>\u2014 Subsemnata, Anna Petrovna, \u00een deplin\u0103tatea facult\u0103\u021bilor mintale\u2026<\/p>\n\n\n\n<p>Vocea lui era calm\u0103, dar tensiunea \u00een camer\u0103 era electric\u0103.<\/p>\n\n\n\n<p>\u2014 \u2026 las casa mea din centrul ora\u0219ului nepoatei mele\u2026 Marta.<\/p>\n\n\n\n<p>To\u021bi au tres\u0103rit.<\/p>\n\n\n\n<p>\u2014 Pardon?! \u2014 a s\u0103rit Igor. \u2014 Marta? Nepoata ta?<\/p>\n\n\n\n<p>\u2014 A\u0219a e\u2026 \u2014 a continuat avocatul. \u2014 Marta este fiica fratelui geam\u0103n al Annei, care a murit cu mul\u021bi ani \u00een urm\u0103. Crescut\u0103 \u00een secret \u00eentr-un orfelinat, c\u0103ci familia n-a acceptat-o. Acum, Anna \u0219i-a dorit s\u0103-\u0219i \u00eendrepte gre\u0219eala.<\/p>\n\n\n\n<p>Valentina se uita \u00een gol. Igor ar\u0103ta complet pierdut.<\/p>\n\n\n\n<p>\u2014 Dar stai pu\u021bin&#8230; asta \u00eenseamn\u0103 c\u0103&#8230; amanta mea e\u2026 ruda mea?! \u2014 a \u00eentrebat el, aproape url\u00e2nd.<\/p>\n\n\n\n<p>Avocatul a ridicat din spr\u00e2ncene, dar n-a zis nimic. A continuat:<\/p>\n\n\n\n<p>\u2014 \u00cen ceea ce prive\u0219te conturile bancare, ac\u021biunile \u0219i economiile personale, acestea vor fi transferate \u00een \u00eentregime Valentinei.<\/p>\n\n\n\n<p>Valentina a clipit de c\u00e2teva ori.<\/p>\n\n\n\n<p>\u2014 \u0218i\u2026 motivul? \u2014 a \u00eentrebat ea \u00eencet.<\/p>\n\n\n\n<p>Avocatul a deschis o scrisoare sigilat\u0103.<\/p>\n\n\n\n<p>\u2014 Citez: &#8222;Valentina a fost singura care m-a iubit f\u0103r\u0103 interes. A avut grij\u0103 de mine c\u00e2nd nici fiul meu nu a f\u0103cut-o. Pentru mine, ea este adev\u0103rata mea fiic\u0103. Igor a f\u0103cut alegerile lui, dar consecin\u021bele \u00eel vor urm\u0103ri. C\u00e2t despre Marta\u2026 s\u0103-i fie casa sprijin pentru copil, dar s\u0103 \u0219tie c\u0103 s\u00e2ngele nu \u00eenseamn\u0103 totul.&#8221;<\/p>\n\n\n\n<p>To\u021bi au r\u0103mas \u00een t\u0103cere. Marta a \u00eenceput s\u0103 pl\u00e2ng\u0103, dar nu de bucurie. Igor \u0219i-a l\u0103sat capul \u00een m\u00e2ini. Valentina s-a ridicat.<\/p>\n\n\n\n<p>\u2014 Mul\u021bumesc, Anna Petrovna\u2026 pentru tot. Nu pentru bani, ci pentru adev\u0103r.<\/p>\n\n\n\n<p>\u0218i a ie\u0219it cu fruntea sus. \u00cen urma ei, r\u0103m\u0103seser\u0103 doar regrete, minciuni\u2026 \u0219i un testament care schimbase tot.<\/p>\n","protected":false},"excerpt":{"rendered":"<p>Dup\u0103 moartea soacrei, Valentina s-a dus la deschiderea testamentului \u2013 unde o a\u0219teptau so\u021bul ei&#8230; \u0219i amanta lui, cu un bebelu\u0219 \u00een bra\u021be. Dar c\u00e2nd<\/p>\n","protected":false},"author":1,"featured_media":38649,"comment_status":"closed","ping_status":"closed","sticky":false,"template":"","format":"standard","meta":[],"categories":[1],"tags":[],"_links":{"self":[{"href":"https:\/\/calatorinromania.com\/index.php?rest_route=\/wp\/v2\/posts\/38898"}],"collection":[{"href":"https:\/\/calatorinromania.com\/index.php?rest_route=\/wp\/v2\/posts"}],"about":[{"href":"https:\/\/calatorinromania.com\/index.php?rest_route=\/wp\/v2\/types\/post"}],"author":[{"embeddable":true,"href":"https:\/\/calatorinromania.com\/index.php?rest_route=\/wp\/v2\/users\/1"}],"replies":[{"embeddable":true,"href":"https:\/\/calatorinromania.com\/index.php?rest_route=%2Fwp%2Fv2%2Fcomments&post=38898"}],"version-history":[{"count":1,"href":"https:\/\/calatorinromania.com\/index.php?rest_route=\/wp\/v2\/posts\/38898\/revisions"}],"predecessor-version":[{"id":38899,"href":"https:\/\/calatorinromania.com\/index.php?rest_route=\/wp\/v2\/posts\/38898\/revisions\/38899"}],"wp:featuredmedia":[{"embeddable":true,"href":"https:\/\/calatorinromania.com\/index.php?rest_route=\/wp\/v2\/media\/38649"}],"wp:attachment":[{"href":"https:\/\/calatorinromania.com\/index.php?rest_route=%2Fwp%2Fv2%2Fmedia&parent=38898"}],"wp:term":[{"taxonomy":"category","embeddable":true,"href":"https:\/\/calatorinromania.com\/index.php?rest_route=%2Fwp%2Fv2%2Fcategories&post=38898"},{"taxonomy":"post_tag","embeddable":true,"href":"https:\/\/calatorinromania.com\/index.php?rest_route=%2Fwp%2Fv2%2Ftags&post=38898"}],"curies":[{"name":"wp","href":"https:\/\/api.w.org\/{rel}","templated":true}]}}