{"id":38892,"date":"2025-05-03T04:50:07","date_gmt":"2025-05-03T04:50:07","guid":{"rendered":"https:\/\/calatorinromania.com\/?p=38892"},"modified":"2025-05-03T04:50:07","modified_gmt":"2025-05-03T04:50:07","slug":"bunica-mi-a-aratat-cum-sa-albesc-hainele-albe-fara-a-folosi-substante-chimice-este-una-dintre-cele-mai-usoare-si-accesibile-metode","status":"publish","type":"post","link":"https:\/\/calatorinromania.com\/?p=38892","title":{"rendered":"Bunica mi-a ar\u0103tat cum s\u0103 albesc hainele albe f\u0103r\u0103 a folosi substan\u021be chimice. Este una dintre cele mai u\u0219oare \u0219i accesibile metode."},"content":{"rendered":"\n<p>Orice gospodin\u0103 \u0219tie c\u0103, odat\u0103 cu trecerea timpului, hainele albe \u00ee\u0219i pierd din str\u0103lucire \u0219i pot c\u0103p\u0103ta o nuan\u021b\u0103 galben\u0103 sau gri. Aceste culori nu mai sunt atr\u0103g\u0103toare, ci dimpotriv\u0103, fac ca rufele s\u0103 par\u0103 ne\u00eengrijite. Din fericire, eu nu am astfel de probleme, deoarece am \u00eenv\u0103\u021bat o metod\u0103 eficient\u0103 pentru a re\u00eemprosp\u0103ta rufele care au devenit galbene sau gri. Aceast\u0103 tehnic\u0103 mi-a fost transmis\u0103 de bunica mea.<\/p>\n\n\n\n<p><\/p>\n\n\n\n<p>De\u0219i simpl\u0103, \u0219i poate chiar considerat\u0103 naiv\u0103, metoda bunicii pentru treburile casnice se dovede\u0219te extrem de util\u0103 \u0219i ast\u0103zi. Aceast\u0103 re\u021bet\u0103 este:<\/p>\n\n\n\n<p><\/p>\n\n\n\n<ul>\n<li>u\u0219or de aplicat;<\/li>\n\n\n\n<li>accesibil\u0103 pentru oricine;<\/li>\n\n\n\n<li>foarte eficient\u0103;<\/li>\n\n\n\n<li>ieftin\u0103.<\/li>\n<\/ul>\n\n\n\n<p><\/p>\n\n\n\n<p><strong>Metoda bunicii pentru albirea rufelor<\/strong><\/p>\n\n\n\n<p><br>Este o metod\u0103 extrem de accesibil\u0103 \u0219i eficient\u0103 de albire, care presupune utilizarea s\u0103rii de buc\u0103t\u0103rie obi\u0219nuite.<\/p>\n\n\n\n<p><\/p>\n\n\n\n<p><strong>Prevenirea \u00eeng\u0103lbenirii<\/strong><\/p>\n\n\n\n<p><br>Pentru a preveni ca rufele albe, cum ar fi lenjeria de pat sau prosoapele de buc\u0103t\u0103rie, s\u0103 se \u00eeng\u0103lbeneasc\u0103, se recomand\u0103 \u00eenmuierea lor \u00eentr-o solu\u021bie cald\u0103 de ap\u0103 \u0219i sare o dat\u0103 pe lun\u0103, timp de 2-3 ore. Propor\u021bia este de 3 linguri de sare la 1 litru de ap\u0103. Dup\u0103 aceast\u0103 procedur\u0103, rufele se spal\u0103 normal \u00een ma\u0219ina de sp\u0103lat.<\/p>\n\n\n\n<p><\/p>\n\n\n\n<p><strong>Albirea rufelor<\/strong><\/p>\n\n\n\n<p><br>Pentru hainele care au c\u0103p\u0103tat o nuan\u021b\u0103 gri sau galben\u0103, se poate folosi urm\u0103toarea solu\u021bie special\u0103:<\/p>\n\n\n\n<p><\/p>\n\n\n\n<p><strong>Pa\u0219ii pentru albire:<\/strong><\/p>\n\n\n\n<p><\/p>\n\n\n\n<ol>\n<li>Se toarn\u0103 ap\u0103 fierbinte \u00eentr-un lighean sau cad\u0103 unde vor fi \u00eenmuiate rufele.<\/li>\n\n\n\n<li>Se dizolv\u0103 \u00een ap\u0103 trei linguri de peroxid de hidrogen \u0219i sare.<\/li>\n\n\n\n<li>Se adaug\u0103 pu\u021bin detergent de rufe \u0219i o linguri\u021b\u0103 de amoniac. Se amestec\u0103 bine p\u00e2n\u0103 c\u00e2nd sarea se dizolv\u0103 complet.<\/li>\n\n\n\n<li>Se las\u0103 rufele albe \u00een solu\u021bia preparat\u0103 timp de 2 ore.<\/li>\n\n\n\n<li>Dup\u0103 acest timp, rufele se spal\u0103 normal.<\/li>\n<\/ol>\n\n\n\n<p>Hainele vor deveni vizibil mai albe, chiar de la prima utilizare!<\/p>\n","protected":false},"excerpt":{"rendered":"<p>Orice gospodin\u0103 \u0219tie c\u0103, odat\u0103 cu trecerea timpului, hainele albe \u00ee\u0219i pierd din str\u0103lucire \u0219i pot c\u0103p\u0103ta o nuan\u021b\u0103 galben\u0103 sau gri. Aceste culori nu<\/p>\n","protected":false},"author":1,"featured_media":38893,"comment_status":"closed","ping_status":"closed","sticky":false,"template":"","format":"standard","meta":[],"categories":[1],"tags":[],"_links":{"self":[{"href":"https:\/\/calatorinromania.com\/index.php?rest_route=\/wp\/v2\/posts\/38892"}],"collection":[{"href":"https:\/\/calatorinromania.com\/index.php?rest_route=\/wp\/v2\/posts"}],"about":[{"href":"https:\/\/calatorinromania.com\/index.php?rest_route=\/wp\/v2\/types\/post"}],"author":[{"embeddable":true,"href":"https:\/\/calatorinromania.com\/index.php?rest_route=\/wp\/v2\/users\/1"}],"replies":[{"embeddable":true,"href":"https:\/\/calatorinromania.com\/index.php?rest_route=%2Fwp%2Fv2%2Fcomments&post=38892"}],"version-history":[{"count":1,"href":"https:\/\/calatorinromania.com\/index.php?rest_route=\/wp\/v2\/posts\/38892\/revisions"}],"predecessor-version":[{"id":38894,"href":"https:\/\/calatorinromania.com\/index.php?rest_route=\/wp\/v2\/posts\/38892\/revisions\/38894"}],"wp:featuredmedia":[{"embeddable":true,"href":"https:\/\/calatorinromania.com\/index.php?rest_route=\/wp\/v2\/media\/38893"}],"wp:attachment":[{"href":"https:\/\/calatorinromania.com\/index.php?rest_route=%2Fwp%2Fv2%2Fmedia&parent=38892"}],"wp:term":[{"taxonomy":"category","embeddable":true,"href":"https:\/\/calatorinromania.com\/index.php?rest_route=%2Fwp%2Fv2%2Fcategories&post=38892"},{"taxonomy":"post_tag","embeddable":true,"href":"https:\/\/calatorinromania.com\/index.php?rest_route=%2Fwp%2Fv2%2Ftags&post=38892"}],"curies":[{"name":"wp","href":"https:\/\/api.w.org\/{rel}","templated":true}]}}