{"id":38889,"date":"2025-05-01T19:04:37","date_gmt":"2025-05-01T19:04:37","guid":{"rendered":"https:\/\/calatorinromania.com\/?p=38889"},"modified":"2025-05-01T19:04:38","modified_gmt":"2025-05-01T19:04:38","slug":"%f0%9f%8c%b8-cum-sa-ai-muscate-superbe-tot-sezonul-trucuri-esentiale-pentru-gradina-sau-balcon-%f0%9f%8c%bf","status":"publish","type":"post","link":"https:\/\/calatorinromania.com\/?p=38889","title":{"rendered":"\ud83c\udf38 <strong>Cum s\u0103 ai mu\u0219cate superbe tot sezonul: trucuri esen\u021biale pentru gr\u0103din\u0103 sau balcon<\/strong> \ud83c\udf3f"},"content":{"rendered":"\n<p><\/p>\n\n\n\n<p>Mu\u0219catele sunt printre cele mai iubite plante decorative \u2014 <strong>colorate, parfumate \u0219i u\u0219or de \u00eengrijit<\/strong>. \u00cens\u0103, pentru a avea mu\u0219cate care \u00eenfloresc abundent din prim\u0103var\u0103 p\u00e2n\u0103 toamna, trebuie s\u0103 le acorzi pu\u021bin\u0103 aten\u021bie \u0219i s\u0103 urmezi c\u00e2teva sfaturi simple:<\/p>\n\n\n\n<p><\/p>\n\n\n\n<p>\u2600\ufe0f <strong>Lumin\u0103 din plin \u2013 cheia \u00eenfloririi!<\/strong><\/p>\n\n\n\n<p><br>Mu\u0219catele iubesc <strong>soarele!<\/strong> A\u0219az\u0103-le \u00eentr-un loc unde beneficiaz\u0103 de <strong>4\u20136 ore de lumin\u0103 solar\u0103 direct\u0103 pe zi<\/strong>.<\/p>\n\n\n\n<p><br>\ud83d\udc49 Evit\u0103 zonele cu v\u00e2nt puternic, care le pot deteriora.<\/p>\n\n\n\n<p><\/p>\n\n\n\n<p>\ud83c\udf31 <strong>Sol potrivit \u0219i udare cu m\u0103sur\u0103<\/strong><\/p>\n\n\n\n<p><br>Mu\u0219catele prefer\u0103 un <strong>sol af\u00e2nat \u0219i bine drenat<\/strong> \u2014 apa nu trebuie s\u0103 b\u0103lteasc\u0103!<\/p>\n\n\n\n<p><\/p>\n\n\n\n<p>\ud83d\udca7 <strong>Cum le uzi corect:<\/strong><\/p>\n\n\n\n<p><\/p>\n\n\n\n<ul>\n<li>Ud\u0103 <strong>moderat \u0219i constant<\/strong><\/li>\n\n\n\n<li>A\u0219teapt\u0103 ca solul s\u0103 se usuce u\u0219or \u00eentre ud\u0103ri<\/li>\n\n\n\n<li>Iarna? \u2744\ufe0f Redu frecven\u021ba ud\u0103rii \u2013 plantele intr\u0103 \u00een repaus.<\/li>\n<\/ul>\n\n\n\n<p><\/p>\n\n\n\n<p>\u26a0\ufe0f <strong>Aten\u021bie la excesul de ap\u0103!<\/strong><br>Poate duce la <strong>\u00eeng\u0103lbenirea frunzelor<\/strong> sau <strong>putrezirea r\u0103d\u0103cinilor<\/strong>.<\/p>\n\n\n\n<p>\u2702\ufe0f <strong>Toaletarea florilor = \u00eenflorire abundent\u0103<\/strong><\/p>\n\n\n\n<ul>\n<li>\u00cendep\u0103rteaz\u0103 <strong>florile ofilite<\/strong> pentru a stimula apari\u021bia unora noi<\/li>\n\n\n\n<li>Elimin\u0103 <strong>frunzele uscate sau bolnave<\/strong> \u2013 astfel, mu\u0219cata va r\u0103m\u00e2ne s\u0103n\u0103toas\u0103 \u0219i viguroas\u0103<\/li>\n<\/ul>\n\n\n\n<hr class=\"wp-block-separator has-alpha-channel-opacity\"\/>\n\n\n\n<p>\ud83c\udfe1 <strong>Cum \u00eengrije\u0219ti mu\u0219catele iarna?<\/strong><\/p>\n\n\n\n<ul>\n<li>Mut\u0103-le la interior, \u00eentr-un loc luminos<\/li>\n\n\n\n<li>Temperatura ideal\u0103: <strong>18\u201321\u00b0C ziua<\/strong>, <strong>13\u00b0C noaptea<\/strong><\/li>\n\n\n\n<li>Redu ud\u0103rile \u0219i <strong>nu fertiliza<\/strong> \u00een aceast\u0103 perioad\u0103<\/li>\n<\/ul>\n\n\n\n<p>\ud83c\udf31 Prim\u0103vara, re\u00eencepe \u00eengrijirea activ\u0103: udare, fertilizare \u0219i replantare, dac\u0103 este nevoie.<\/p>\n\n\n\n<p>\ud83d\udeab <strong>Siguran\u021b\u0103 \u00eenainte de toate!<\/strong><br>Mu\u0219catele sunt frumoase, dar pot fi <strong>toxice dac\u0103 sunt ingerate<\/strong>.<br>\ud83d\udc49 \u021aine copiii mici \u0219i animalele de companie la distan\u021b\u0103!<\/p>\n\n\n\n<p>\u2705 <strong>Pe scurt, pentru mu\u0219cate de vis:<\/strong><br>\u2714\ufe0f Lumin\u0103 mult\u0103<br>\u2714\ufe0f Sol aerisit \u0219i bine drenat<br>\u2714\ufe0f Udare corect\u0103<br>\u2714\ufe0f T\u0103iere periodic\u0103<br>\u2714\ufe0f Repaus iarna<\/p>\n\n\n\n<p>\ud83d\udc90 Dac\u0103 respec\u021bi aceste reguli, te vei bucura de mu\u0219cate <strong>pline de via\u021b\u0103 \u0219i culoare<\/strong>, \u00een balcon, gr\u0103din\u0103 sau chiar \u00een cas\u0103 \u2013 tot anul!<\/p>\n","protected":false},"excerpt":{"rendered":"<p>Mu\u0219catele sunt printre cele mai iubite plante decorative \u2014 colorate, parfumate \u0219i u\u0219or de \u00eengrijit. \u00cens\u0103, pentru a avea mu\u0219cate care \u00eenfloresc abundent din prim\u0103var\u0103<\/p>\n","protected":false},"author":1,"featured_media":38890,"comment_status":"closed","ping_status":"closed","sticky":false,"template":"","format":"standard","meta":[],"categories":[1],"tags":[],"_links":{"self":[{"href":"https:\/\/calatorinromania.com\/index.php?rest_route=\/wp\/v2\/posts\/38889"}],"collection":[{"href":"https:\/\/calatorinromania.com\/index.php?rest_route=\/wp\/v2\/posts"}],"about":[{"href":"https:\/\/calatorinromania.com\/index.php?rest_route=\/wp\/v2\/types\/post"}],"author":[{"embeddable":true,"href":"https:\/\/calatorinromania.com\/index.php?rest_route=\/wp\/v2\/users\/1"}],"replies":[{"embeddable":true,"href":"https:\/\/calatorinromania.com\/index.php?rest_route=%2Fwp%2Fv2%2Fcomments&post=38889"}],"version-history":[{"count":1,"href":"https:\/\/calatorinromania.com\/index.php?rest_route=\/wp\/v2\/posts\/38889\/revisions"}],"predecessor-version":[{"id":38891,"href":"https:\/\/calatorinromania.com\/index.php?rest_route=\/wp\/v2\/posts\/38889\/revisions\/38891"}],"wp:featuredmedia":[{"embeddable":true,"href":"https:\/\/calatorinromania.com\/index.php?rest_route=\/wp\/v2\/media\/38890"}],"wp:attachment":[{"href":"https:\/\/calatorinromania.com\/index.php?rest_route=%2Fwp%2Fv2%2Fmedia&parent=38889"}],"wp:term":[{"taxonomy":"category","embeddable":true,"href":"https:\/\/calatorinromania.com\/index.php?rest_route=%2Fwp%2Fv2%2Fcategories&post=38889"},{"taxonomy":"post_tag","embeddable":true,"href":"https:\/\/calatorinromania.com\/index.php?rest_route=%2Fwp%2Fv2%2Ftags&post=38889"}],"curies":[{"name":"wp","href":"https:\/\/api.w.org\/{rel}","templated":true}]}}