{"id":38867,"date":"2025-05-01T06:10:26","date_gmt":"2025-05-01T06:10:26","guid":{"rendered":"https:\/\/calatorinromania.com\/?p=38867"},"modified":"2025-05-01T06:10:26","modified_gmt":"2025-05-01T06:10:26","slug":"un-ceai-suspect-si-un-secret-intunecat-povestea-mariei-si-lupta-pentru-supravietuire","status":"publish","type":"post","link":"https:\/\/calatorinromania.com\/?p=38867","title":{"rendered":"Un ceai suspect \u0219i un secret \u00eentunecat: Povestea Mariei \u0219i lupta pentru supravie\u021buire"},"content":{"rendered":"\n<p>Maria (fost\u0103 Marina) tres\u0103ri c\u00e2nd telefonul sun\u0103 brusc. Doamna Elena (fost\u0103 Irina Sergheevna), soacra ei, r\u0103spunse imediat, cu o voce dulceag\u0103, contrast\u00e2nd puternic cu tonul rece pe care \u00eel folosea de obicei cu nora sa.<\/p>\n\n\n\n<p>\u201eDa, drag\u0103\u2026 Sunt la cimitir cu Maria. Face cur\u0103\u021benie la morm\u00e2ntul Dianei.\u201d<\/p>\n\n\n\n<p>Un fior rece str\u0103b\u0103tu \u0219ira spin\u0103rii Mariei. Diana (fost\u0103 Marina) \u2013 prima so\u021bie a lui Adrian (Andrei) \u2013 era o prezen\u021b\u0103 t\u0103cut\u0103, dar constant\u0103 \u00een casa lor, iar privirile critice ale Doamnei Elena p\u0103reau mereu s\u0103-i aminteasc\u0103 de ea.<\/p>\n\n\n\n<p>Dup\u0103 ce \u00eenchise telefonul, Doamna Elena se \u00eentoarse spre Maria cu un z\u00e2mbet for\u021bat.<\/p>\n\n\n\n<p>\u201eAdrian se \u00eentoarce mai devreme. Vrea s\u0103 preg\u0103tim o cin\u0103 special\u0103,\u201d anun\u021b\u0103 ea, apoi ad\u0103ug\u0103: \u201e\u021ai-am adus ceaiul. \u00ce\u021bi va face bine, pari palid\u0103.\u201d<\/p>\n\n\n\n<p>Scoase din geant\u0103 un termos elegant \u0219i turn\u0103 un lichid \u00eentunecat \u00eentr-o can\u0103 de plastic. Aroma dulceag\u0103 a ceaiului p\u0103rea stranie \u00een atmosfera ap\u0103s\u0103toare a cimitirului.<\/p>\n\n\n\n<p>Maria ezit\u0103. Pe gardul cimitirului observase un mesaj zg\u00e2riat: \u201eOtrav\u0103 \u00een ceai. Nu bea.\u201d Coinciden\u021b\u0103 sau avertisment?<\/p>\n\n\n\n<p>\u201eMul\u021bumesc, dar mi-e \u00eenc\u0103 grea\u021b\u0103,\u201d refuz\u0103 ea politicos.<\/p>\n\n\n\n<p>Privirea Doamnei Elena deveni insistent\u0103.<\/p>\n\n\n\n<p>\u201eTrebuie s\u0103 ai grij\u0103 de tine \u0219i de copil. Bea,\u201d spuse ap\u0103sat.<\/p>\n\n\n\n<p>Cu o mi\u0219care atent\u0103, Maria duse cana la buze, pref\u0103c\u00e2ndu-se c\u0103 sorbea, \u00een timp ce instinctele \u00eei strigau s\u0103 nu guste. \u00cencerc\u00e2nd s\u0103 rup\u0103 tensiunea, simul\u0103 o criz\u0103 de tuse \u0219i v\u0103rs\u0103 con\u021binutul ceaiului pe p\u0103m\u00e2ntul umed, exact l\u00e2ng\u0103 morm\u00e2ntul Dianei.<\/p>\n\n\n\n<p>Furia trec\u0103toare de pe chipul Doamnei Elena nu trecu neobservat\u0103.<\/p>\n\n\n\n<p>\u201eNu conteaz\u0103,\u201d spuse ea, rece. \u201eVom preg\u0103ti altul acas\u0103.\u201d<\/p>\n\n\n\n<p><strong>Un secret dincolo de morm\u00e2nt<\/strong><\/p>\n\n\n\n<p>\u00cen drumul \u00eenapoi, Maria observ\u0103 medalionul de la g\u00e2tul soacrei \u2013 acela\u0219i ca \u00een fotografia Dianei de pe piatra funerar\u0103. Un nou val de team\u0103 o cuprinse. Cine era, de fapt, femeia care-i dorea binele?<\/p>\n\n\n\n<p>Ajunse acas\u0103, unde Adrian le a\u0219tepta z\u00e2mbitor, cu un buchet de flori de prim\u0103var\u0103.<\/p>\n\n\n\n<p>\u201eCum a fost ziua voastr\u0103?\u201d \u00eentreb\u0103 el.<\/p>\n\n\n\n<p>\u00cenainte ca Maria s\u0103 r\u0103spund\u0103, Doamna Elena interveni cu un ton jovial:<\/p>\n\n\n\n<p>\u201eProductiv\u0103. Maria a cur\u0103\u021bat gardul Dianei. Iar acum va preg\u0103ti un ceai special.\u201d<\/p>\n\n\n\n<p>La auzul numelui fostei so\u021bii, z\u00e2mbetul lui Adrian se str\u00e2mb\u0103 pentru o clip\u0103. Maria str\u00e2nse florile la piept \u0219i spuse \u00eencet:<\/p>\n\n\n\n<p>\u201eSunt foarte obosit\u0103. Cred c\u0103 ar trebui s\u0103 m\u0103 odihnesc pu\u021bin.\u201d<\/p>\n\n\n\n<p>Dar Doamna Elena insist\u0103:<\/p>\n\n\n\n<p>\u201eO cea\u0219c\u0103 de ceai te va revigora. E aceea\u0219i re\u021bet\u0103 pe care o foloseam \u0219i pentru Diana.\u201d<\/p>\n\n\n\n<p>\u00cen acel moment, Maria \u00een\u021belese c\u0103 nu mai poate am\u00e2na. Via\u021ba ei \u0219i a copilului depindeau de ceea ce va face mai departe.<\/p>\n\n\n\n<hr class=\"wp-block-separator has-alpha-channel-opacity\"\/>\n\n\n\n<p><strong>\u021ai-a pl\u0103cut povestea? Distribuie-o mai departe \u0219i las\u0103-te inspirat de curajul Mariei!<\/strong> <\/p>\n","protected":false},"excerpt":{"rendered":"<p>Maria (fost\u0103 Marina) tres\u0103ri c\u00e2nd telefonul sun\u0103 brusc. Doamna Elena (fost\u0103 Irina Sergheevna), soacra ei, r\u0103spunse imediat, cu o voce dulceag\u0103, contrast\u00e2nd puternic cu tonul<\/p>\n","protected":false},"author":1,"featured_media":38649,"comment_status":"closed","ping_status":"closed","sticky":false,"template":"","format":"standard","meta":[],"categories":[1],"tags":[],"_links":{"self":[{"href":"https:\/\/calatorinromania.com\/index.php?rest_route=\/wp\/v2\/posts\/38867"}],"collection":[{"href":"https:\/\/calatorinromania.com\/index.php?rest_route=\/wp\/v2\/posts"}],"about":[{"href":"https:\/\/calatorinromania.com\/index.php?rest_route=\/wp\/v2\/types\/post"}],"author":[{"embeddable":true,"href":"https:\/\/calatorinromania.com\/index.php?rest_route=\/wp\/v2\/users\/1"}],"replies":[{"embeddable":true,"href":"https:\/\/calatorinromania.com\/index.php?rest_route=%2Fwp%2Fv2%2Fcomments&post=38867"}],"version-history":[{"count":1,"href":"https:\/\/calatorinromania.com\/index.php?rest_route=\/wp\/v2\/posts\/38867\/revisions"}],"predecessor-version":[{"id":38868,"href":"https:\/\/calatorinromania.com\/index.php?rest_route=\/wp\/v2\/posts\/38867\/revisions\/38868"}],"wp:featuredmedia":[{"embeddable":true,"href":"https:\/\/calatorinromania.com\/index.php?rest_route=\/wp\/v2\/media\/38649"}],"wp:attachment":[{"href":"https:\/\/calatorinromania.com\/index.php?rest_route=%2Fwp%2Fv2%2Fmedia&parent=38867"}],"wp:term":[{"taxonomy":"category","embeddable":true,"href":"https:\/\/calatorinromania.com\/index.php?rest_route=%2Fwp%2Fv2%2Fcategories&post=38867"},{"taxonomy":"post_tag","embeddable":true,"href":"https:\/\/calatorinromania.com\/index.php?rest_route=%2Fwp%2Fv2%2Ftags&post=38867"}],"curies":[{"name":"wp","href":"https:\/\/api.w.org\/{rel}","templated":true}]}}