{"id":38862,"date":"2025-05-01T06:07:29","date_gmt":"2025-05-01T06:07:29","guid":{"rendered":"https:\/\/calatorinromania.com\/?p=38862"},"modified":"2025-05-01T06:07:29","modified_gmt":"2025-05-01T06:07:29","slug":"%f0%9f%a7%81-briose-cu-branza-de-vaci-fragede-si-delicioase","status":"publish","type":"post","link":"https:\/\/calatorinromania.com\/?p=38862","title":{"rendered":"\ud83e\uddc1 <strong>Brio\u0219e cu Br\u00e2nz\u0103 de Vaci \u2013 Fragede \u0219i Delicioase<\/strong>"},"content":{"rendered":"\n<h3><\/h3>\n\n\n\n<p>Un desert rapid, cu gust autentic de cas\u0103. Se preg\u0103te\u0219te simplu \u0219i e perfect pentru mic dejun, gust\u0103ri sau chiar pachetul de \u0219coal\u0103!<\/p>\n\n\n\n<p><\/p>\n\n\n\n<h4>\ud83d\uded2 <strong>Ingrediente necesare:<\/strong><\/h4>\n\n\n\n<p><\/p>\n\n\n\n<ul>\n<li>\ud83e\udd5a <strong>2 ou\u0103<\/strong><\/li>\n\n\n\n<li>\ud83c\udf6c <strong>100 g zah\u0103r<\/strong><\/li>\n\n\n\n<li>\ud83d\udee2\ufe0f <strong>50 ml ulei<\/strong><\/li>\n\n\n\n<li>\ud83e\uddc0 <strong>200 g br\u00e2nz\u0103 de vaci<\/strong><\/li>\n\n\n\n<li>\ud83c\udf4b <strong>Coaja ras\u0103 de l\u0103m\u00e2ie<\/strong> (op\u021bional, pentru extra prospe\u021bime)<\/li>\n\n\n\n<li>\ud83c\udf3e <strong>200 g f\u0103in\u0103<\/strong><\/li>\n\n\n\n<li>\ud83e\uddc2 <strong>Un praf de sare<\/strong><\/li>\n\n\n\n<li>\ud83e\udd44 <strong>1 plic praf de copt<\/strong><\/li>\n<\/ul>\n\n\n\n<p><\/p>\n\n\n\n<h4>\ud83d\udc69\u200d\ud83c\udf73 <strong>Mod de preparare pas cu pas:<\/strong><\/h4>\n\n\n\n<p><\/p>\n\n\n\n<ol>\n<li><strong>Bate ou\u0103le cu zah\u0103rul<\/strong><br>\u27a4 Folose\u0219te un tel sau mixer p\u00e2n\u0103 ob\u021bii o compozi\u021bie u\u0219or aerat\u0103.<\/li>\n\n\n\n<li><strong>Adaug\u0103 uleiul<\/strong>, amestec\u00e2nd u\u0219or.<\/li>\n\n\n\n<li><strong>Separat<\/strong>, amestec\u0103 f\u0103ina cu praful de copt \u0219i sarea.<br>\u27a4 \u00cencorporeaz\u0103 treptat acest amestec \u00een compozi\u021bia de ou\u0103.<\/li>\n\n\n\n<li><strong>Adaug\u0103 br\u00e2nza de vaci<\/strong> \u0219i coaja de l\u0103m\u00e2ie (dac\u0103 folose\u0219ti).<br>\ud83d\udd38 <em>Amestec\u0103 doar c\u00e2t s\u0103 se omogenizeze \u2013 nu exagera cu mixarea!<\/em><\/li>\n<\/ol>\n\n\n\n<p><\/p>\n\n\n\n<h4>\ud83d\udd25 <strong>Coacere:<\/strong><\/h4>\n\n\n\n<ul>\n<li>Pre\u00eenc\u0103lze\u0219te cuptorul la <strong>180\u00b0C<\/strong>.<\/li>\n\n\n\n<li>Preg\u0103te\u0219te tava pentru brio\u0219e: fie cu <strong>h\u00e2rtie special\u0103<\/strong>, fie unge cu <strong>unt<\/strong>.<\/li>\n\n\n\n<li>Umple formele p\u00e2n\u0103 la <strong>\u00be din volum<\/strong>.<\/li>\n\n\n\n<li>Coace timp de <strong>20-25 minute<\/strong>, p\u00e2n\u0103 devin aurii \u0219i trec <strong>testul scobitorii<\/strong>.<\/li>\n<\/ul>\n\n\n\n<p><\/p>\n\n\n\n<h4>\ud83c\udf7d\ufe0f <strong>Sugestii de servire:<\/strong><\/h4>\n\n\n\n<ul>\n<li>Se servesc <strong>c\u0103ldu\u021be<\/strong>, pres\u0103rate cu <strong>zah\u0103r pudr\u0103<\/strong> sau <strong>scor\u021bi\u0219oar\u0103<\/strong>.<\/li>\n\n\n\n<li>\ud83e\uded9 <strong>Se p\u0103streaz\u0103<\/strong> 2-3 zile la temperatura camerei sau p\u00e2n\u0103 la 5 zile \u00een frigider.<\/li>\n<\/ul>\n\n\n\n<p><\/p>\n\n\n\n<h4>\ud83d\udca1 <strong>Idei de varia\u021bii:<\/strong><\/h4>\n\n\n\n<ul>\n<li>\ud83c\udf6b <strong>Cu ciocolat\u0103<\/strong> \u2013 Adaug\u0103 buc\u0103\u021bele de ciocolat\u0103 sau o lingur\u0103 de cacao.<\/li>\n\n\n\n<li>\ud83c\udf53 <strong>Cu fructe<\/strong> \u2013 \u00cencearc\u0103 cu afine, zmeur\u0103 sau mere t\u0103iate cubule\u021be.<\/li>\n\n\n\n<li>\ud83c\udf30 <strong>Cu nuci<\/strong> \u2013 Presar\u0103 deasupra nuci m\u0103run\u021bite pentru un plus de textur\u0103.<\/li>\n<\/ul>\n\n\n\n<p><\/p>\n\n\n\n<h4>\u2753 <strong>\u00centreb\u0103ri frecvente:<\/strong><\/h4>\n\n\n\n<ul>\n<li><strong>Pot folosi alt\u0103 br\u00e2nz\u0103?<\/strong><br>\u27a4 Da! Ricotta sau mascarpone sunt excelente alternative.<\/li>\n\n\n\n<li><strong>Se pot congela?<\/strong><br>\u27a4 Desigur! Dup\u0103 ce se r\u0103cesc complet, le po\u021bi congela \u00een pungi sigilate, p\u00e2n\u0103 la 2 luni.<\/li>\n\n\n\n<li><strong>Uleiul poate fi \u00eenlocuit cu unt?<\/strong><br>\u27a4 Da, folose\u0219te aceea\u0219i cantitate de <strong>unt topit<\/strong> pentru o arom\u0103 mai bogat\u0103.<\/li>\n<\/ul>\n\n\n\n<p>\ud83d\udcac <strong>Aceast\u0103 re\u021bet\u0103 aduce \u00een farfurie gustul dulce \u0219i simplu al copil\u0103riei.<\/strong><br>Merit\u0103 \u00eencercat\u0103 \u0219i \u00eemp\u0103r\u021bit\u0103 cu cei dragi!<br>\ud83c\udf40 <em>Poft\u0103 bun\u0103!<\/em><\/p>\n","protected":false},"excerpt":{"rendered":"<p>Un desert rapid, cu gust autentic de cas\u0103. Se preg\u0103te\u0219te simplu \u0219i e perfect pentru mic dejun, gust\u0103ri sau chiar pachetul de \u0219coal\u0103! \ud83d\uded2 Ingrediente<\/p>\n","protected":false},"author":1,"featured_media":38863,"comment_status":"closed","ping_status":"closed","sticky":false,"template":"","format":"standard","meta":[],"categories":[1],"tags":[],"_links":{"self":[{"href":"https:\/\/calatorinromania.com\/index.php?rest_route=\/wp\/v2\/posts\/38862"}],"collection":[{"href":"https:\/\/calatorinromania.com\/index.php?rest_route=\/wp\/v2\/posts"}],"about":[{"href":"https:\/\/calatorinromania.com\/index.php?rest_route=\/wp\/v2\/types\/post"}],"author":[{"embeddable":true,"href":"https:\/\/calatorinromania.com\/index.php?rest_route=\/wp\/v2\/users\/1"}],"replies":[{"embeddable":true,"href":"https:\/\/calatorinromania.com\/index.php?rest_route=%2Fwp%2Fv2%2Fcomments&post=38862"}],"version-history":[{"count":1,"href":"https:\/\/calatorinromania.com\/index.php?rest_route=\/wp\/v2\/posts\/38862\/revisions"}],"predecessor-version":[{"id":38864,"href":"https:\/\/calatorinromania.com\/index.php?rest_route=\/wp\/v2\/posts\/38862\/revisions\/38864"}],"wp:featuredmedia":[{"embeddable":true,"href":"https:\/\/calatorinromania.com\/index.php?rest_route=\/wp\/v2\/media\/38863"}],"wp:attachment":[{"href":"https:\/\/calatorinromania.com\/index.php?rest_route=%2Fwp%2Fv2%2Fmedia&parent=38862"}],"wp:term":[{"taxonomy":"category","embeddable":true,"href":"https:\/\/calatorinromania.com\/index.php?rest_route=%2Fwp%2Fv2%2Fcategories&post=38862"},{"taxonomy":"post_tag","embeddable":true,"href":"https:\/\/calatorinromania.com\/index.php?rest_route=%2Fwp%2Fv2%2Ftags&post=38862"}],"curies":[{"name":"wp","href":"https:\/\/api.w.org\/{rel}","templated":true}]}}