{"id":38852,"date":"2025-05-01T05:48:11","date_gmt":"2025-05-01T05:48:11","guid":{"rendered":"https:\/\/calatorinromania.com\/?p=38852"},"modified":"2025-05-01T05:48:12","modified_gmt":"2025-05-01T05:48:12","slug":"cel-mai-bun-gulas-unguresc-la-ceaun-reteta-si-secretele-unui-bucatar-renumit","status":"publish","type":"post","link":"https:\/\/calatorinromania.com\/?p=38852","title":{"rendered":"Cel mai bun gula\u0219 unguresc, la ceaun: Re\u021beta \u0219i secretele unui buc\u0103tar renumit"},"content":{"rendered":"\n<h1>\ud83c\udf72 Gula\u0219ul Unguresc la Ceaun \u2013 Tradi\u021bie, Gust \u0219i Arome de Neuitat!<\/h1>\n\n\n\n<p><\/p>\n\n\n\n<p><strong>Buc\u0103t\u0103ria maghiar\u0103<\/strong> este o adev\u0103rat\u0103 explozie de gusturi \u0219i culori \u2013 intens\u0103, condimentat\u0103 \u0219i mereu surprinz\u0103toare. <\/p>\n\n\n\n<p><br>Printre cele mai iubite preparate, <strong>gula\u0219ul unguresc la ceaun<\/strong> ocup\u0103 un loc de cinste, devenind \u0219i \u00een Rom\u00e2nia o re\u021bet\u0103 foarte apreciat\u0103, mai ales \u00een zonele de influen\u021b\u0103 secuiasc\u0103.<\/p>\n\n\n\n<p><\/p>\n\n\n\n<h2>\ud83d\udccd <strong>Deliciu autentic din Miercurea Ciuc<\/strong><\/h2>\n\n\n\n<p><\/p>\n\n\n\n<p>\u00cen inima Harghitei, la Miercurea Ciuc, gula\u0219ul e mai mult dec\u00e2t o m\u00e2ncare \u2013 este o <strong>experien\u021b\u0103 cultural\u0103<\/strong>.<br>\ud83d\udc49 <strong>Pal-Pal Gy\u00f6ngyv\u00e9r<\/strong>, proprietara unui restaurant tradi\u021bional local, ne dezv\u0103luie c\u00e2teva dintre <strong>micile secrete<\/strong> care fac diferen\u021ba:<\/p>\n\n\n\n<p><\/p>\n\n\n\n<blockquote class=\"wp-block-quote\">\n<p>\u201eTotul porne\u0219te de la un <strong>ceaun mare<\/strong>, g\u0103tit \u00eencet, cu r\u0103bdare \u0219i ingrediente naturale. Asta face gustul inconfundabil.\u201d<\/p>\n\n\n\n<p><\/p>\n<\/blockquote>\n\n\n\n<h2>\ud83e\uddfe Ingrediente de baz\u0103 (f\u0103r\u0103 gramaje secrete \ud83d\ude04)<\/h2>\n\n\n\n<ul>\n<li>Pulpa de vit\u0103 \ud83e\udd69<\/li>\n\n\n\n<li>Cartofi \ud83e\udd54<\/li>\n\n\n\n<li>Ceap\u0103 &amp; usturoi \ud83e\uddc5\ud83e\uddc4<\/li>\n\n\n\n<li>Unt \ud83e\uddc8<\/li>\n\n\n\n<li>Ro\u0219ii decojite \ud83c\udf45<\/li>\n\n\n\n<li>Paprika dulce \u0219i iute \ud83c\udf36\ufe0f<\/li>\n\n\n\n<li>Sare, piper, foi de dafin, o\u021bet<\/li>\n\n\n\n<li>Ardei iute t\u0103iat<\/li>\n\n\n\n<li>1 linguri\u021b\u0103 de f\u0103in\u0103<\/li>\n\n\n\n<li>2 linguri de sm\u00e2nt\u00e2n\u0103 \ud83e\udd44<\/li>\n<\/ul>\n\n\n\n<p><\/p>\n\n\n\n<h2>\ud83d\udc69\u200d\ud83c\udf73 Pa\u0219ii de preparare<\/h2>\n\n\n\n<p>1\ufe0f\u20e3 <strong>Se rumene\u0219te carnea<\/strong> \u00een unt, apoi se adaug\u0103 ceapa \u0219i usturoiul pentru un plus de arom\u0103.<br>2\ufe0f\u20e3 Se pun condimentele: paprika, sare, dafin, o\u021bet, ro\u0219ii decojite \u0219i ap\u0103 fierbinte.<br>3\ufe0f\u20e3 Se fierbe la foc mic aprox. <strong>90 de minute<\/strong>, pentru un gust profund \u0219i carne fraged\u0103.<br>4\ufe0f\u20e3 Dup\u0103 o or\u0103, se adaug\u0103 ardeiul iute \ud83c\udf36\ufe0f<br>5\ufe0f\u20e3 La final, se pun cartofii \u0219i se \u00eengroa\u0219\u0103 cu <strong>amestecul de sm\u00e2nt\u00e2n\u0103 \u0219i f\u0103in\u0103<\/strong>.<br>\u27a1\ufe0f Rezultatul: <strong>o toc\u0103ni\u021b\u0103 picant\u0103, consistent\u0103 \u0219i savuroas\u0103<\/strong>!<\/p>\n\n\n\n<p><\/p>\n\n\n\n<p><\/p>\n\n\n\n<h2>\ud83c\udf77 Cu ce se serve\u0219te?<\/h2>\n\n\n\n<p>Un gula\u0219 reu\u0219it cere al\u0103turi:<br>\ud83d\udc49 <strong>Un pahar de vin ro\u0219u sec<\/strong> \ud83c\udf77<br>\ud83d\udc49 P\u00e2ine de cas\u0103 sau lipie<br>\ud83d\udc49 Aer liber \u0219i prieteni buni \ud83d\ude04<\/p>\n\n\n\n<h2>\u2764\ufe0f Sfaturi de la Gy\u00f6ngyv\u00e9r<\/h2>\n\n\n\n<blockquote class=\"wp-block-quote\">\n<p>\u201eRe\u021beta noastr\u0103 n-a fost schimbat\u0103 deloc \u00een 10 ani, indiferent de cine a fost la buc\u0103t\u0103rie. Iar vara\u2026 \u00eel g\u0103tim afar\u0103, la foc de lemne! Gula\u0219ul e o bucurie, chiar \u0219i pentru cei la diet\u0103 \u2013 m\u0103car o dat\u0103, trebuie gustat!\u201d<\/p>\n<\/blockquote>\n\n\n\n<p>\ud83d\udd38 \u00cen alte regiuni, gula\u0219ul se adapteaz\u0103: cu <strong>fasole<\/strong>, cu <strong>varz\u0103<\/strong> sau chiar cu <strong>t\u0103ie\u021bei de cas\u0103<\/strong>.<\/p>\n\n\n\n<h2>\ud83c\udf7d\ufe0f Concluzie:<\/h2>\n\n\n\n<p><strong>Gula\u0219ul la ceaun<\/strong> este mai mult dec\u00e2t o re\u021bet\u0103 \u2013 este <strong>povestea unei tradi\u021bii vii<\/strong>, adus\u0103 \u00een prezent cu respect \u0219i savoare. \u00cel po\u021bi preg\u0103ti acas\u0103 sau \u00eel po\u021bi savura \u00eentr-o vizit\u0103 la Miercurea Ciuc. Oricum ai alege, vei sim\u021bi gustul autentic al <strong>buc\u0103t\u0103riei maghiare<\/strong>.<\/p>\n","protected":false},"excerpt":{"rendered":"<p>\ud83c\udf72 Gula\u0219ul Unguresc la Ceaun \u2013 Tradi\u021bie, Gust \u0219i Arome de Neuitat! Buc\u0103t\u0103ria maghiar\u0103 este o adev\u0103rat\u0103 explozie de gusturi \u0219i culori \u2013 intens\u0103, condimentat\u0103<\/p>\n","protected":false},"author":1,"featured_media":38853,"comment_status":"closed","ping_status":"closed","sticky":false,"template":"","format":"standard","meta":[],"categories":[1],"tags":[],"_links":{"self":[{"href":"https:\/\/calatorinromania.com\/index.php?rest_route=\/wp\/v2\/posts\/38852"}],"collection":[{"href":"https:\/\/calatorinromania.com\/index.php?rest_route=\/wp\/v2\/posts"}],"about":[{"href":"https:\/\/calatorinromania.com\/index.php?rest_route=\/wp\/v2\/types\/post"}],"author":[{"embeddable":true,"href":"https:\/\/calatorinromania.com\/index.php?rest_route=\/wp\/v2\/users\/1"}],"replies":[{"embeddable":true,"href":"https:\/\/calatorinromania.com\/index.php?rest_route=%2Fwp%2Fv2%2Fcomments&post=38852"}],"version-history":[{"count":1,"href":"https:\/\/calatorinromania.com\/index.php?rest_route=\/wp\/v2\/posts\/38852\/revisions"}],"predecessor-version":[{"id":38854,"href":"https:\/\/calatorinromania.com\/index.php?rest_route=\/wp\/v2\/posts\/38852\/revisions\/38854"}],"wp:featuredmedia":[{"embeddable":true,"href":"https:\/\/calatorinromania.com\/index.php?rest_route=\/wp\/v2\/media\/38853"}],"wp:attachment":[{"href":"https:\/\/calatorinromania.com\/index.php?rest_route=%2Fwp%2Fv2%2Fmedia&parent=38852"}],"wp:term":[{"taxonomy":"category","embeddable":true,"href":"https:\/\/calatorinromania.com\/index.php?rest_route=%2Fwp%2Fv2%2Fcategories&post=38852"},{"taxonomy":"post_tag","embeddable":true,"href":"https:\/\/calatorinromania.com\/index.php?rest_route=%2Fwp%2Fv2%2Ftags&post=38852"}],"curies":[{"name":"wp","href":"https:\/\/api.w.org\/{rel}","templated":true}]}}