{"id":38850,"date":"2025-05-01T05:45:25","date_gmt":"2025-05-01T05:45:25","guid":{"rendered":"https:\/\/calatorinromania.com\/?p=38850"},"modified":"2025-05-01T05:45:25","modified_gmt":"2025-05-01T05:45:25","slug":"38850","status":"publish","type":"post","link":"https:\/\/calatorinromania.com\/?p=38850","title":{"rendered":""},"content":{"rendered":"\n<h1>\ud83e\udd67 <strong>Pl\u0103cint\u0103 cu Carne Tocat\u00e3 \u0219i Foi Fine \u2013 Gust Tradi\u021bional, G\u0103tit Simplu!<\/strong> \ud83c\udf7d\ufe0f<\/h1>\n\n\n\n<p>Vrei ceva <strong>s\u0103\u021bios, aromat \u0219i u\u0219or de preparat<\/strong>? \u00cencearc\u0103 aceast\u0103 <strong>pl\u0103cint\u0103 cu carne<\/strong>, perfect\u0103 pentru cin\u0103, picnic sau o mas\u0103 de weekend \u00een familie! \ud83d\udc68\u200d\ud83d\udc69\u200d\ud83d\udc67\u200d\ud83d\udc66<\/p>\n\n\n\n<p><\/p>\n\n\n\n<h2>\ud83e\uddfe Ingrediente<\/h2>\n\n\n\n<p><\/p>\n\n\n\n<p>\ud83e\udd69 <strong>Umplutur\u0103:<\/strong><\/p>\n\n\n\n<ul>\n<li>500 g carne tocat\u0103 (vit\u0103, porc sau amestec)<\/li>\n\n\n\n<li>1 ceap\u0103 mare, tocat\u0103 m\u0103runt<\/li>\n\n\n\n<li>2 linguri ulei<\/li>\n\n\n\n<li>Sare \u0219i piper dup\u0103 gust<\/li>\n\n\n\n<li>1 linguri\u021b\u0103 boia dulce<\/li>\n\n\n\n<li>\u00bd linguri\u021b\u0103 cimbru uscat (op\u021bional)<\/li>\n<\/ul>\n\n\n\n<p><\/p>\n\n\n\n<p>\ud83e\udd5a <strong>Pentru asamblare:<\/strong><\/p>\n\n\n\n<ul>\n<li>1 pachet foi de pl\u0103cint\u0103 sub\u021biri (tip yufka sau foi fine)<\/li>\n\n\n\n<li>50 g unt topit sau ulei pentru uns foile<\/li>\n<\/ul>\n\n\n\n<p><\/p>\n\n\n\n<p>\ud83e\udd5b <strong>Pentru turnat deasupra:<\/strong><\/p>\n\n\n\n<ul>\n<li>2 ou\u0103<\/li>\n\n\n\n<li>200 ml sm\u00e2nt\u00e2n\u0103 sau iaurt gras<\/li>\n\n\n\n<li>100 ml lapte<\/li>\n<\/ul>\n\n\n\n<p><\/p>\n\n\n\n<h2>\ud83d\udc69\u200d\ud83c\udf73 Mod de preparare \u2013 pas cu pas<\/h2>\n\n\n\n<p><\/p>\n\n\n\n<h3>1\ufe0f\u20e3 <strong>Prepar\u0103 umplutura:<\/strong><\/h3>\n\n\n\n<ul>\n<li>C\u0103le\u0219te ceapa \u00een ulei p\u00e2n\u0103 devine aurie \ud83e\uddc5<\/li>\n\n\n\n<li>Adaug\u0103 carnea \u0219i g\u0103te\u0219te-o p\u00e2n\u0103 \u00ee\u0219i schimb\u0103 complet culoarea \ud83e\udd69<\/li>\n\n\n\n<li>Condimenteaz\u0103 cu sare, piper, boia \u0219i cimbru \ud83c\udf3f<\/li>\n\n\n\n<li>Las\u0103 umplutura s\u0103 se r\u0103ceasc\u0103 pu\u021bin<\/li>\n<\/ul>\n\n\n\n<p><\/p>\n\n\n\n<h3>2\ufe0f\u20e3 <strong>Asambleaz\u0103 pl\u0103cinta:<\/strong><\/h3>\n\n\n\n<ul>\n<li>Unge o tav\u0103 cu unt sau ulei \ud83e\uddc8<\/li>\n\n\n\n<li>A\u0219az\u0103 2\u20133 foi unse \u00eentre ele pe fundul t\u0103vii<\/li>\n\n\n\n<li>Pune un strat de carne, apoi foi unse din nou \u2013 repet\u0103 straturile<\/li>\n\n\n\n<li>\u00cencheie cu un strat de foi unse<\/li>\n<\/ul>\n\n\n\n<p><\/p>\n\n\n\n<h3>3\ufe0f\u20e3 <strong>Preg\u0103te\u0219te sosul cremos:<\/strong><\/h3>\n\n\n\n<ul>\n<li>Bate ou\u0103le cu sm\u00e2nt\u00e2na (sau iaurtul) \u0219i laptele \ud83e\udd5a\ud83e\udd5b<\/li>\n\n\n\n<li>Toarn\u0103 amestecul peste pl\u0103cint\u0103<\/li>\n\n\n\n<li>Las\u0103 10\u201315 minute s\u0103 se \u00eenmoaie foile<\/li>\n<\/ul>\n\n\n\n<p><\/p>\n\n\n\n<h3>4\ufe0f\u20e3 <strong>Coace p\u00e2n\u0103 devine aurie:<\/strong><\/h3>\n\n\n\n<ul>\n<li>Cuptor pre\u00eenc\u0103lzit la <strong>180\u00b0C<\/strong><\/li>\n\n\n\n<li>Coace timp de <strong>35\u201345 de minute<\/strong>, p\u00e2n\u0103 se rumene\u0219te frumos \ud83d\udd25<\/li>\n<\/ul>\n\n\n\n<p><\/p>\n\n\n\n<h2>\ud83d\udca1 Sugestii extra:<\/h2>\n\n\n\n<p>\u2714\ufe0f Po\u021bi ad\u0103uga \u00een umplutur\u0103:<\/p>\n\n\n\n<ul>\n<li>ciuperci tocate \ud83c\udf44<\/li>\n\n\n\n<li>br\u00e2nz\u0103 s\u0103rat\u0103 \ud83e\uddc0<\/li>\n\n\n\n<li>p\u0103trunjel verde \ud83c\udf3f<\/li>\n<\/ul>\n\n\n\n<p>\u2714\ufe0f \u00cen locul sosului deasupra, po\u021bi doar bate un ou cu pu\u021bin\u0103 sm\u00e2nt\u00e2n\u0103 \u0219i turna cu 10 minute \u00eenainte de final \u2013 pentru o crust\u0103 aurie \u0219i cremoas\u0103.<\/p>\n\n\n\n<h2>\u2764\ufe0f O re\u021bet\u0103 iubit\u0103 de \u00eentreaga familie<\/h2>\n\n\n\n<p>Aceast\u0103 pl\u0103cint\u0103 <strong>te cucere\u0219te de la prima \u00eembuc\u0103tur\u0103!<\/strong> Se serve\u0219te cald\u0103 sau rece, cu salat\u0103 sau iaurt, \u0219i dispare imediat de pe mas\u0103! \ud83d\ude0b<\/p>\n","protected":false},"excerpt":{"rendered":"<p>\ud83e\udd67 Pl\u0103cint\u0103 cu Carne Tocat\u00e3 \u0219i Foi Fine \u2013 Gust Tradi\u021bional, G\u0103tit Simplu! \ud83c\udf7d\ufe0f Vrei ceva s\u0103\u021bios, aromat \u0219i u\u0219or de preparat? \u00cencearc\u0103 aceast\u0103 pl\u0103cint\u0103<\/p>\n","protected":false},"author":1,"featured_media":38656,"comment_status":"closed","ping_status":"closed","sticky":false,"template":"","format":"standard","meta":[],"categories":[1],"tags":[],"_links":{"self":[{"href":"https:\/\/calatorinromania.com\/index.php?rest_route=\/wp\/v2\/posts\/38850"}],"collection":[{"href":"https:\/\/calatorinromania.com\/index.php?rest_route=\/wp\/v2\/posts"}],"about":[{"href":"https:\/\/calatorinromania.com\/index.php?rest_route=\/wp\/v2\/types\/post"}],"author":[{"embeddable":true,"href":"https:\/\/calatorinromania.com\/index.php?rest_route=\/wp\/v2\/users\/1"}],"replies":[{"embeddable":true,"href":"https:\/\/calatorinromania.com\/index.php?rest_route=%2Fwp%2Fv2%2Fcomments&post=38850"}],"version-history":[{"count":1,"href":"https:\/\/calatorinromania.com\/index.php?rest_route=\/wp\/v2\/posts\/38850\/revisions"}],"predecessor-version":[{"id":38851,"href":"https:\/\/calatorinromania.com\/index.php?rest_route=\/wp\/v2\/posts\/38850\/revisions\/38851"}],"wp:featuredmedia":[{"embeddable":true,"href":"https:\/\/calatorinromania.com\/index.php?rest_route=\/wp\/v2\/media\/38656"}],"wp:attachment":[{"href":"https:\/\/calatorinromania.com\/index.php?rest_route=%2Fwp%2Fv2%2Fmedia&parent=38850"}],"wp:term":[{"taxonomy":"category","embeddable":true,"href":"https:\/\/calatorinromania.com\/index.php?rest_route=%2Fwp%2Fv2%2Fcategories&post=38850"},{"taxonomy":"post_tag","embeddable":true,"href":"https:\/\/calatorinromania.com\/index.php?rest_route=%2Fwp%2Fv2%2Ftags&post=38850"}],"curies":[{"name":"wp","href":"https:\/\/api.w.org\/{rel}","templated":true}]}}