{"id":38846,"date":"2025-05-01T05:18:55","date_gmt":"2025-05-01T05:18:55","guid":{"rendered":"https:\/\/calatorinromania.com\/?p=38846"},"modified":"2025-05-01T05:18:55","modified_gmt":"2025-05-01T05:18:55","slug":"clara-tacea-vantul-legana-usor-usa-de-parca-o-impingea-sa-ia-o-decizie","status":"publish","type":"post","link":"https:\/\/calatorinromania.com\/?p=38846","title":{"rendered":"Clara t\u0103cea. V\u00e2ntul leg\u0103na u\u0219or u\u0219a, de parc\u0103 o \u00eempingea s\u0103 ia o decizie."},"content":{"rendered":"\n<p>Clara t\u0103cea. V\u00e2ntul leg\u0103na u\u0219or u\u0219a, de parc\u0103 o \u00eempingea s\u0103 ia o decizie.<\/p>\n\n\n\n<p>Oliver st\u0103tea \u00een prag, pierdut \u0219i dezorientat. Ochii s\u0103i, odinioar\u0103 plini de m\u00e2ndrie, acum implorau iertare.<\/p>\n\n\n\n<p>Dar Clara nu mai era femeia care alt\u0103dat\u0103 cer\u0219ea iubire.<\/p>\n\n\n\n<p>Inspir\u0103 ad\u00e2nc, adun\u00e2nd \u00een sine toate durerile acestor trei ani.<\/p>\n\n\n\n<p>\u2014 Oliver, \u2014 spuse ea \u00eencet. \u2014 Mai \u00eent\u00e2i ai ales un vis str\u0103in \u00een locul familiei tale. Acum vrei s\u0103 te \u00eentorci \u00een via\u021ba pe care singur ai distrus-o? Ce te face s\u0103 crezi c\u0103 ai dreptul?<\/p>\n\n\n\n<p>El nu r\u0103spunse. Doar o privea, ca un om \u00eenecat care vede colacul de salvare la orizont.<\/p>\n\n\n\n<p>Clara continu\u0103:<\/p>\n\n\n\n<p>\u2014 Nu \u0219tii prin ce am trecut. Ai plecat \u00een cel mai greu moment. Nu ai luat doar prezen\u021ba ta \u2014 ai luat cu tine \u0219i \u00eencrederea mea, credin\u021ba \u00een iubire, credin\u021ba \u00een oameni.<br>Am \u00eenv\u0103\u021bat s\u0103 m\u0103 adun din buc\u0103\u021bi. Am \u00eenv\u0103\u021bat s\u0103 respir f\u0103r\u0103 tine.<\/p>\n\n\n\n<p>F\u0103cu un pas \u00eenapoi, de parc\u0103 ridica un zid invizibil \u00eentre ei.<\/p>\n\n\n\n<p>\u2014 Vrei s\u0103 recuperezi ceea ce tu \u00eensu\u021bi ai distrus. Dar eu nu mai sunt Clara pe care ai p\u0103r\u0103sit-o.<\/p>\n\n\n\n<p>Oliver \u00ee\u0219i cobor\u00ee privirea, str\u00e2ng\u00e2nd pumnii.<\/p>\n\n\n\n<p>\u2014 \u00cen\u021beleg. Dar totu\u0219i te rog&#8230; D\u0103-mi o \u0219ans\u0103. Oric\u00e2t de mic\u0103. Am s\u0103 \u00ee\u021bi demonstrez c\u0103 m-am schimbat.<\/p>\n\n\n\n<p>Clara z\u00e2mbi u\u0219or. Aceast\u0103 cerere, odinioar\u0103, i-ar fi fr\u00e2nt sufletul. Dar acum sim\u021bea doar o triste\u021be lini\u0219tit\u0103.<\/p>\n\n\n\n<p>\u2014 S\u0103 demonstrezi? \u2014 vocea ei era surprinz\u0103tor de bl\u00e2nd\u0103. \u2014 \u0218tii ce am \u00eenv\u0103\u021bat \u00een ace\u0219ti ani?<br>Oamenii se schimb\u0103 rar. Circumstan\u021bele se schimb\u0103. Nevoile se schimb\u0103. Dar caracterul \u2014 aproape niciodat\u0103.<\/p>\n\n\n\n<p>\u00ce\u0219i \u00eenclin\u0103 u\u0219or capul.<\/p>\n\n\n\n<p>\u2014 Poate c\u0103 te-ai schimbat. Poate c\u0103 via\u021ba \u021bi-a predat lec\u021bia pe care eu am \u00eencercat s\u0103 \u021bi-o explic ani \u00eentregi.<br>Dar nu sunt obligat\u0103 s\u0103 m\u0103 \u00eenv\u0103\u021b din nou s\u0103 am \u00eencredere. Nu sunt obligat\u0103 s\u0103 suf\u0103r din nou.<\/p>\n\n\n\n<p>\u00cel privi direct \u00een ochi:<\/p>\n\n\n\n<p>\u2014 Eu am ales pe mine \u00eens\u0103mi.<\/p>\n\n\n\n<p>\u0218i, \u00eencet, cu calm, \u00eenchise u\u0219a.<\/p>\n\n\n\n<p>Pentru c\u00e2teva clipe Clara st\u0103tu nemi\u0219cat\u0103, sprijinindu-\u0219i fruntea de lemnul rece.<\/p>\n\n\n\n<p>Dincolo de u\u0219\u0103, pa\u0219ii lui Oliver se auzir\u0103 pe podea. Grei, ap\u0103sa\u021bi. \u0218i apoi, lini\u0219te.<\/p>\n\n\n\n<p>Plecase.<\/p>\n\n\n\n<p>\u0218i odat\u0103 cu el, disp\u0103ruse \u0219i ultima umbr\u0103 a trecutului.<\/p>\n\n\n\n<p>Au trecut c\u00e2teva luni.<\/p>\n\n\n\n<p>Clara s-a dedicat complet muncii. \u0218i-a deschis un mic atelier \u2014 un vis pe care \u00eel abandonase c\u00e2ndva pentru familie.<br>\u021aes\u0103turi, fire, schi\u021be \u2014 zilele ei erau pline de via\u021b\u0103 \u0219i de sens.<\/p>\n\n\n\n<p>\u00centr-o sear\u0103, \u00een timp ce completa registrul de comenzi, auzi clopo\u021belul de la u\u0219\u0103.<\/p>\n\n\n\n<p>\u00cen prag st\u0103tea un b\u0103rbat cu o feti\u021b\u0103 de vreo opt ani. Feti\u021ba r\u00e2dea \u021bin\u00e2nd \u00een bra\u021be o p\u0103pu\u0219\u0103 ponosit\u0103.<\/p>\n\n\n\n<p>\u2014 Bun\u0103 seara, \u2014 z\u00e2mbi b\u0103rbatul. \u2014 Avem nevoie de o rochi\u021b\u0103 nou\u0103 pentru aceast\u0103 domni\u0219oar\u0103. Feti\u021ba mea nu se desparte de p\u0103pu\u0219a ei.<\/p>\n\n\n\n<p>Clara z\u00e2mbi la r\u00e2ndul ei.<\/p>\n\n\n\n<p>B\u0103rbatul era \u00eenalt, cu un z\u00e2mbet cald \u0219i o privire deschis\u0103.<\/p>\n\n\n\n<p>\u2014 Bine\u00een\u021beles, \u2014 spuse Clara. \u2014 Intra\u021bi, v\u0103 rog.<\/p>\n\n\n\n<p>Cur\u00e2nd, ei deveniser\u0103 clien\u021bi fideli.<br>B\u0103rbatul se numea Alexandru, iar feti\u021ba \u2014 Lili.<\/p>\n\n\n\n<p>S\u0103pt\u0103m\u00e2n\u0103 de s\u0103pt\u0103m\u00e2n\u0103, veneau la atelier. Uneori pentru rochi\u021be noi, alteori doar s\u0103 stea de vorb\u0103.<\/p>\n\n\n\n<p>Clara descoperi c\u0103 z\u00e2mbea din nou, sincer, nu doar din amabilitate.<\/p>\n\n\n\n<p>\u00centr-o zi, Alexandru \u00eent\u00e2rzie pu\u021bin mai mult dec\u00e2t de obicei.<\/p>\n\n\n\n<p>Lili se juca l\u00e2ng\u0103 vitrin\u0103, iar el se apropie timid de tejghea.<\/p>\n\n\n\n<p>\u2014 Clara, \u2014 spuse el, \u2014 pot s\u0103 te \u00eentreb ceva?<\/p>\n\n\n\n<p>\u2014 Desigur.<\/p>\n\n\n\n<p>\u2014 Te-ai g\u00e2ndit vreodat\u0103 s\u0103 \u00eencepi din nou?<\/p>\n\n\n\n<p>Clara respir\u0103 ad\u00e2nc. Undeva \u00een\u0103untru, sim\u021bi un fior de team\u0103 \u2014 teama de a-\u0219i deschide din nou inima.<\/p>\n\n\n\n<p>Dar \u0219tia: frica nu este un motiv s\u0103-\u021bi opre\u0219ti via\u021ba.<\/p>\n\n\n\n<p>\u00cel privi pe Alexandru, pe Lili, care r\u00e2dea l\u00e2ng\u0103 vitrin\u0103.<\/p>\n\n\n\n<p>\u0218i spuse:<\/p>\n\n\n\n<p>\u2014 Da. Cred c\u0103 un nou \u00eenceput \u00eencepe chiar acum.<\/p>\n\n\n\n<p>Au mai trecut c\u00e2teva luni.<\/p>\n\n\n\n<p>Atelierul Clarei era plin de via\u021b\u0103. \u021aes\u0103turi colorate, schi\u021be \u0219i r\u00e2sete.<\/p>\n\n\n\n<p>Pe raftul cu albume st\u0103tea o ram\u0103 foto: Clara, Alexandru \u0219i Lili, z\u00e2mbind larg pe malul unui lac.<\/p>\n\n\n\n<p>F\u0103ceau des excursii \u00eempreun\u0103, organizau picnicuri, construiau zmeie.<\/p>\n\n\n\n<p>Clara nu se mai temea de viitor.<\/p>\n\n\n\n<p>Pentru c\u0103 \u0219tia: iubirea adev\u0103rat\u0103 nu tr\u0103ie\u0219te \u00een trecut. Ea se construie\u0219te aici \u0219i acum.<\/p>\n\n\n\n<p>Cu cei care te aleg \u00een fiecare zi. F\u0103r\u0103 condi\u021bii. F\u0103r\u0103 regrete.<\/p>\n","protected":false},"excerpt":{"rendered":"<p>Clara t\u0103cea. V\u00e2ntul leg\u0103na u\u0219or u\u0219a, de parc\u0103 o \u00eempingea s\u0103 ia o decizie. Oliver st\u0103tea \u00een prag, pierdut \u0219i dezorientat. Ochii s\u0103i, odinioar\u0103 plini<\/p>\n","protected":false},"author":1,"featured_media":38656,"comment_status":"closed","ping_status":"closed","sticky":false,"template":"","format":"standard","meta":[],"categories":[1],"tags":[],"_links":{"self":[{"href":"https:\/\/calatorinromania.com\/index.php?rest_route=\/wp\/v2\/posts\/38846"}],"collection":[{"href":"https:\/\/calatorinromania.com\/index.php?rest_route=\/wp\/v2\/posts"}],"about":[{"href":"https:\/\/calatorinromania.com\/index.php?rest_route=\/wp\/v2\/types\/post"}],"author":[{"embeddable":true,"href":"https:\/\/calatorinromania.com\/index.php?rest_route=\/wp\/v2\/users\/1"}],"replies":[{"embeddable":true,"href":"https:\/\/calatorinromania.com\/index.php?rest_route=%2Fwp%2Fv2%2Fcomments&post=38846"}],"version-history":[{"count":1,"href":"https:\/\/calatorinromania.com\/index.php?rest_route=\/wp\/v2\/posts\/38846\/revisions"}],"predecessor-version":[{"id":38847,"href":"https:\/\/calatorinromania.com\/index.php?rest_route=\/wp\/v2\/posts\/38846\/revisions\/38847"}],"wp:featuredmedia":[{"embeddable":true,"href":"https:\/\/calatorinromania.com\/index.php?rest_route=\/wp\/v2\/media\/38656"}],"wp:attachment":[{"href":"https:\/\/calatorinromania.com\/index.php?rest_route=%2Fwp%2Fv2%2Fmedia&parent=38846"}],"wp:term":[{"taxonomy":"category","embeddable":true,"href":"https:\/\/calatorinromania.com\/index.php?rest_route=%2Fwp%2Fv2%2Fcategories&post=38846"},{"taxonomy":"post_tag","embeddable":true,"href":"https:\/\/calatorinromania.com\/index.php?rest_route=%2Fwp%2Fv2%2Ftags&post=38846"}],"curies":[{"name":"wp","href":"https:\/\/api.w.org\/{rel}","templated":true}]}}