{"id":38833,"date":"2025-05-01T04:50:20","date_gmt":"2025-05-01T04:50:20","guid":{"rendered":"https:\/\/calatorinromania.com\/?p=38833"},"modified":"2025-05-01T04:50:21","modified_gmt":"2025-05-01T04:50:21","slug":"tati-nu-te-casatori-cu-ea-ai-deja-o-sotie","status":"publish","type":"post","link":"https:\/\/calatorinromania.com\/?p=38833","title":{"rendered":"TATI, NU TE C\u0102S\u0102TORI CU EA. AI DEJA O SO\u021aIE"},"content":{"rendered":"\n<h3>DISCLAIMER: Acest site este neutru din punct de vedere politic \u0219i nu sus\u021bine niciun partid sau ideologie politic\u0103.<\/h3>\n\n\n\n<p>Ziua nun\u021bii noastre p\u0103rea perfect\u0103. Fiica de patru ani a lui Ioan, Maria, aducea \u0219i mai mult\u0103 bucurie evenimentului. S\u0103 devin mam\u0103 vitreg\u0103 la treizeci de ani nu era ceva ce anticipasem, dar Maria \u0219i cu mine am legat o rela\u021bie imediat. Era \u00eenc\u00e2nt\u0103toare\u2014curioas\u0103, plin\u0103 de energie \u0219i incredibil de dulce. C\u00e2nd Ioan m-a cerut \u00een c\u0103s\u0103torie, nu a existat niciun moment de \u00eendoial\u0103\u2014am spus da f\u0103r\u0103 s\u0103 stau pe g\u00e2nduri.<\/p>\n\n\n\n<p>Ceremonia decurgea lin p\u00e2n\u0103 c\u00e2nd oficiantul a \u00eentrebat, \u201cDac\u0103 cineva se opune acestei uniuni, s\u0103 vorbeasc\u0103 acum sau s\u0103 tac\u0103 pentru totdeauna.\u201d<br>Atunci Maria s-a ridicat \u00een picioare, vocea ei micu\u021b\u0103 str\u0103pung\u00e2nd \u00eenc\u0103perea, \u201cTATI, NU TE C\u0102S\u0102TORI CU EA. AI DEJA O SO\u021aIE.\u201d<\/p>\n\n\n\n<p>Camera p\u0103rea c\u0103 \u00eenghe\u021base. Inima \u00eemi b\u0103tea cu putere \u00een piept. O so\u021bie? M-am \u00eentors spre Ioan, a\u0219tept\u00e2nd un chicotit sau un fel de explica\u021bie. Dar \u00een schimb, fa\u021ba lui a devenit palid\u0103, \u0219i st\u0103tea acolo, complet f\u0103r\u0103 cuvinte.<\/p>\n\n\n\n<p>M-am a\u0219ezat la nivelul Mariei, \u00eencerc\u00e2nd s\u0103 r\u0103m\u00e2n calm\u0103. \u201cDraga mea,\u201d am \u00eentrebat-o bl\u00e2nd, \u201cde ce ai spune asta? Cu cine altcineva este tati c\u0103s\u0103torit?\u201d<br>Ea a ar\u0103tat spre fereastr\u0103 \u0219i a spus, \u201cCu ea.\u201d<\/p>\n\n\n\n<p>Am urm\u0103rit direc\u021bia degetului ei, cu stomacul f\u0103cut ghem. \u00cen afara ferestrei st\u0103tea o femeie, f\u0103c\u00e2ndu-ne cu m\u00e2na.<\/p>\n\n\n\n<p>CONTINUAREA\u00a0<\/p>\n\n\n\n<p>\u00cen acel moment, timpul p\u0103ru s\u0103 se opreasc\u0103. Femeia de afar\u0103 purta o rochie simpl\u0103 de var\u0103 \u0219i ne z\u00e2mbea. Nu era amenin\u021b\u0103toare, dar prezen\u021ba ei era ca o lovitur\u0103 de cu\u021bit. M-am ridicat \u00eencet, sim\u021bind cum to\u021bi ochii din sal\u0103 oscilau \u00eentre mine, Ioan \u0219i femeia misterioas\u0103.<\/p>\n\n\n\n<p>\u201eIoan?\u201d am \u0219optit, numele lui p\u0103r\u00e2nd str\u0103in pe buzele mele.<\/p>\n\n\n\n<p>El a \u00eenchis ochii pentru o secund\u0103, respir\u00e2nd ad\u00e2nc. C\u00e2nd i-a deschis, am v\u0103zut o durere profund\u0103 \u00een ei.<\/p>\n\n\n\n<p>\u201eAndreea,\u201d a \u00eenceput el, folosindu-mi numele pentru prima dat\u0103 \u00een ultimele minute care p\u0103reau o eternitate, \u201enu e ce crezi.\u201d<\/p>\n\n\n\n<p>Un murmur a \u00eenceput s\u0103 se r\u0103sp\u00e2ndeasc\u0103 printre invita\u021bi. Mama mea s-a ridicat, preg\u0103tit\u0103 s\u0103 intervin\u0103, dar i-am f\u0103cut semn s\u0103 r\u0103m\u00e2n\u0103 pe loc.<\/p>\n\n\n\n<p>\u201eAtunci ce este, Ioan? Cine e femeia aia?\u201d<\/p>\n\n\n\n<p>Maria a s\u0103rit \u00een bra\u021bele tat\u0103lui ei. \u201eE mama Laura! Ai spus c\u0103 e secretul nostru, tati.\u201d<\/p>\n\n\n\n<p>Sim\u021beam cum p\u0103m\u00e2ntul se clatin\u0103 sub picioarele mele. Laura? Nume pe care \u00eel auzisem \u00een conversa\u021bii, mereu \u00een treac\u0103t. Fosta so\u021bie care murise \u00eentr-un accident de ma\u0219in\u0103 cu trei ani \u00een urm\u0103. Cel pu\u021bin asta fusese povestea.<\/p>\n\n\n\n<p>Brusc, femeia de afar\u0103 a disp\u0103rut din cadrul ferestrei. C\u00e2teva secunde mai t\u00e2rziu, u\u0219ile bisericii s-au deschis, \u0219i ea a intrat. Toat\u0103 lumea s-a \u00eentors. P\u0103rea la fel de speriat\u0103 ca mine.<\/p>\n\n\n\n<p>\u201e\u00cemi pare r\u0103u pentru \u00eentrerupere,\u201d a spus ea, cu o voce surprinz\u0103tor de cald\u0103. \u201eN-am vrut s\u0103 stric ceremonia. Am venit doar s\u0103 o v\u0103d pe Maria.\u201d<\/p>\n\n\n\n<p>M-am \u00eentors c\u0103tre Ioan, care \u021binea acum ferm m\u00e2na Mariei.<\/p>\n\n\n\n<p>\u201eAndreea, ea este Laura. Fosta mea so\u021bie.\u201d A f\u0103cut o pauz\u0103, c\u0103ut\u00e2nd cuvintele potrivite. \u201eNu am fost niciodat\u0103 c\u0103s\u0103tori\u021bi legal. Dar pentru Maria\u2026 ea este mama ei.\u201d<\/p>\n\n\n\n<p>Laura a f\u0103cut un pas \u00eenainte. \u201eIoan \u00ee\u021bi datoreaz\u0103 mai multe explica\u021bii dec\u00e2t pot eu oferi. Dar vreau s\u0103 \u0219tii c\u0103 nu am venit s\u0103 v\u0103 stric ziua. Am fost plecat\u0103 din \u021bar\u0103 trei ani. \u00cen Spania. Am aflat despre nunt\u0103 de la p\u0103rin\u021bii mei \u0219i am vrut doar s\u0103-mi v\u0103d fiica.\u201d<\/p>\n\n\n\n<p>Am sim\u021bit o confuzie ame\u021bitoare. \u201eAi spus c\u0103 a murit,\u201d i-am \u0219optit lui Ioan.<\/p>\n\n\n\n<p>\u201eNu, am spus c\u0103 ne-a p\u0103r\u0103sit. Tu ai presupus\u2026\u201d Vocea lui s-a stins.<\/p>\n\n\n\n<p>Oficiantul, evident st\u00e2njenit, a \u00eencercat s\u0103 salveze situa\u021bia. \u201ePoate ar trebui s\u0103 lu\u0103m o scurt\u0103 pauz\u0103.\u201d<\/p>\n\n\n\n<p>Am dat din cap, apoi m-am \u00eendreptat spre sacristie, sim\u021bind privirile tuturor arz\u00e2ndu-mi spatele. Ioan m-a urmat, dup\u0103 ce i-a \u0219optit ceva Mariei, care a r\u0103mas cu Laura.<\/p>\n\n\n\n<p>\u00cen sacristie, am izbucnit. \u201eCe naiba se \u00eent\u00e2mpl\u0103, Ioan? Cine e femeia asta? De ce \u00eei spune Maria \u2018mama\u2019? \u0218i de ce naiba mi-ai spus c\u0103 e moart\u0103?\u201d<\/p>\n\n\n\n<p>\u201eNu \u021bi-am spus niciodat\u0103 c\u0103 a murit, Andreea,\u201d a r\u0103spuns el, frec\u00e2ndu-\u0219i t\u00e2mplele. \u201e\u021ai-am spus c\u0103 ne-a p\u0103r\u0103sit c\u00e2nd Maria avea un an. C\u0103 a plecat s\u0103-\u0219i g\u0103seasc\u0103 fericirea \u00een alt\u0103 parte. Tu ai presupus c\u0103 a murit, \u0219i eu\u2026 eu n-am corectat presupunerea ta.\u201d<\/p>\n\n\n\n<p>\u201eDe ce?\u201d am \u00eentrebat, vocea fiindu-mi aproape un strig\u0103t. \u201eDe ce ai permite o asemenea confuzie?\u201d<\/p>\n\n\n\n<p>\u201ePentru c\u0103 era mai u\u0219or! Pentru c\u0103 vedeam cum te apropiai de Maria, cum o iubeai ca \u0219i cum ar fi fost a ta. Dac\u0103 ai fi \u0219tiut c\u0103 mama ei e undeva \u00een lume, poate nu ai fi\u2026\u201d<\/p>\n\n\n\n<p>\u201eNu ai fi avut \u00eencredere \u00een mine s\u0103 pot face fa\u021b\u0103 situa\u021biei?\u201d am completat, sim\u021bindu-m\u0103 tr\u0103dat\u0103. \u201eAi crezut c\u0103 nu pot iubi un copil \u0219tiind c\u0103 mama ei biologic\u0103 ar putea reveni \u00een via\u021ba ei?\u201d<\/p>\n\n\n\n<p>Ioan a dat din umeri neputincios. \u201eLaura ne-a p\u0103r\u0103sit f\u0103r\u0103 explica\u021bii. Nu mi-a spus niciodat\u0103 de ce. A sunat ocazional s\u0103 vorbeasc\u0103 cu Maria \u00een primii doi ani, apoi contactul a devenit tot mai rar. Acum \u0219ase luni, p\u0103rin\u021bii ei mi-au spus c\u0103 s-a \u00eentors \u00een Spania \u0219i c\u0103 vrea s\u0103-\u0219i revad\u0103 fiica.\u201d<\/p>\n\n\n\n<p>\u201e\u0218i de ce Maria a spus c\u0103 Laura e \u2018secretul vostru\u2019?\u201d<\/p>\n\n\n\n<p>Fa\u021ba lui Ioan s-a contractat de vinov\u0103\u021bie. \u201ePentru c\u0103\u2026 pentru c\u0103 Laura a \u00eenceput s\u0103 vin\u0103 \u00een parc s\u0103pt\u0103m\u00e2na trecut\u0103, s\u0103 o vad\u0103 pe Maria. I-am spus Mariei s\u0103 nu-\u021bi povesteasc\u0103, pentru c\u0103 voiam s\u0103-\u021bi spun eu, dup\u0103 nunt\u0103. A fost o gre\u0219eal\u0103 teribil\u0103.\u201d<\/p>\n\n\n\n<p>Am sim\u021bit cum furia, confuzia \u0219i durerea se amestecau \u00eentr-un v\u00e2rtej emo\u021bional. Dar undeva, \u00een mijlocul acestui haos, am sim\u021bit \u0219i o f\u0103r\u00e2m\u0103 de \u00een\u021belegere. Nu pentru minciuna lui Ioan, ci pentru situa\u021bia imposibil\u0103 \u00een care ne aflam to\u021bi.<\/p>\n\n\n\n<p>\u201eTrebuie s\u0103 vorbesc cu ea,\u201d am spus, surprinz\u00e2ndu-m\u0103 chiar \u0219i pe mine.<\/p>\n\n\n\n<p>\u201eCu Laura? Acum?\u201d<\/p>\n\n\n\n<p>\u201eDa, acum. \u00cenainte de a decide ce facem cu\u2026 toate astea.\u201d<\/p>\n\n\n\n<p>Am ie\u0219it \u00eempreun\u0103 din sacristie. Laura st\u0103tea \u00eentr-un col\u021b, cu Maria pe genunchi, ar\u0103t\u00e2ndu-i ceva pe telefonul ei. C\u00e2nd ne-a v\u0103zut, s-a ridicat, pun\u00e2nd-o pe Maria jos cu grij\u0103.<\/p>\n\n\n\n<p>\u201ePutem vorbi?\u201d am \u00eentrebat, merg\u00e2nd spre ea.<\/p>\n\n\n\n<p>Ea a dat din cap, urm\u00e2ndu-m\u0103 \u00eentr-un col\u021b lini\u0219tit al bisericii.<\/p>\n\n\n\n<p>\u201eDe ce acum?\u201d am \u00eentrebat direct. \u201eDe ce te-ai \u00eentors acum?\u201d<\/p>\n\n\n\n<p>Laura \u0219i-a \u00eempletit degetele, nervos. \u201eAm plecat pentru c\u0103 eram foarte t\u00e2n\u0103r\u0103 c\u00e2nd am avut-o pe Maria. M-am sim\u021bit prins\u0103 \u00eentr-o via\u021b\u0103 pe care nu mi-o doream \u00eenc\u0103. Dar \u00een ultimii ani\u2026 am crescut. Am realizat gre\u0219eala pe care am f\u0103cut-o.\u201d<\/p>\n\n\n\n<p>\u201e\u0218i acum vrei s\u0103 te \u00eentorci \u00een via\u021ba lor?\u201d<\/p>\n\n\n\n<p>\u201eNu vreau s\u0103 perturb nimic,\u201d a r\u0103spuns ea, surprinz\u0103tor de sincer\u0103. \u201eV\u0103d cum te prive\u0219te Maria. Te iube\u0219te. Nu am venit s\u0103-\u021bi iau locul. Vreau doar s\u0103 fiu parte din via\u021ba ei, \u00een orice fel e posibil.\u201d<\/p>\n\n\n\n<p>Am privit-o lung, \u00eencerc\u00e2nd s\u0103-mi dau seama dac\u0103 era sincer\u0103. Ceva \u00een ochii ei mi-a spus c\u0103 spunea adev\u0103rul.<\/p>\n\n\n\n<p>\u201eIoan ar fi trebuit s\u0103 fie sincer cu mine,\u201d am spus, mai mult pentru mine. \u201eDar \u00een\u021beleg de ce nu a fost. Frica face oamenii s\u0103 ia decizii proaste.\u201d<\/p>\n\n\n\n<p>Laura a dat din cap. \u201eEl te iube\u0219te. Asta e evident pentru oricine v\u0103 prive\u0219te. \u0218i iube\u0219te enorm pe Maria. Nu vreau s\u0103 distrug asta.\u201d<\/p>\n\n\n\n<p>Cu aceste cuvinte, o parte din furia mea s-a topit, l\u0103s\u00e2nd loc unei clarit\u0103\u021bi surprinz\u0103toare.<\/p>\n\n\n\n<p>M-am \u00eentors la altar, unde Ioan st\u0103tea, a\u0219tept\u00e2nd cu team\u0103 verdictul. Maria st\u0103tea l\u00e2ng\u0103 el, \u021bin\u00e2ndu-l de m\u00e2n\u0103, privind confuz\u0103 la toat\u0103 situa\u021bia.<\/p>\n\n\n\n<p>\u201e\u00cenc\u0103 vreau s\u0103 m\u0103 c\u0103s\u0103toresc cu tine,\u201d am spus, destul de tare \u00eenc\u00e2t s\u0103 aud\u0103 toat\u0103 lumea. \u201eDar avem multe de discutat dup\u0103 ceremonie.\u201d<\/p>\n\n\n\n<p>Un val de u\u0219urare a trecut peste fa\u021ba lui Ioan.<\/p>\n\n\n\n<p>\u201e\u0218i Laura?\u201d a \u00eentrebat el \u00eencet.<\/p>\n\n\n\n<p>M-am uitat spre ea, apoi la Maria. \u201eLaura va fi \u00eentotdeauna mama Mariei. \u0218i dac\u0103 vrea s\u0103 fie parte din via\u021ba ei, vom g\u0103si o cale s\u0103 facem asta func\u021bional. To\u021bi trei. Pentru Maria.\u201d<\/p>\n\n\n\n<p>Maria a z\u00e2mbit, alerg\u00e2nd spre mine \u0219i \u00eembr\u0103\u021bi\u0219\u00e2ndu-mi picioarele. \u201e\u00censeamn\u0103 c\u0103 pot avea dou\u0103 mame? Ca Luca de la gr\u0103dini\u021b\u0103?\u201d<\/p>\n\n\n\n<p>Am ridicat-o \u00een bra\u021be, sim\u021bind un nod \u00een g\u00e2t. \u201eDa, drag\u0103. Po\u021bi avea dou\u0103 mame.\u201d<\/p>\n\n\n\n<p>Ceremonia a continuat, de data aceasta cu Laura st\u00e2nd discret \u00een ultimul r\u00e2nd. C\u00e2nd am rostit jur\u0103mintele, am ad\u0103ugat unul special pentru Maria, promi\u021b\u00e2nd s\u0103 o iubesc \u0219i s\u0103 o protejez mereu, recunosc\u00e2nd \u00een acela\u0219i timp leg\u0103tura ei special\u0103 cu mama ei biologic\u0103.<\/p>\n\n\n\n<p>Nu a fost nunta perfect\u0103 pe care mi-o imaginasem. A fost complicat\u0103, emo\u021bional\u0103 \u0219i plin\u0103 de surprize. Dar \u00eentr-un fel ciudat, a fost mai autentic\u0103 dec\u00e2t orice ceremonie perfect\u0103 ar fi putut fi. Pentru c\u0103 asta e via\u021ba real\u0103 \u2013 imperfect\u0103, complicat\u0103, dar \u00een cele din urm\u0103, plin\u0103 de posibilit\u0103\u021bi pentru iertare, iubire \u0219i cre\u0219tere.<\/p>\n\n\n\n<p>\u0218i undeva, \u00een mijlocul acestui haos, am realizat c\u0103 familia pe care o construiam nu era cea pe care o planificasem \u2013 era mai mare, mai complex\u0103 \u0219i, poate, chiar mai frumoas\u0103 \u00een autenticitatea ei.<\/p>\n\n\n\n<p>Dac\u0103 \u021bi-a pl\u0103cut povestea, nu uita s\u0103 o distribui cu prietenii t\u0103i! \u00cempreun\u0103 putem duce mai departe emo\u021bia \u0219i inspira\u021bia.<\/p>\n","protected":false},"excerpt":{"rendered":"<p>DISCLAIMER: Acest site este neutru din punct de vedere politic \u0219i nu sus\u021bine niciun partid sau ideologie politic\u0103. Ziua nun\u021bii noastre p\u0103rea perfect\u0103. Fiica de<\/p>\n","protected":false},"author":1,"featured_media":38656,"comment_status":"closed","ping_status":"closed","sticky":false,"template":"","format":"standard","meta":[],"categories":[1],"tags":[],"_links":{"self":[{"href":"https:\/\/calatorinromania.com\/index.php?rest_route=\/wp\/v2\/posts\/38833"}],"collection":[{"href":"https:\/\/calatorinromania.com\/index.php?rest_route=\/wp\/v2\/posts"}],"about":[{"href":"https:\/\/calatorinromania.com\/index.php?rest_route=\/wp\/v2\/types\/post"}],"author":[{"embeddable":true,"href":"https:\/\/calatorinromania.com\/index.php?rest_route=\/wp\/v2\/users\/1"}],"replies":[{"embeddable":true,"href":"https:\/\/calatorinromania.com\/index.php?rest_route=%2Fwp%2Fv2%2Fcomments&post=38833"}],"version-history":[{"count":1,"href":"https:\/\/calatorinromania.com\/index.php?rest_route=\/wp\/v2\/posts\/38833\/revisions"}],"predecessor-version":[{"id":38834,"href":"https:\/\/calatorinromania.com\/index.php?rest_route=\/wp\/v2\/posts\/38833\/revisions\/38834"}],"wp:featuredmedia":[{"embeddable":true,"href":"https:\/\/calatorinromania.com\/index.php?rest_route=\/wp\/v2\/media\/38656"}],"wp:attachment":[{"href":"https:\/\/calatorinromania.com\/index.php?rest_route=%2Fwp%2Fv2%2Fmedia&parent=38833"}],"wp:term":[{"taxonomy":"category","embeddable":true,"href":"https:\/\/calatorinromania.com\/index.php?rest_route=%2Fwp%2Fv2%2Fcategories&post=38833"},{"taxonomy":"post_tag","embeddable":true,"href":"https:\/\/calatorinromania.com\/index.php?rest_route=%2Fwp%2Fv2%2Ftags&post=38833"}],"curies":[{"name":"wp","href":"https:\/\/api.w.org\/{rel}","templated":true}]}}