{"id":38776,"date":"2025-04-28T07:33:57","date_gmt":"2025-04-28T07:33:57","guid":{"rendered":"https:\/\/calatorinromania.com\/?p=38776"},"modified":"2025-04-28T07:34:54","modified_gmt":"2025-04-28T07:34:54","slug":"mi-am-dat-afara-din-apartament-fiul-nora-si-cei-trei-nepoti","status":"publish","type":"post","link":"https:\/\/calatorinromania.com\/?p=38776","title":{"rendered":"Mi-am dat afar\u0103 din apartament fiul, nora \u0219i cei trei nepo\u021bi"},"content":{"rendered":"\n<h3><\/h3>\n\n\n\n<h3>DISCLAIMER: Acest site este neutru din punct de vedere politic \u0219i nu sus\u021bine niciun partid sau ideologie politic\u0103.<\/h3>\n\n\n\n<p>Mi-am dat afar\u0103 din apartament fiul, nora \u0219i cei trei nepo\u021bi. Le-am dat exact o zi s\u0103 \u00ee\u0219i str\u00e2ng\u0103 lucrurile \u0219i s\u0103 plece din casa mea. \u0218i nu regret deloc\u00a0\u00a0Rudele m\u0103 judec\u0103, m\u0103 numesc o mam\u0103 rea, dar nu m\u0103 intereseaz\u0103 ce cred al\u021bii. Pur \u0219i simplu nu am putut suporta ceea ce au f\u0103cut \u00een casa mea\u00a0\u00a0Povestesc \u00eentreaga mea experien\u021b\u0103 mai jos:<\/p>\n\n\n\n<p>C\u00e2nd so\u021bul meu, Orest, a trecut \u00een nefiin\u021b\u0103, nu m\u0103 a\u0219teptam s\u0103 fie at\u00e2t de dificil s\u0103 r\u0103m\u00e2n singur\u0103. Am muncit \u00eempreun\u0103 mul\u021bi ani, am aranjat col\u021bi\u0219orul nostru de rai, am planificat cum ne vom petrece b\u0103tr\u00e2ne\u021bea aici.<\/p>\n\n\n\n<p>Dar nu s-a \u00eent\u00e2mplat a\u0219a. Lui Orest i-au lipsit for\u021bele, iar, \u00een ciuda tuturor eforturilor medicilor, inima lui nu a rezistat.<\/p>\n\n\n\n<p>Dup\u0103 moartea lui, am sim\u021bit c\u0103 \u00een via\u021ba mea s-a creat un gol imens. Dar, cur\u00e2nd, fiul meu mi-a propus s\u0103 vin\u0103 s\u0103 locuiasc\u0103 cu mine. Mi-a spus c\u0103 \u00eemi va fi greu singur\u0103 \u0219i c\u0103, dac\u0103 ar fi acolo, m-ar ajuta oric\u00e2nd ar fi nevoie. Am acceptat.<\/p>\n\n\n\n<p>Fiul meu \u0219i so\u021bia lui nu aveau o cas\u0103 proprie \u0219i locuiau cu chirie. Dup\u0103 ce s-au c\u0103s\u0103torit, au avut trei copii, iar to\u021bi banii lor erau cheltui\u021bi pentru \u00eentre\u021binerea familiei.<\/p>\n\n\n\n<p>Speram c\u0103, al\u0103turi de copii \u0219i nepo\u021bi, voi putea umple golul din via\u021ba mea. Dar traiul \u00eempreun\u0103 cu ei a devenit insuportabil. Copiii urlau continuu, cereau aten\u021bie, \u0219i nu m\u0103 puteam odihni cum trebuie.<\/p>\n\n\n\n<p>Zgomot, \u021bipete, alergat de diminea\u021ba p\u00e2n\u0103 seara \u2013 toate acestea au devenit un adev\u0103rat co\u0219mar. Nora mea, de\u0219i este o femeie dr\u0103gu\u021b\u0103, nu reu\u0219ea s\u0103 \u021bin\u0103 sub control copiii \u0219i casa. Era dezordine peste tot \u2013 juc\u0103rii \u00eempr\u0103\u0219tiate, lucruri aruncate la \u00eent\u00e2mplare, iar eu am fost mereu o persoan\u0103 care a iubit ordinea.<\/p>\n\n\n\n<p>\u00centr-o zi, nu am mai suportat \u0219i i-am spus fiului meu c\u0103 a venit momentul s\u0103 tr\u0103im separat. Este un b\u0103rbat adult, \u0219i consider c\u0103 este timpul s\u0103 \u00ee\u0219i asume responsabilitatea pentru familia lui.<\/p>\n\n\n\n<p>El s-a sup\u0103rat \u0219i mi-a spus c\u0103, \u00een casa noastr\u0103, este suficient spa\u021biu pentru toat\u0103 lumea \u0219i c\u0103 nu voiau s\u0103 plece. Dar eu am declarat ferm c\u0103 aveam nevoie de lini\u0219te, c\u0103 eram obosit\u0103 de tot acel zgomot \u0219i dezordine.<\/p>\n\n\n\n<p>Fiul meu s-a enervat. A mers p\u00e2n\u0103 la a depune o pl\u00e2ngere pentru a solicita \u00eemp\u0103r\u021birea apartamentului, dar, cu ajutorul unui avocat bun, am reu\u0219it s\u0103 \u00eemi ap\u0103r dreptul asupra casei. Dup\u0103 aceea, \u0219i-a str\u00e2ns lucrurile \u0219i s-a mutat \u00eenapoi \u00een casa \u00eenchiriat\u0103.<\/p>\n\n\n\n<p>Acum, toat\u0103 lumea m\u0103 consider\u0103 vinovat\u0103, dar oare chiar sunt?<\/p>\n","protected":false},"excerpt":{"rendered":"<p>DISCLAIMER: Acest site este neutru din punct de vedere politic \u0219i nu sus\u021bine niciun partid sau ideologie politic\u0103. Mi-am dat afar\u0103 din apartament fiul, nora<\/p>\n","protected":false},"author":1,"featured_media":38656,"comment_status":"closed","ping_status":"closed","sticky":false,"template":"","format":"standard","meta":[],"categories":[1],"tags":[],"_links":{"self":[{"href":"https:\/\/calatorinromania.com\/index.php?rest_route=\/wp\/v2\/posts\/38776"}],"collection":[{"href":"https:\/\/calatorinromania.com\/index.php?rest_route=\/wp\/v2\/posts"}],"about":[{"href":"https:\/\/calatorinromania.com\/index.php?rest_route=\/wp\/v2\/types\/post"}],"author":[{"embeddable":true,"href":"https:\/\/calatorinromania.com\/index.php?rest_route=\/wp\/v2\/users\/1"}],"replies":[{"embeddable":true,"href":"https:\/\/calatorinromania.com\/index.php?rest_route=%2Fwp%2Fv2%2Fcomments&post=38776"}],"version-history":[{"count":2,"href":"https:\/\/calatorinromania.com\/index.php?rest_route=\/wp\/v2\/posts\/38776\/revisions"}],"predecessor-version":[{"id":38778,"href":"https:\/\/calatorinromania.com\/index.php?rest_route=\/wp\/v2\/posts\/38776\/revisions\/38778"}],"wp:featuredmedia":[{"embeddable":true,"href":"https:\/\/calatorinromania.com\/index.php?rest_route=\/wp\/v2\/media\/38656"}],"wp:attachment":[{"href":"https:\/\/calatorinromania.com\/index.php?rest_route=%2Fwp%2Fv2%2Fmedia&parent=38776"}],"wp:term":[{"taxonomy":"category","embeddable":true,"href":"https:\/\/calatorinromania.com\/index.php?rest_route=%2Fwp%2Fv2%2Fcategories&post=38776"},{"taxonomy":"post_tag","embeddable":true,"href":"https:\/\/calatorinromania.com\/index.php?rest_route=%2Fwp%2Fv2%2Ftags&post=38776"}],"curies":[{"name":"wp","href":"https:\/\/api.w.org\/{rel}","templated":true}]}}