{"id":38616,"date":"2025-04-18T07:29:27","date_gmt":"2025-04-18T07:29:27","guid":{"rendered":"https:\/\/calatorinromania.com\/?p=38616"},"modified":"2025-04-18T07:29:28","modified_gmt":"2025-04-18T07:29:28","slug":"am-crezut-ca-raposata-mea-sotie-a-nascut-doar-un-singur-copil-pana-cand-am-intalnit-copia-identica-a-fiicei-mele","status":"publish","type":"post","link":"https:\/\/calatorinromania.com\/?p=38616","title":{"rendered":"AM CREZUT C\u0102 R\u0102POSATA MEA SO\u021aIE A N\u0102SCUT DOAR UN SINGUR COPIL P\u00c2N\u0102 C\u00c2ND AM \u00ceNT\u00c2LNIT COPIA IDENTIC\u0102 A FIICEI MELE"},"content":{"rendered":"\n<p>Inima mi-a \u00eencetinit. Un g\u00e2nd imposibil a \u00eenceput s\u0103 prind\u0103 form\u0103 \u00een mintea mea.<\/p>\n\n\n\n<p>\u201eCum\u2026 cum s-a \u00eent\u00e2mplat?\u201d am \u00eentrebat, \u00eencerc\u00e2nd s\u0103-mi controlez vocea.<\/p>\n\n\n\n<p>Elena a oftat. \u201eAcum \u0219apte ani, printr-o agen\u021bie privat\u0103. A fost o adop\u021bie \u00eenchis\u0103. Nu \u0219tiu nimic despre p\u0103rin\u021bii biologici.\u201d<\/p>\n\n\n\n<p>\u0218apte ani. Exact v\u00e2rsta Mariei. Exact timpul c\u00e2nd Ana, so\u021bia mea, a n\u0103scut.<\/p>\n\n\n\n<p>\u201eAna a murit la na\u0219tere,\u201d am spus, cuvintele ie\u0219ind greu. \u201eMi s-a spus c\u0103 a avut complica\u021bii. C\u0103 doar Maria a supravie\u021buit.\u201d<\/p>\n\n\n\n<p>Elena m-a privit, realiz\u00e2nd implica\u021biile. \u201eCrezi c\u0103\u2026?\u201d<\/p>\n\n\n\n<p>Am scos telefonul \u0219i am deschis o fotografie a Anei. M\u00e2inile Elenei au \u00eenceput s\u0103 tremure c\u00e2nd a v\u0103zut-o.<\/p>\n\n\n\n<p>\u201eAm v\u0103zut aceast\u0103 femeie,\u201d a \u0219optit ea. \u201e\u00cen documentele de adop\u021bie era o fotografie neclar\u0103. Credeam c\u0103 e mama biologic\u0103.\u201d<\/p>\n\n\n\n<p>\u00cen acea dup\u0103-amiaz\u0103, \u00een timp ce fetele se jucau ne\u0219tiutoare, am \u00eenceput s\u0103 dezgrop\u0103m un adev\u0103r \u00eenfior\u0103tor. Spitalul unde n\u0103scuse Ana fusese implicat \u00eentr-un scandal de adop\u021bii ilegale cu doi ani mai t\u00e2rziu. Doctorul care asistase la na\u0219terea Anei \u2013 disp\u0103rut.<\/p>\n\n\n\n<p>O s\u0103pt\u0103m\u00e2n\u0103 mai t\u00e2rziu, testele ADN au confirmat ceea ce \u0219tiam deja \u00een inimile noastre: Maria \u0219i Sorina erau gemene identice, separate la na\u0219tere de un sistem corupt care profitase de tragedia mea.<\/p>\n\n\n\n<p>\u201eCe facem acum?\u201d a \u00eentrebat Elena \u00eentr-o sear\u0103, \u00een timp ce fetele adormiser\u0103 \u00eempreun\u0103, \u00eentinse ca \u00eentr-o oglind\u0103.<\/p>\n\n\n\n<p>Nu aveam un r\u0103spuns simplu. Cum explici unor copii de \u0219apte ani o astfel de tr\u0103dare? Cum \u00eempar\u021bi o familie reunit\u0103 prin coinciden\u021b\u0103?<\/p>\n\n\n\n<p>\u201ePoate,\u201d am spus \u00eencet, \u201enu trebuie s\u0103 alegem. Poate putem g\u0103si o cale s\u0103 fim o familie, \u00een felul nostru.\u201d<\/p>\n\n\n\n<p>M\u00e2na Elenei a atins-o pe a mea. \u00cen ochii ei am v\u0103zut aceea\u0219i speran\u021b\u0103 fragil\u0103 pe care o sim\u021beam \u0219i eu \u2013 c\u0103 din aceast\u0103 minciun\u0103 teribil\u0103, am putea construi ceva adev\u0103rat pentru fetele noastre.<\/p>\n\n\n\n<p>Pentru fiicele Anei.<\/p>\n\n\n\n<p><strong>Dac\u0103 \u021bi-a pl\u0103cut povestea, nu uita s\u0103 o distribui cu prietenii t\u0103i! \u00cempreun\u0103 putem duce mai departe emo\u021bia \u0219i inspira\u021bia.<\/strong> <\/p>\n","protected":false},"excerpt":{"rendered":"<p>Inima mi-a \u00eencetinit. Un g\u00e2nd imposibil a \u00eenceput s\u0103 prind\u0103 form\u0103 \u00een mintea mea. \u201eCum\u2026 cum s-a \u00eent\u00e2mplat?\u201d am \u00eentrebat, \u00eencerc\u00e2nd s\u0103-mi controlez vocea. Elena<\/p>\n","protected":false},"author":1,"featured_media":38426,"comment_status":"closed","ping_status":"closed","sticky":false,"template":"","format":"standard","meta":[],"categories":[1],"tags":[],"_links":{"self":[{"href":"https:\/\/calatorinromania.com\/index.php?rest_route=\/wp\/v2\/posts\/38616"}],"collection":[{"href":"https:\/\/calatorinromania.com\/index.php?rest_route=\/wp\/v2\/posts"}],"about":[{"href":"https:\/\/calatorinromania.com\/index.php?rest_route=\/wp\/v2\/types\/post"}],"author":[{"embeddable":true,"href":"https:\/\/calatorinromania.com\/index.php?rest_route=\/wp\/v2\/users\/1"}],"replies":[{"embeddable":true,"href":"https:\/\/calatorinromania.com\/index.php?rest_route=%2Fwp%2Fv2%2Fcomments&post=38616"}],"version-history":[{"count":1,"href":"https:\/\/calatorinromania.com\/index.php?rest_route=\/wp\/v2\/posts\/38616\/revisions"}],"predecessor-version":[{"id":38617,"href":"https:\/\/calatorinromania.com\/index.php?rest_route=\/wp\/v2\/posts\/38616\/revisions\/38617"}],"wp:featuredmedia":[{"embeddable":true,"href":"https:\/\/calatorinromania.com\/index.php?rest_route=\/wp\/v2\/media\/38426"}],"wp:attachment":[{"href":"https:\/\/calatorinromania.com\/index.php?rest_route=%2Fwp%2Fv2%2Fmedia&parent=38616"}],"wp:term":[{"taxonomy":"category","embeddable":true,"href":"https:\/\/calatorinromania.com\/index.php?rest_route=%2Fwp%2Fv2%2Fcategories&post=38616"},{"taxonomy":"post_tag","embeddable":true,"href":"https:\/\/calatorinromania.com\/index.php?rest_route=%2Fwp%2Fv2%2Ftags&post=38616"}],"curies":[{"name":"wp","href":"https:\/\/api.w.org\/{rel}","templated":true}]}}