{"id":38614,"date":"2025-04-18T07:24:59","date_gmt":"2025-04-18T07:24:59","guid":{"rendered":"https:\/\/calatorinromania.com\/?p=38614"},"modified":"2025-04-18T07:25:00","modified_gmt":"2025-04-18T07:25:00","slug":"micutul-era-paralizat-doctorul-a-sfatuit-familia-sa-cumpere-acest-caine-toti-au-fost-in-soc-de-comportamentul-lui-cand-a-vazut-copilul","status":"publish","type":"post","link":"https:\/\/calatorinromania.com\/?p=38614","title":{"rendered":"Micu\u021bul era paralizat! Doctorul a sf\u0103tuit familia s\u0103 cumpere ACEST c\u00e2ine. To\u021bi au fost \u00een \u0218OC de comportamentul lui c\u00e2nd a v\u0103zut copilul\u2026"},"content":{"rendered":"\n<p>\u2026 mu\u0219ca u\u0219or exact p\u0103r\u021bile corpului lui Matei care erau paralizate. La \u00eenceput, p\u0103rin\u021bii au fost \u00eengrozi\u021bi \u0219i au \u00eencercat s\u0103 o \u00eendep\u0103rteze, dar au observat ceva surprinz\u0103tor: Matei nu pl\u00e2ngea. Dimpotriv\u0103, pentru prima dat\u0103 de c\u00e2nd se n\u0103scuse, b\u0103ie\u021belul z\u00e2mbea c\u00e2nd sim\u021bea atingerea bl\u00e2nd\u0103 a din\u021bilor lui Bella pe pielea lui.<\/p>\n\n\n\n<p>Dup\u0103 c\u00e2teva s\u0103pt\u0103m\u00e2ni, Elena a observat ceva miraculos. \u00cen timp ce \u00eel sp\u0103la pe Matei, degetele lui de la piciorul st\u00e2ng, complet imobile p\u00e2n\u0103 atunci, s-au mi\u0219cat u\u0219or. Cu inima b\u0103t\u00e2nd puternic, ea l-a chemat pe Tudor. Am\u00e2ndoi au privit \u00een t\u0103cere cum micu\u021bul lor fiu mi\u0219ca pentru prima dat\u0103 partea afectat\u0103 a corpului.<\/p>\n\n\n\n<p>Doctori\u021ba Ileana a explicat mai t\u00e2rziu c\u0103 mu\u0219c\u0103turile bl\u00e2nde ale lui Bella stimulau nervii \u0219i mu\u0219chii lui Matei \u00eentr-un mod pe care nicio terapie conven\u021bional\u0103 nu reu\u0219ise s\u0103-l fac\u0103. Era o form\u0103 natural\u0103 de acupunctur\u0103 \u0219i masaj, combinat\u0103 cu conexiunea emo\u021bional\u0103 special\u0103 dintre c\u00e2ine \u0219i copil.<\/p>\n\n\n\n<p>\u00cen urm\u0103toarele luni, Bella a devenit terapeutul neoficial al lui Matei. C\u00e2inele parc\u0103 \u0219tia exact unde \u0219i cum s\u0103-l stimuleze. De fiecare dat\u0103 c\u00e2nd Matei f\u0103cea progrese, Bella scheuna u\u0219or \u0219i se lipea de el, ca \u0219i cum ar fi s\u0103rb\u0103torit \u00eempreun\u0103 victoria.<\/p>\n\n\n\n<p>Dup\u0103 un an de la sosirea lui Bella, Matei putea s\u0103-\u0219i mi\u0219te ambele picioare \u0219i \u00eencepuse s\u0103 se t\u00e2rasc\u0103 prin cas\u0103, urm\u0103rit \u00eendeaproape de c\u00e2inele s\u0103u protector. Doctorii care \u00eel declaraser\u0103 un caz f\u0103r\u0103 speran\u021b\u0103 nu-\u0219i puteau explica recuperarea sa remarcabil\u0103.<\/p>\n\n\n\n<p>Vestea despre miracolul din familia Ionescu s-a r\u0103sp\u00e2ndit rapid \u00een Codlea. Alte familii cu copii cu probleme similare au \u00eenceput s\u0103 vin\u0103 s\u0103 vad\u0103 \u201ec\u00e2inele vindec\u0103tor\u201d. Ileana Popescu a \u00eenceput s\u0103 studieze acest fenomen \u0219i a inclus terapia asistat\u0103 de animale \u00een tratamentele recomandate pentru copiii cu dizabilit\u0103\u021bi motorii.<\/p>\n\n\n\n<p>Ast\u0103zi, Matei are \u0219ase ani \u0219i merge la \u0219coal\u0103 ca orice alt copil. Bella, acum \u00een v\u00e2rst\u0103, \u00eenc\u0103 \u00eel \u00eenso\u021be\u0219te pretutindeni, devenind un simbol al speran\u021bei pentru \u00eentreaga comunitate. Povestea lor a inspirat crearea unui centru de terapie cu animale \u00een ora\u0219, unde zeci de c\u00e2ini special antrena\u021bi ajut\u0103 copiii s\u0103 \u00eenving\u0103 provoc\u0103ri similare.<\/p>\n\n\n\n<p>Elena \u0219i Tudor privesc cu recuno\u0219tin\u021b\u0103 cum fiul lor alearg\u0103 prin curtea casei, sub privirile atente ale credincioasei Bella. Ceea ce p\u0103rea a fi cea mai mare \u00eencercare din via\u021ba lor s-a transformat, datorit\u0103 unui c\u00e2ine cu limb\u0103 violet\u0103, \u00eentr-o poveste despre miracole, speran\u021b\u0103 \u0219i puterea vindec\u0103toare a iubirii necondi\u0163ionate.<\/p>\n\n\n\n<p><strong>Dac\u0103 \u021bi-a pl\u0103cut povestea, nu uita s\u0103 o distribui cu prietenii t\u0103i! \u00cempreun\u0103 putem duce mai departe emo\u021bia \u0219i inspira\u021bia.<\/strong> <\/p>\n","protected":false},"excerpt":{"rendered":"<p>\u2026 mu\u0219ca u\u0219or exact p\u0103r\u021bile corpului lui Matei care erau paralizate. La \u00eenceput, p\u0103rin\u021bii au fost \u00eengrozi\u021bi \u0219i au \u00eencercat s\u0103 o \u00eendep\u0103rteze, dar au<\/p>\n","protected":false},"author":1,"featured_media":38467,"comment_status":"closed","ping_status":"closed","sticky":false,"template":"","format":"standard","meta":[],"categories":[1],"tags":[],"_links":{"self":[{"href":"https:\/\/calatorinromania.com\/index.php?rest_route=\/wp\/v2\/posts\/38614"}],"collection":[{"href":"https:\/\/calatorinromania.com\/index.php?rest_route=\/wp\/v2\/posts"}],"about":[{"href":"https:\/\/calatorinromania.com\/index.php?rest_route=\/wp\/v2\/types\/post"}],"author":[{"embeddable":true,"href":"https:\/\/calatorinromania.com\/index.php?rest_route=\/wp\/v2\/users\/1"}],"replies":[{"embeddable":true,"href":"https:\/\/calatorinromania.com\/index.php?rest_route=%2Fwp%2Fv2%2Fcomments&post=38614"}],"version-history":[{"count":1,"href":"https:\/\/calatorinromania.com\/index.php?rest_route=\/wp\/v2\/posts\/38614\/revisions"}],"predecessor-version":[{"id":38615,"href":"https:\/\/calatorinromania.com\/index.php?rest_route=\/wp\/v2\/posts\/38614\/revisions\/38615"}],"wp:featuredmedia":[{"embeddable":true,"href":"https:\/\/calatorinromania.com\/index.php?rest_route=\/wp\/v2\/media\/38467"}],"wp:attachment":[{"href":"https:\/\/calatorinromania.com\/index.php?rest_route=%2Fwp%2Fv2%2Fmedia&parent=38614"}],"wp:term":[{"taxonomy":"category","embeddable":true,"href":"https:\/\/calatorinromania.com\/index.php?rest_route=%2Fwp%2Fv2%2Fcategories&post=38614"},{"taxonomy":"post_tag","embeddable":true,"href":"https:\/\/calatorinromania.com\/index.php?rest_route=%2Fwp%2Fv2%2Ftags&post=38614"}],"curies":[{"name":"wp","href":"https:\/\/api.w.org\/{rel}","templated":true}]}}