{"id":38606,"date":"2025-04-18T07:13:00","date_gmt":"2025-04-18T07:13:00","guid":{"rendered":"https:\/\/calatorinromania.com\/?p=38606"},"modified":"2025-04-18T07:13:00","modified_gmt":"2025-04-18T07:13:00","slug":"flamanda-si-cu-copilul-in-brate-s-a-incumetat-sa-ceara-bani-de-la-un-strain-dar-cand-a-vazut-ce-i-a-intins-i-s-a-facut-pielea-de-gaina-2","status":"publish","type":"post","link":"https:\/\/calatorinromania.com\/?p=38606","title":{"rendered":"Fl\u0103m\u00e2nd\u0103 \u0219i cu copilul \u00een bra\u021be, s-a \u00eencumetat s\u0103 cear\u0103 bani de la un str\u0103in. Dar c\u00e2nd a v\u0103zut ce i-a \u00eentins\u2026 i s-a f\u0103cut pielea de g\u0103in\u0103!"},"content":{"rendered":"\n<h3>DISCLAIMER: Acest site este neutru din punct de vedere politic \u0219i nu sus\u021bine niciun partid sau ideologie politic\u0103.<\/h3>\n\n\n\n<p>\u2026\u0219i apoi i-a \u00eentins o cheie.<br>\u2014 \u201eAsta e de la garsoniera mea de la etajul trei. St\u0103 goal\u0103 de ceva vreme. Nu-i mare lucru, dar e cald, curat \u0219i ai baie. Po\u021bi s\u0103 r\u0103m\u00e2i acolo c\u00e2t ai nevoie, tu \u0219i feti\u021ba.\u201d<\/p>\n\n\n\n<p>Alei i s-a t\u0103iat respira\u021bia.<br>\u2014 \u201eDar\u2026 de ce face\u021bi asta pentru mine? Nici m\u0103car nu m\u0103 cunoa\u0219te\u021bi\u2026\u201d<br>\u2014 \u201ePentru c\u0103 odat\u0103 \u0219i eu am dormit pe str\u0103zi, cu un copil \u00een bra\u021be\u201d, i-a spus b\u0103tr\u00e2nul, privindu-o cu ochi bl\u00e2nzi, dar plini de amintiri dureroase. \u201e\u0218tiu cum e. \u0218i \u0219tiu c\u00e2t de mult \u00eenseamn\u0103 s\u0103-\u021bi deschid\u0103 cineva o u\u0219\u0103 atunci c\u00e2nd totul pare pierdut.\u201d<\/p>\n\n\n\n<p>Lacrimile \u00eei curgeau \u0219iroaie. A luat cheia cu m\u00e2ini tremur\u00e2nde, aproape necrez\u00e2nd c\u0103 e real.<br>\u2014 \u201eV\u0103 promit c\u0103 am s\u0103 am grij\u0103 de tot\u2026 n-o s\u0103 stric nimic, doar\u2026 vreau s\u0103-mi \u021bin copilul \u00een siguran\u021b\u0103\u2026\u201d<br>\u2014 \u201eNu-\u021bi face griji, feti\u021bo. O s\u0103 v\u0103 aduc \u0219i ni\u0219te m\u00e2ncare. \u0218i m\u00e2ine diminea\u021b\u0103, dac\u0103 vrei, mergem \u00eempreun\u0103 s\u0103 vedem ce putem face. Poate g\u0103sim ceva de munc\u0103 pentru tine.\u201d<\/p>\n\n\n\n<p>A urcat cu greu sc\u0103rile, feti\u021ba adormit\u0103 \u00een bra\u021bele ei. A descuiat u\u0219a tremur\u00e2nd. Garsoniera era micu\u021b\u0103, dar cald\u0103, cu o p\u0103tur\u0103 groas\u0103 pe pat, o sob\u0103 electric\u0103 \u0219i o m\u0103su\u021b\u0103 cu dou\u0103 scaune. Era un palat pentru ea, \u00een compara\u021bie cu frigul str\u0103zii.<\/p>\n\n\n\n<p>A a\u0219ezat copila pe pat, a \u00eenvelit-o cu grij\u0103 \u0219i s-a l\u0103sat \u00een genunchi l\u00e2ng\u0103 ea, suspin\u00e2nd \u00een t\u0103cere. Nu \u0219tia cum, dar sim\u021bea c\u0103 pentru prima oar\u0103 dup\u0103 mult timp\u2026 nu era singur\u0103.<\/p>\n\n\n\n<p>Diminea\u021ba a venit mai repede dec\u00e2t s-ar fi a\u0219teptat. Un miros pl\u0103cut de cafea \u0219i p\u00e2ine pr\u0103jit\u0103 venea dinspre u\u0219\u0103. A b\u0103tut cineva u\u0219or.<\/p>\n\n\n\n<p>Era b\u0103tr\u00e2nul, cu o pung\u0103 mare \u00een m\u00e2n\u0103: lapte, scutece, p\u00e2ine, c\u00e2teva conserve, un pulover mic pentru cea mic\u0103.<br>\u2014 \u201e\u021ai-am zis c\u0103 vin. Am \u0219i un num\u0103r de telefon de la o asocia\u021bie care ajut\u0103 mame singure. Oameni buni, n-o s\u0103-\u021bi ia feti\u021ba. Dimpotriv\u0103, te vor sprijini. Vrei s\u0103 \u00eencerci?\u201d<\/p>\n\n\n\n<p>Alei i s-au luminat ochii.<br>\u2014 \u201eDa\u2026 Vreau. Vreau s\u0103 lupt. Pentru ea.\u201d<\/p>\n\n\n\n<p>\u00cen lunile care au urmat, via\u021ba Alei s-a schimbat. A \u00eenceput s\u0103 lucreze part-time la o brut\u0103rie din cartier. Asocia\u021bia i-a oferit sprijin, consiliere, chiar \u0219i o gr\u0103dini\u021b\u0103 pentru feti\u021b\u0103. B\u0103tr\u00e2nul \u2013 pe care \u00eel chema Nea Vasile \u2013 o vizita des, devenind un fel de bunic adoptiv.<\/p>\n\n\n\n<p>Odat\u0103, c\u00e2nd se plimbau prin parc, Nea Vasile i-a spus:<br>\u2014 \u201e\u0218tii, m\u0103 bucur c\u0103 ai b\u0103tut la u\u0219a mea \u00een noaptea aia. Parc\u0103 am primit un nou rost \u00een via\u021b\u0103.\u201d<br>\u2014 \u201eIar eu\u2026 am primit o a doua \u0219ans\u0103. N-o s\u0103 uit niciodat\u0103 ce a\u021bi f\u0103cut pentru noi.\u201d<\/p>\n\n\n\n<p>Anii au trecut. Feti\u021ba a crescut, iar Alei i s-a oferit un post permanent la brut\u0103rie, apoi \u0219i un mic apartament de la prim\u0103rie. \u00centr-o zi, a scris pe o re\u021bea de socializare povestea ei. A devenit viral\u0103. Oameni din toat\u0103 \u021bara au scris c\u0103 au pl\u00e2ns citind-o.<\/p>\n\n\n\n<p>Dar pentru ea, tot ce conta era c\u0103, \u00een cea mai neagr\u0103 noapte, c\u00e2nd nimeni nu-i \u00eentindea m\u00e2na, un singur om a ales s\u0103 o vad\u0103. S\u0103 cread\u0103 \u00een ea.<\/p>\n\n\n\n<p>\u0218i de atunci, \u00een fiecare Ajun de Cr\u0103ciun, Alea \u0219i feti\u021ba ei stau la col\u021bul acela de strad\u0103 unde totul a \u00eenceput \u2014 cu termosuri de ceai cald, sendvi\u0219uri \u0219i o pancart\u0103 pe care scrie:<\/p>\n\n\n\n<p>\u201eDac\u0103 \u00ee\u021bi e greu, opre\u0219te-te. Nu e\u0219ti singur.\u201d<\/p>\n","protected":false},"excerpt":{"rendered":"<p>DISCLAIMER: Acest site este neutru din punct de vedere politic \u0219i nu sus\u021bine niciun partid sau ideologie politic\u0103. \u2026\u0219i apoi i-a \u00eentins o cheie.\u2014 \u201eAsta<\/p>\n","protected":false},"author":1,"featured_media":38443,"comment_status":"closed","ping_status":"closed","sticky":false,"template":"","format":"standard","meta":[],"categories":[1],"tags":[],"_links":{"self":[{"href":"https:\/\/calatorinromania.com\/index.php?rest_route=\/wp\/v2\/posts\/38606"}],"collection":[{"href":"https:\/\/calatorinromania.com\/index.php?rest_route=\/wp\/v2\/posts"}],"about":[{"href":"https:\/\/calatorinromania.com\/index.php?rest_route=\/wp\/v2\/types\/post"}],"author":[{"embeddable":true,"href":"https:\/\/calatorinromania.com\/index.php?rest_route=\/wp\/v2\/users\/1"}],"replies":[{"embeddable":true,"href":"https:\/\/calatorinromania.com\/index.php?rest_route=%2Fwp%2Fv2%2Fcomments&post=38606"}],"version-history":[{"count":1,"href":"https:\/\/calatorinromania.com\/index.php?rest_route=\/wp\/v2\/posts\/38606\/revisions"}],"predecessor-version":[{"id":38607,"href":"https:\/\/calatorinromania.com\/index.php?rest_route=\/wp\/v2\/posts\/38606\/revisions\/38607"}],"wp:featuredmedia":[{"embeddable":true,"href":"https:\/\/calatorinromania.com\/index.php?rest_route=\/wp\/v2\/media\/38443"}],"wp:attachment":[{"href":"https:\/\/calatorinromania.com\/index.php?rest_route=%2Fwp%2Fv2%2Fmedia&parent=38606"}],"wp:term":[{"taxonomy":"category","embeddable":true,"href":"https:\/\/calatorinromania.com\/index.php?rest_route=%2Fwp%2Fv2%2Fcategories&post=38606"},{"taxonomy":"post_tag","embeddable":true,"href":"https:\/\/calatorinromania.com\/index.php?rest_route=%2Fwp%2Fv2%2Ftags&post=38606"}],"curies":[{"name":"wp","href":"https:\/\/api.w.org\/{rel}","templated":true}]}}