{"id":38587,"date":"2025-04-17T06:59:07","date_gmt":"2025-04-17T06:59:07","guid":{"rendered":"https:\/\/calatorinromania.com\/?p=38587"},"modified":"2025-04-17T06:59:07","modified_gmt":"2025-04-17T06:59:07","slug":"continuarea-aici-2","status":"publish","type":"post","link":"https:\/\/calatorinromania.com\/?p=38587","title":{"rendered":"Continuarea aici&#8230;."},"content":{"rendered":"\n<p>AM ADOPTAT PE JENNIFER \u2013 O LUN\u0102 MAI T\u00c2RZIU, M-A PRIVIT CU OCHII MARI \u0218I MI-A \u0218OPTIT: \u201eMAMI, NU AVEA \u00ceNCREDERE \u00ceN TATI\u201d. Un lun\u0103 trecuse de c\u00e2nd Jennifer devenise oficial fiica noastr\u0103. Dup\u0103 luni \u00eentregi de planificare, formulare nesf\u00e2r\u0219ite \u0219i verific\u0103ri de antecedente, Richard \u0219i cu mine am adus-o \u00een sf\u00e2r\u0219it acas\u0103. Era timid\u0103, dar \u00een ochii ei lic\u0103rea o sc\u00e2nteie pe care speram s\u0103 o vedem aprins\u0103 cur\u00e2nd. Ca mam\u0103, eram preg\u0103tit\u0103 s\u0103-i ofer toat\u0103 dragostea pe care o merita.<\/p>\n\n\n\n<p>O feti\u021b\u0103 fericit\u0103: Jennifer p\u0103rea o feti\u021b\u0103 vesel\u0103 \u0219i plin\u0103 de energie. Richard, so\u021bul meu, era \u00een culmea fericirii. Nu-\u0219i putea lua ochii de la ea, de parc\u0103 \u00eencerca s\u0103-i memoreze fiecare tr\u0103s\u0103tur\u0103, fiecare expresie.<\/p>\n\n\n\n<p>\u2014 Uite c\u00e2t e de frumoas\u0103, Marla, \u2014 a murmurat el cu admira\u021bie. \u2014 Este pur \u0219i simplu perfect\u0103.<\/p>\n\n\n\n<p>I-am r\u0103spuns cu un z\u00e2mbet cald, a\u0219ez\u00e2ndu-mi m\u00e2na pe um\u0103rul lui Jennifer. \u2014 A\u0219a este, \u2014 am spus cu tandre\u021be.<\/p>\n\n\n\n<p>Am parcurs un drum lung pentru a ajunge aici. Consulta\u021bii medicale, discu\u021bii nesf\u00e2r\u0219ite \u0219i un munte de acte. C\u00e2nd am cunoscut-o pentru prima dat\u0103 pe Jennifer, ceva din mine\u2026 pur \u0219i simplu a \u0219tiut. Avea doar patru ani, at\u00e2t de mic\u0103 \u0219i de t\u0103cut\u0103, dar deja se sim\u021bea parte din familia noastr\u0103.<\/p>\n\n\n\n<p>O ie\u0219ire \u00een familie: La c\u00e2teva s\u0103pt\u0103m\u00e2ni dup\u0103 ce Jennifer s-a al\u0103turat oficial familiei noastre, am decis s\u0103 facem o ie\u0219ire \u00eempreun\u0103. Richard s-a aplecat la nivelul ei \u0219i a \u00eentrebat-o cu un z\u00e2mbet cald:<\/p>\n\n\n\n<p>\u2014 Ce zici dac\u0103 mergem s\u0103 m\u00e2nc\u0103m o \u00eenghe\u021bat\u0103? \u021ai-ar pl\u0103cea?<\/p>\n\n\n\n<p>Jennifer l-a privit cu precau\u021bie, apoi \u0219i-a mutat privirea spre mine, ca \u0219i cum ar fi a\u0219teptat reac\u021bia mea. Dup\u0103 un moment de ezitare, a dat u\u0219or din cap, str\u00e2ng\u00e2ndu-se mai aproape de mine.<\/p>\n\n\n\n<p>Richard a r\u00e2s \u00eencet, de\u0219i \u00een vocea lui am sim\u021bit o urm\u0103 de nervozitate.<\/p>\n\n\n\n<p>\u2014 Bine, \u00eenghe\u021bat\u0103 s\u0103 fie. Un mic cadou special pentru to\u021bi.<\/p>\n\n\n\n<p>C\u00e2nd am ajuns la gelaterie, Richard i-a pus o \u00eentrebare entuziast\u0103:<\/p>\n\n\n\n<p>\u2014 Ciocolat\u0103? C\u0103p\u0219uni? Ce arom\u0103 ai vrea?<\/p>\n\n\n\n<p>\u2014 Vanilie, te rog, \u2014 a r\u0103spuns Jennifer aproape \u00een \u0219oapt\u0103, uit\u00e2ndu-se din nou la mine.<\/p>\n\n\n\n<p>Richard a p\u0103rut surprins pentru o clip\u0103, dar apoi a z\u00e2mbit larg.<\/p>\n\n\n\n<p>\u2014 Vanilie s\u0103 fie.<\/p>\n\n\n\n<p>Jennifer a m\u00e2ncat \u00een lini\u0219te, a\u0219ezat\u0103 l\u00e2ng\u0103 mine. De\u0219i p\u0103rea s\u0103 se bucure de \u00eenghe\u021bat\u0103, nu-\u0219i lua ochii de la Richard, privindu-l cu o aten\u021bie neobi\u0219nuit\u0103.<\/p>\n\n\n\n<p>Confesiunea tulbur\u0103toare<br>\u00cen acea sear\u0103, \u00een timp ce o a\u0219ezam \u00een pat, Jennifer s-a ag\u0103\u021bat de bra\u021bul meu mai str\u00e2ns dec\u00e2t de obicei.<\/p>\n\n\n\n<p>\u2014 Mami, \u2014 a \u0219optit ea cu o voce nesigur\u0103.<\/p>\n\n\n\n<p>\u2014 Da, iubito?<\/p>\n\n\n\n<p>\u0218i-a mutat privirea pentru un moment, apoi s-a uitat din nou la mine cu seriozitate.<\/p>\n\n\n\n<p>\u2014 Nu avea \u00eencredere \u00een tati.<\/p>\n\n\n\n<p>M-am blocat. Inima mi s-a str\u00e2ns. M-am aplecat \u0219i i-am m\u00e2ng\u00e2iat p\u0103rul cu bl\u00e2nde\u021be.<\/p>\n\n\n\n<p>\u2014 De ce spui asta, scumpa mea?<\/p>\n\n\n\n<p>A ridicat din umeri, dar pe fa\u021ba ei a ap\u0103rut o mic\u0103 grimas\u0103 trist\u0103.<\/p>\n\n\n\n<p>\u2014 Vorbe\u0219te ciudat. Ca \u0219i cum ar ascunde ceva.<\/p>\n\n\n\n<p>Am \u00eencercat s\u0103 \u00eemi p\u0103strez calmul.<\/p>\n\n\n\n<p>\u2014 Iubito, tati te iube\u0219te foarte mult. Vrea doar s\u0103 te ajute s\u0103 te sim\u021bi acas\u0103. \u0218tii asta, nu-i a\u0219a?<\/p>\n\n\n\n<p>Jennifer nu a r\u0103spuns. Doar s-a str\u00e2ns mai bine sub p\u0103tur\u0103, evit\u00e2nd s\u0103 m\u0103 priveasc\u0103 \u00een ochi.<\/p>\n\n\n\n<p>Dubiile \u00eencep s\u0103 apar\u0103<br>C\u00e2nd am ie\u0219it din camera ei, l-am g\u0103sit pe Richard a\u0219tept\u00e2nd \u00een prag.<\/p>\n\n\n\n<p>\u2014 Cum e? \u2014 a \u00eentrebat el cu speran\u021b\u0103 \u00een glas.<\/p>\n\n\n\n<p>\u2014 A adormit, \u2014 am r\u0103spuns \u00eencet, studiindu-i expresia.<\/p>\n\n\n\n<p>\u2014 Asta e bine, \u2014 a spus el, vizibil u\u0219urat. \u2014 \u0218tiu c\u0103 totul e nou pentru ea. Pentru noi to\u021bi. Dar cred c\u0103 vom fi bine. Tu ce crezi?<\/p>\n\n\n\n<p>Am dat din cap, dar \u00een minte \u00eemi r\u0103sunau din nou cuvintele lui Jennifer: Nu avea \u00eencredere \u00een tati.<\/p>\n\n\n\n<p>Descoperirea nea\u0219teptat\u0103<br>A doua zi, \u00een timp ce g\u0103team \u00een buc\u0103t\u0103rie, l-am auzit pe Richard vorbind la telefon \u00een sufragerie. Tonul lui era jos \u0219i tensionat. M-am oprit din ceea ce f\u0103ceam, \u00eencerc\u00e2nd s\u0103 prind c\u00e2teva cuvinte.<\/p>\n\n\n\n<p>\u2014 A fost\u2026 mai greu dec\u00e2t m\u0103 a\u0219teptam, \u2014 a spus el aproape \u00een \u0219oapt\u0103. \u2014 Ea\u2026 observ\u0103 mai mult dec\u00e2t credeam. Mi-e team\u0103 c\u0103 \u00eei va spune Marlei.<\/p>\n\n\n\n<p>Inima a \u00eenceput s\u0103 \u00eemi bat\u0103 nebune\u0219te. S\u0103 \u00eemi spun\u0103 ce? Ce ar putea Jennifer s\u0103 \u00eemi dezv\u0103luie?<\/p>\n\n\n\n<p>\u2014 Pur \u0219i simplu e at\u00e2t de greu s\u0103 \u021bin lucrurile ascunse, \u2014 a continuat Richard. \u2014 Nu vreau ca Marla s\u0103 afle\u2026 cel pu\u021bin, nu \u00eenc\u0103.<\/p>\n\n\n\n<p>M-am sprijinit de blat, sim\u021bind cum g\u00e2ndurile mi se \u00eembulzesc \u00een minte. Ce ascundea Richard?<\/p>\n\n\n\n<p>Confruntarea: Mai t\u00e2rziu \u00een acea sear\u0103, am decis s\u0103-l confrunt. Ne-am a\u0219ezat \u00een sufragerie, iar eu mi-am str\u00e2ns m\u00e2inile \u00een poal\u0103, \u00eencerc\u00e2nd s\u0103 \u00eemi controlez emo\u021biile.<\/p>\n\n\n\n<p>\u2014 Richard, \u2014 am \u00eenceput cu un ton ferm, de\u0219i inima \u00eemi b\u0103tea nebune\u0219te. \u2014 Te-am auzit vorbind la telefon azi dup\u0103-amiaz\u0103. El a ridicat privirea, surprins\u2026 <\/p>\n","protected":false},"excerpt":{"rendered":"<p>AM ADOPTAT PE JENNIFER \u2013 O LUN\u0102 MAI T\u00c2RZIU, M-A PRIVIT CU OCHII MARI \u0218I MI-A \u0218OPTIT: \u201eMAMI, NU AVEA \u00ceNCREDERE \u00ceN TATI\u201d. Un lun\u0103<\/p>\n","protected":false},"author":1,"featured_media":38467,"comment_status":"closed","ping_status":"closed","sticky":false,"template":"","format":"standard","meta":[],"categories":[1],"tags":[],"_links":{"self":[{"href":"https:\/\/calatorinromania.com\/index.php?rest_route=\/wp\/v2\/posts\/38587"}],"collection":[{"href":"https:\/\/calatorinromania.com\/index.php?rest_route=\/wp\/v2\/posts"}],"about":[{"href":"https:\/\/calatorinromania.com\/index.php?rest_route=\/wp\/v2\/types\/post"}],"author":[{"embeddable":true,"href":"https:\/\/calatorinromania.com\/index.php?rest_route=\/wp\/v2\/users\/1"}],"replies":[{"embeddable":true,"href":"https:\/\/calatorinromania.com\/index.php?rest_route=%2Fwp%2Fv2%2Fcomments&post=38587"}],"version-history":[{"count":1,"href":"https:\/\/calatorinromania.com\/index.php?rest_route=\/wp\/v2\/posts\/38587\/revisions"}],"predecessor-version":[{"id":38588,"href":"https:\/\/calatorinromania.com\/index.php?rest_route=\/wp\/v2\/posts\/38587\/revisions\/38588"}],"wp:featuredmedia":[{"embeddable":true,"href":"https:\/\/calatorinromania.com\/index.php?rest_route=\/wp\/v2\/media\/38467"}],"wp:attachment":[{"href":"https:\/\/calatorinromania.com\/index.php?rest_route=%2Fwp%2Fv2%2Fmedia&parent=38587"}],"wp:term":[{"taxonomy":"category","embeddable":true,"href":"https:\/\/calatorinromania.com\/index.php?rest_route=%2Fwp%2Fv2%2Fcategories&post=38587"},{"taxonomy":"post_tag","embeddable":true,"href":"https:\/\/calatorinromania.com\/index.php?rest_route=%2Fwp%2Fv2%2Ftags&post=38587"}],"curies":[{"name":"wp","href":"https:\/\/api.w.org\/{rel}","templated":true}]}}