{"id":38585,"date":"2025-04-17T06:57:48","date_gmt":"2025-04-17T06:57:48","guid":{"rendered":"https:\/\/calatorinromania.com\/?p=38585"},"modified":"2025-04-17T06:57:48","modified_gmt":"2025-04-17T06:57:48","slug":"ma-simt-obligata-sa-impartasesc-un-incident-care-m-a-apasat-de-ceva-vreme","status":"publish","type":"post","link":"https:\/\/calatorinromania.com\/?p=38585","title":{"rendered":"M\u0103 simt obligat\u0103 s\u0103 \u00eemp\u0103rt\u0103\u0219esc un incident care m-a ap\u0103sat de ceva vreme"},"content":{"rendered":"\n<p>Salut\u0103ri tuturor. M\u0103 simt obligat\u0103 s\u0103 \u00eemp\u0103rt\u0103\u0219esc un incident care m-a ap\u0103sat de ceva vreme. Acum c\u00e2\u021biva ani, am atins un obiectiv semnificativ \u2013 absolvirea \u0219colii. A fost o zi care a reprezentat culminarea anilor de munc\u0103 grea \u0219i dedicare, \u0219i, desigur, eram ner\u0103bd\u0103toare s\u0103 s\u0103rb\u0103toresc acest moment al\u0103turi de cei dragi, \u00een special de p\u0103rin\u021bii mei, care credeam c\u0103 au fost st\u00e2lpii mei de sprijin pe parcursul c\u0103l\u0103toriei mele educa\u021bionale. Din p\u0103cate, absen\u021ba lor \u00een acea zi crucial\u0103 a continuat s\u0103 m\u0103 b\u00e2ntuie.<\/p>\n\n\n\n<p>Ceremonia de absolvire a fost o afacere vibrant\u0103, plin\u0103 de entuziasmul studen\u021bilor \u00eembr\u0103ca\u021bi \u00een togi \u0219i p\u0103l\u0103rii, aerul fiind umplut cu urale din partea familiilor \u0219i cu sunetul ne\u00eencetat al camerelor foto. \u00cen timp ce st\u0103team printre colegii mei, am sim\u021bit o combina\u021bie palpabil\u0103 de nervozitate \u0219i bucurie. \u00cemi scanam constant mul\u021bimea \u00een c\u0103utarea p\u0103rin\u021bilor mei, sper\u00e2nd s\u0103-i v\u0103d, convins\u0103 c\u0103 sunt doar \u00een afara vederii.<\/p>\n\n\n\n<p>M-am lini\u0219tit, g\u00e2ndindu-m\u0103: \u201eTrebuie s\u0103 fi fost prin\u0219i \u00een trafic, vor ajunge \u00een orice moment.\u201d C\u00e2nd, \u00een sf\u00e2r\u0219it, a venit r\u00e2ndul meu, am p\u0103\u0219it pe scen\u0103 cu inima b\u0103t\u00e2nd puternic. \u00cen timp ce acceptam diploma \u0219i \u00eei str\u00e2ngeam m\u00e2na directorului, am c\u0103utat mul\u021bimea pentru ultima dat\u0103, sper\u00e2nd s\u0103 surprind expresiile de m\u00e2ndrie ale p\u0103rin\u021bilor mei. Dar, spre dezam\u0103girea mea, nu erau nic\u0103ieri de g\u0103sit. Am reu\u0219it s\u0103 z\u00e2mbesc pentru fotografi \u0219i m-am \u00eentors la locul meu, lupt\u00e2nd cu nodul din g\u00e2t.<\/p>\n\n\n\n<p>Dup\u0103 ce ceremonia s-a \u00eencheiat, m-am gr\u0103bit spre zona de \u00eent\u00e2lnire, a\u0219tept\u00e2nd s\u0103-mi v\u0103d p\u0103rin\u021bii. Am c\u0103utat frenetic printre grupuri, devenind din ce \u00een ce mai disperat\u0103. \u00cen cele din urm\u0103, am decis s\u0103 \u00eemi verific telefonul, sper\u00e2nd s\u0103 primesc un mesaj care s\u0103 explice \u00eent\u00e2rzierea lor.<\/p>\n\n\n\n<p>Am primit un mesaj de la mama mea. Inima mi-a s\u0103rit \u00een piept c\u00e2nd l-am deschis, a\u0219tept\u00e2nd s\u0103 citesc despre o problem\u0103 minor\u0103 care le-ar fi \u00eent\u00e2rziat sosirea. Totu\u0219i, mesajul m-a l\u0103sat uluit\u0103 \u0219i dezam\u0103git\u0103.<\/p>\n\n\n\n<p>\u201e\u00cemi pare r\u0103u, nu am putut s\u0103 venim. A ap\u0103rut ceva cu sora ta vitreg\u0103. Vom s\u0103rb\u0103tori mai t\u00e2rziu. Felicit\u0103ri!\u201d<\/p>\n\n\n\n<p>Am r\u0103mas \u00eenghe\u021bat\u0103, privind telefonul meu cu necredin\u021b\u0103. \u201eSerios? Ce ar putea fi mai important ast\u0103zi dec\u00e2t absolvirea mea?\u201d<\/p>\n\n\n\n<p>Se pare c\u0103 sora mea vitreg\u0103, Iris, care adesea le cerea aten\u021bia, a avut o criz\u0103. Dar ce anume, de data aceasta?<\/p>\n\n\n\n<p>\u00cen acel moment, Alin, partenerul meu de la bal, a pus o m\u00e2n\u0103 reconfortant\u0103 pe um\u0103rul meu. \u201eHei, e\u0219ti bine?\u201d a \u00eentrebat el, cu fa\u021ba plin\u0103 de \u00eengrijorare.<\/p>\n\n\n\n<p>Lacrimile au \u00eenceput s\u0103 \u00eemi umple ochii, iar \u00een cur\u00e2nd am \u00eenceput s\u0103 pl\u00e2ng necontrolat.<\/p>\n\n\n\n<p>Mama lui Alin, doamna Andreea, a intervenit rapid cu bra\u021be reconfortante. \u201eOh, draga mea, vino aici,\u201d m-a lini\u0219tit ea, \u00eembr\u0103\u021bi\u0219\u00e2ndu-m\u0103 cu c\u0103ldur\u0103. \u201eNu e\u0219ti singur\u0103, suntem aici pentru tine.\u201d<\/p>\n\n\n\n<p>Datorit\u0103 lor, nu am fost l\u0103sat\u0103 s\u0103 fac fa\u021b\u0103 zilei singur\u0103. M-au inclus \u00een fotografiile lor de familie, m-au \u00eemprosp\u0103tat cu felicit\u0103ri \u0219i s-au asigurat c\u0103 m\u0103 simt sus\u021binut\u0103.<\/p>\n\n\n\n<p>Cu toate acestea, \u00een timp ce \u00eei observam pe ceilal\u021bi membri ai familiei s\u0103rb\u0103torind \u00eempreun\u0103, durerea a reap\u0103rut. Incertitudinea de ce p\u0103rin\u021bii mei nu au ap\u0103rut m\u0103 m\u0103cina constant.<\/p>\n\n\n\n<p>Hot\u0103r\u00e2t\u0103 s\u0103 descop\u0103r motivul, am plecat acas\u0103 dup\u0103 ce am s\u0103rb\u0103torit cu familia lui Alin, tem\u00e2ndu-m\u0103 de ceea ce a\u0219 putea descoperi.<\/p>\n\n\n\n<p>C\u00e2nd am ajuns acas\u0103, scena era bizar de normal\u0103; p\u0103rin\u021bii mei se relaxau comod, absorbi\u021bi de televizor, p\u0103r\u00e2nd complet ignoran\u021bi de semnifica\u021bia zilei. Lini\u0219tea casei contrasta puternic cu tumultul pe care \u00eel sim\u021beam. C\u00e2nd i-am confruntat \u00een living, emo\u021biile mele erau pe marginea pr\u0103pastiei.<\/p>\n\n\n\n<p>\u201eHei, unde a\u021bi fost?\u201d am \u00eentrebat, vocea mea fiind o combina\u021bie de durere \u0219i furie. \u201eA\u021bi lipsit de la absolvirea mea.\u201d<\/p>\n\n\n\n<p>R\u0103spunsul mamei mele a fost slab \u0219i ru\u0219inos. \u201eSora ta vitreg\u0103 \u0219i-a rupt o unghie,\u201d a explicat ea. \u201eA avut o criz\u0103, insist\u00e2nd s\u0103 o ducem imediat la salon. Era inconsolabil\u0103, Bianca.\u201d<\/p>\n\n\n\n<p>Am r\u0103mas f\u0103r\u0103 cuvinte. \u201eO unghie rupt\u0103?\u201d am repetat incredul\u0103, vocea mea cresc\u00e2nd cu fiecare cuv\u00e2nt. \u201eA\u021bi lipsit de la absolvirea mea din cauza asta?\u201d<\/p>\n\n\n\n<p>Iris, \u00eentins\u0103 pe canapea, p\u0103rea indiferent\u0103, murmur\u00e2nd: \u201eA fost o urgen\u021b\u0103 pentru mine.\u201d<\/p>\n\n\n\n<p>Revela\u021bia a fost un medicament amar. Era clar c\u0103 priorit\u0103\u021bile p\u0103rin\u021bilor mei erau gre\u0219ite, cocolindu-o pe ea \u00een a\u0219a m\u0103sur\u0103 \u00eenc\u00e2t au lipsit de la realizarea mea semnificativ\u0103.<\/p>\n\n\n\n<p>Cople\u0219it\u0103 de furie \u0219i necredin\u021b\u0103, am realizat ad\u00e2ncimea neglijen\u021bei lor. \u201eE\u0219ti serioas\u0103?\u201d am izbucnit. \u201e\u00cen\u021belegi ce a \u00eensemnat ast\u0103zi pentru mine?\u201d<\/p>\n\n\n\n<p>Mama mea a evitat privirea mea, oferindu-mi o scuz\u0103 slab\u0103. \u201eBianca, ne pare r\u0103u. \u00ce\u021bi vom compensa.\u201d<\/p>\n\n\n\n<p>Dar daunele erau ireparabile. \u00cen acel moment, \u0219tiam c\u0103 trebuia s\u0103 iau o decizie drastic\u0103 pentru a transmite gravitatea ac\u021biunilor lor.<\/p>\n\n\n\n<p>Lacrimile curg\u00e2nd, m-am retras \u00een camer\u0103 \u0219i am \u00eenceput s\u0103 fac bagaje. Aveam nevoie s\u0103 fiu undeva unde m\u0103 sim\u021beam apreciat\u0103. Am sunat-o pe doamna Andreea, c\u0103ut\u00e2nd refugiu. \u201ePot s\u0103 stau cu tine pentru o vreme? Trebuie s\u0103 plec de aici.\u201d<\/p>\n\n\n\n<p>F\u0103r\u0103 ezitare, m-a primit. \u201eDesigur, draga mea. E\u0219ti \u00eentotdeauna binevenit\u0103 aici.\u201d<\/p>\n\n\n\n<p>Am f\u0103cut bagajele repede, alimentat\u0103 de o combina\u021bie de furie \u0219i hot\u0103r\u00e2re. Cobor\u00e2nd sc\u0103rile cu gen\u021bile, le-am anun\u021bat pe p\u0103rin\u021bii mei c\u0103 plec.<\/p>\n\n\n\n<p>\u201ePlec,\u201d am declarat ferm. \u201eAm nevoie de pu\u021bin timp departe.\u201d<\/p>\n\n\n\n<p>Mama mea a \u00eencercat s\u0103 m\u0103 re\u021bin\u0103, implor\u00e2nd. \u201eTe rog, nu pleca, Bianca. Ne pare r\u0103u.\u201d<\/p>\n\n\n\n<p>Dar eram hot\u0103r\u00e2t\u0103. \u201eE prea t\u00e2rziu. Trebuie s\u0103 plec.\u201d<\/p>\n\n\n\n<p>A ie\u0219i pe acea u\u0219\u0103 a fost greu, dar necesar. Trebuia s\u0103 m\u0103 impun pentru mine \u00eens\u0103mi \u0219i s\u0103 demonstrez consecin\u021bele neglijen\u021bei lor.<\/p>\n\n\n\n<p>\u00cen s\u0103pt\u0103m\u00e2nile urm\u0103toare, m-am concentrat pe stabilirea independen\u021bei mele. Am ob\u021binut un loc de munc\u0103, am economisit cu s\u00e2rguin\u021b\u0103 \u0219i, \u00een cele din urm\u0103, m-am mutat \u00een apartamentul meu. \u00cen ciuda \u00eencerc\u0103rilor p\u0103rin\u021bilor mei de a se reconcilia, am p\u0103strat distan\u021ba, av\u00e2nd nevoie de timp pentru a m\u0103 vindeca \u0219i pentru a sublinia gravitatea ac\u021biunilor lor.<\/p>\n\n\n\n<p>Ani mai t\u00e2rziu, c\u00e2nd m\u0103 preg\u0103team pentru un alt moment important \u2013 absolvirea colegiului \u2013 am oferit din nou p\u0103rin\u021bilor mei o oportunitate de r\u0103scump\u0103rare, sper\u00e2nd c\u0103, \u00een sf\u00e2r\u0219it, vor da prioritate realiz\u0103rilor mele.<\/p>\n\n\n\n<p>Din p\u0103cate, istoria s-a repetat. Din nou, au lipsit, motivul fiind la fel de trivial ca \u00eenainte \u2013 o plimbare pentru o pr\u0103jitur\u0103 pentru Iris. Aceast\u0103 absen\u021b\u0103 repetat\u0103 \u00een momente esen\u021biale din via\u021ba mea era o afirma\u021bie dureroas\u0103 a priorit\u0103\u021bilor lor nemodificate.<\/p>\n\n\n\n<p>Decep\u021bionat\u0103, dar hot\u0103r\u00e2t\u0103, m-am \u00eendreptat spre cei care mi-au ar\u0103tat un sprijin constant. Alin \u0219i familia lui au devenit sanctuarul meu, oferindu-mi dragostea \u0219i \u00een\u021belegerea de care \u00eemi lipseau p\u0103rin\u021bii mei.<\/p>\n\n\n\n<p>Reflect\u00e2nd asupra acestor experien\u021be, am realizat un adev\u0103r dur: cei care sunt a\u0219tepta\u021bi s\u0103 fie cei mai ferven\u021bi sus\u021bin\u0103tori te pot dezam\u0103gi profund. Totu\u0219i, asta nu \u00ee\u021bi diminueaz\u0103 valoarea.<\/p>\n\n\n\n<p>Alin, mereu sprijinitor, m-a asigurat de realiz\u0103rile \u0219i valoarea mea. \u201eIndiferent de ce s-ar \u00eent\u00e2mpla, e\u0219ti incredibil\u0103. Sunt at\u00e2t de m\u00e2ndru de tine,\u201d a afirmat el.<\/p>\n\n\n\n<p>Cu prezen\u021ba lui constant\u0103, m-am sim\u021bit \u00eemputernicit\u0103 s\u0103 fac fa\u021b\u0103 oric\u0103rei provoc\u0103ri \u0219i s\u0103 \u00eemi g\u0103sesc locul \u00een lume.<\/p>\n\n\n\n<p>Aceste experien\u021be, dureroase, dar iluminatoare, m-au \u00eenv\u0103\u021bat o lec\u021bie valoroas\u0103: chiar \u0219i atunci c\u00e2nd li se ofer\u0103 o a doua \u0219ans\u0103, unii pot continua s\u0103 te dezam\u0103geasc\u0103. Dar aminte\u0219te-\u021bi, e\u0219ecurile lor reflect\u0103 limit\u0103rile lor, nu valoarea ta.<\/p>\n","protected":false},"excerpt":{"rendered":"<p>Salut\u0103ri tuturor. M\u0103 simt obligat\u0103 s\u0103 \u00eemp\u0103rt\u0103\u0219esc un incident care m-a ap\u0103sat de ceva vreme. Acum c\u00e2\u021biva ani, am atins un obiectiv semnificativ \u2013 absolvirea<\/p>\n","protected":false},"author":1,"featured_media":38467,"comment_status":"closed","ping_status":"closed","sticky":false,"template":"","format":"standard","meta":[],"categories":[1],"tags":[],"_links":{"self":[{"href":"https:\/\/calatorinromania.com\/index.php?rest_route=\/wp\/v2\/posts\/38585"}],"collection":[{"href":"https:\/\/calatorinromania.com\/index.php?rest_route=\/wp\/v2\/posts"}],"about":[{"href":"https:\/\/calatorinromania.com\/index.php?rest_route=\/wp\/v2\/types\/post"}],"author":[{"embeddable":true,"href":"https:\/\/calatorinromania.com\/index.php?rest_route=\/wp\/v2\/users\/1"}],"replies":[{"embeddable":true,"href":"https:\/\/calatorinromania.com\/index.php?rest_route=%2Fwp%2Fv2%2Fcomments&post=38585"}],"version-history":[{"count":1,"href":"https:\/\/calatorinromania.com\/index.php?rest_route=\/wp\/v2\/posts\/38585\/revisions"}],"predecessor-version":[{"id":38586,"href":"https:\/\/calatorinromania.com\/index.php?rest_route=\/wp\/v2\/posts\/38585\/revisions\/38586"}],"wp:featuredmedia":[{"embeddable":true,"href":"https:\/\/calatorinromania.com\/index.php?rest_route=\/wp\/v2\/media\/38467"}],"wp:attachment":[{"href":"https:\/\/calatorinromania.com\/index.php?rest_route=%2Fwp%2Fv2%2Fmedia&parent=38585"}],"wp:term":[{"taxonomy":"category","embeddable":true,"href":"https:\/\/calatorinromania.com\/index.php?rest_route=%2Fwp%2Fv2%2Fcategories&post=38585"},{"taxonomy":"post_tag","embeddable":true,"href":"https:\/\/calatorinromania.com\/index.php?rest_route=%2Fwp%2Fv2%2Ftags&post=38585"}],"curies":[{"name":"wp","href":"https:\/\/api.w.org\/{rel}","templated":true}]}}