{"id":38576,"date":"2025-04-17T06:40:47","date_gmt":"2025-04-17T06:40:47","guid":{"rendered":"https:\/\/calatorinromania.com\/?p=38576"},"modified":"2025-04-17T06:40:47","modified_gmt":"2025-04-17T06:40:47","slug":"checul-de-casa-cel-mai-pufos-si-aromat-fara-oua-fara-batai-de-cap","status":"publish","type":"post","link":"https:\/\/calatorinromania.com\/?p=38576","title":{"rendered":"Checul de Cas\u0103 Cel Mai Pufos \u0219i Aromat \u2013 F\u0103r\u0103 Ou\u0103, F\u0103r\u0103 B\u0103t\u0103i de Cap!"},"content":{"rendered":"\n<p>Un desert simplu \u0219i irezistibil, cu <strong>interior fraged<\/strong>, <strong>gust bogat de cacao \u0219i fructe<\/strong> \ud83c\udf6b\ud83c\udf52 \u0219i o textur\u0103 care se tope\u0219te \u00een gur\u0103! Perfect pentru post, musafiri sau o zi obi\u0219nuit\u0103 cu poft\u0103 de ceva bun \ud83d\ude0d<\/p>\n\n\n\n<p><\/p>\n\n\n\n<h3>\ud83d\udcdd Ingrediente:<\/h3>\n\n\n\n<p><\/p>\n\n\n\n<ul>\n<li>2 c\u0103ni f\u0103in\u0103 alb\u0103<\/li>\n\n\n\n<li>1 can\u0103 ap\u0103 mineral\u0103 (pentru un chec super aerat \ud83d\udca8)<\/li>\n\n\n\n<li>1 can\u0103 zah\u0103r<\/li>\n\n\n\n<li>\u00bd can\u0103 ulei<\/li>\n\n\n\n<li>1 plicule\u021b praf de copt (10 g)<\/li>\n\n\n\n<li>2 linguri cacao<\/li>\n\n\n\n<li>2 linguri gem de fructe (prun\u0103, vi\u0219ine, c\u0103p\u0219uni \u2013 cum \u00ee\u021bi place!)<\/li>\n\n\n\n<li>Esen\u021b\u0103 de vanilie<\/li>\n\n\n\n<li>Coaj\u0103 ras\u0103 de l\u0103m\u00e2ie \ud83c\udf4b<\/li>\n\n\n\n<li>Esen\u021b\u0103 de l\u0103m\u00e2ie sau aroma preferat\u0103 (rom, migdale, portocal\u0103 etc)<\/li>\n<\/ul>\n\n\n\n<p><\/p>\n\n\n\n<h3>\ud83d\udc69\u200d\ud83c\udf73 Mod de preparare:<\/h3>\n\n\n\n<p><\/p>\n\n\n\n<p><strong>1\ufe0f\u20e3 Amestec\u0103 ingredientele umede<\/strong><br>\u00centr-un bol \u00eenc\u0103p\u0103tor, combin\u0103:<br>\ud83d\udc49 uleiul, apa mineral\u0103, zah\u0103rul, esen\u021bele \u0219i coaja de l\u0103m\u00e2ie.<br>Amestec\u0103 p\u00e2n\u0103 se tope\u0219te zah\u0103rul \u0219i ob\u021bii un lichid aromat.<\/p>\n\n\n\n<p><\/p>\n\n\n\n<p><\/p>\n\n\n\n<p><strong>2\ufe0f\u20e3 Adaug\u0103 ingredientele uscate<\/strong><br>Cerne f\u0103ina cu praful de copt, apoi \u00eencorporeaz\u0103-le treptat \u00een amestecul lichid. Omogenizeaz\u0103 bine.<\/p>\n\n\n\n<p><\/p>\n\n\n\n<p><\/p>\n\n\n\n<p><strong>3\ufe0f\u20e3 Creeaz\u0103 cele dou\u0103 straturi<\/strong><br>\u00cemparte compozi\u021bia \u00een dou\u0103:<br>\u2013 \u00cen prima parte, las\u0103 aluatul alb.<br>\u2013 \u00cen cealalt\u0103, adaug\u0103 <strong>cacao<\/strong> \u0219i <strong>gemul<\/strong> \u2192 va deveni delicios de ciocol\u0103tos \u0219i u\u0219or fructat \ud83d\ude0b<\/p>\n\n\n\n<p><\/p>\n\n\n\n<p><\/p>\n\n\n\n<p><strong>4\ufe0f\u20e3 Asambleaz\u0103 checul<\/strong><br>Tapeteaz\u0103 o tav\u0103 cu h\u00e2rtie de copt. Toarn\u0103 alternativ cele dou\u0103 compozi\u021bii, apoi treci cu o scobitoare prin aluat pentru un efect marmorat frumos \ud83c\udfa8<\/p>\n\n\n\n<p><\/p>\n\n\n\n<p><\/p>\n\n\n\n<p><strong>5\ufe0f\u20e3 Coace cu grij\u0103<\/strong><br>\ud83d\udd38 Pre\u00eenc\u0103lze\u0219te cuptorul la 170\u00b0C.<br>\ud83d\udd38 Coace 35\u201340 de minute (verific\u0103 cu scobitoarea).<br>\ud83d\udd38 Las\u0103 checul s\u0103 se r\u0103ceasc\u0103 complet \u00eenainte s\u0103-l tai.<\/p>\n\n\n\n<p><\/p>\n\n\n\n<p><\/p>\n\n\n\n<p><strong>6\ufe0f\u20e3 Final touch<\/strong><br>Presar\u0103 zah\u0103r pudr\u0103, decoreaz\u0103 cu ciocolat\u0103 ras\u0103 sau glazur\u0103 topit\u0103 \u2013 cum \u00ee\u021bi place mai mult \ud83c\udf6b\u2744\ufe0f<\/p>\n\n\n\n<p><\/p>\n\n\n\n<p><\/p>\n\n\n\n<h3>\ud83d\udca1 Tips:<\/h3>\n\n\n\n<p>\u2705 Adaug\u0103 nuci, alune sau stafide dac\u0103 vrei extra textur\u0103<br>\u2705 Re\u021beta e ideal\u0103 \u0219i pentru post sau vegani \u2013 nu con\u021bine ou\u0103 sau lactate!<br>\u2705 Se p\u0103streaz\u0103 moale \u0219i fraged \u0219i a doua zi (dac\u0103 mai r\u0103m\u00e2ne \ud83d\ude05)<\/p>\n\n\n\n<p><\/p>\n\n\n\n<p>\ud83d\udccc <em>Salveaz\u0103 re\u021beta \u0219i preg\u0103te\u0219te cel mai simplu \u0219i pufos chec la tine acas\u0103! Perfect pentru orice moment dulce din zi.<\/em> \ud83d\udc9b<\/p>\n","protected":false},"excerpt":{"rendered":"<p>Un desert simplu \u0219i irezistibil, cu interior fraged, gust bogat de cacao \u0219i fructe \ud83c\udf6b\ud83c\udf52 \u0219i o textur\u0103 care se tope\u0219te \u00een gur\u0103! Perfect pentru<\/p>\n","protected":false},"author":1,"featured_media":38577,"comment_status":"closed","ping_status":"closed","sticky":false,"template":"","format":"standard","meta":[],"categories":[1],"tags":[],"_links":{"self":[{"href":"https:\/\/calatorinromania.com\/index.php?rest_route=\/wp\/v2\/posts\/38576"}],"collection":[{"href":"https:\/\/calatorinromania.com\/index.php?rest_route=\/wp\/v2\/posts"}],"about":[{"href":"https:\/\/calatorinromania.com\/index.php?rest_route=\/wp\/v2\/types\/post"}],"author":[{"embeddable":true,"href":"https:\/\/calatorinromania.com\/index.php?rest_route=\/wp\/v2\/users\/1"}],"replies":[{"embeddable":true,"href":"https:\/\/calatorinromania.com\/index.php?rest_route=%2Fwp%2Fv2%2Fcomments&post=38576"}],"version-history":[{"count":1,"href":"https:\/\/calatorinromania.com\/index.php?rest_route=\/wp\/v2\/posts\/38576\/revisions"}],"predecessor-version":[{"id":38578,"href":"https:\/\/calatorinromania.com\/index.php?rest_route=\/wp\/v2\/posts\/38576\/revisions\/38578"}],"wp:featuredmedia":[{"embeddable":true,"href":"https:\/\/calatorinromania.com\/index.php?rest_route=\/wp\/v2\/media\/38577"}],"wp:attachment":[{"href":"https:\/\/calatorinromania.com\/index.php?rest_route=%2Fwp%2Fv2%2Fmedia&parent=38576"}],"wp:term":[{"taxonomy":"category","embeddable":true,"href":"https:\/\/calatorinromania.com\/index.php?rest_route=%2Fwp%2Fv2%2Fcategories&post=38576"},{"taxonomy":"post_tag","embeddable":true,"href":"https:\/\/calatorinromania.com\/index.php?rest_route=%2Fwp%2Fv2%2Ftags&post=38576"}],"curies":[{"name":"wp","href":"https:\/\/api.w.org\/{rel}","templated":true}]}}